{"id":12196,"date":"2023-10-25T09:49:44","date_gmt":"2023-10-25T09:49:44","guid":{"rendered":"https:\/\/www.galerijamaticesrpske.rs\/?p=12196"},"modified":"2023-10-25T09:49:44","modified_gmt":"2023-10-25T09:49:44","slug":"alegorija-slikanog-stakla","status":"publish","type":"post","link":"http:\/\/www.galerijamaticesrpske.rs\/lat\/u-fokusu-gms\/alegorija-slikanog-stakla\/","title":{"rendered":"Alegorija slikanog stakla"},"content":{"rendered":"<p>Ove godine, Galerija Matice srpske nakon obele\u017eavanja velikog jubileja, u 176. godini postojanja potvr\u0111uje kontinuitet trajanja na liniji tradicionalnog i modernog, prire\u0111ivanjem monumentalne izlo\u017ebe nedovoljno poznatog umetnika, renesansnog kvaliteta i zamaha, Vase Pomori\u0161ca, poslednjeg Mati\u010dinog stipendiste koji se u domenu vizuelnog ostvario u vi\u0161e razli\u010ditih medija.<br \/>\nPored velikog broja slika, freski, crte\u017ea, studija, skica, ilustracija, u okviru realizacije izlo\u017ebe nastalo je novo umetni\u010dko delo na osnovu nacrta za vitra\u017e koji je osmi\u0161ljen 1932. godine za hol zgrade Aero kluba u Beogradu koji tada nije izra\u0111en. Vi\u0111en i potom naslovljen od strane kustosa izlo\u017ebe Jelene Ognjanovi\u0107 kao <em>Alegorija vazduhoplovstva<\/em> zauzima centralno mesto na izlo\u017ebi. Srodnu ovoj ideji, u holu zgrade Aero kluba, danas mo\u017eemo videti vanrednu stakloslikariju, kompoziciju u znaku mitolo\u0161ke dvojake pri\u010de o ocu i sinu izbeglim sa ostrva Krita, pod nazivom <em>Dedal i Ikar<\/em>.<\/p>\n<p>Ovo delo, uz novostvoreno predstavljeno na izlo\u017ebi, simboli\u0161e slavu \u010dovekove \u017eudnje za letenjem izvedenu u bojenom staklu, \u010diji krvotok crte\u017ea i slike gradi mre\u017ea olovnih niti izvu\u010denih na posebno konstruisanoj ma\u0161ini u Ateljeu \u201eStani\u0161i\u0107 1908\u201c iz Sombora. Prikaz pilota i Ikara, trebalo je da dopunjuje slo\u017eeni stvarala\u010dki doprinos Vase Pomori\u0161ca, prvog vitra\u017eiste na teritoriji Kraljevine Jugoslavije, koji je na akademskim studijama u Londonu izu\u010davao tehniku vitra\u017ea kada je i nagra\u0111en 1923. godine za sliku na staklu <em>Sveti \u0110or\u0111e ubija a\u017edaju<\/em>. Na izlo\u017ebi je prikazan i vitra\u017e <em>Parisov sud<\/em>, koji nas podse\u0107a na vitra\u017ee izra\u0111ene za privatne prostore naru\u010dilaca u prizvuku nekoliko sli\u010dnih koji su nestali u ratnim razaranjima poput <em>Vestalke<\/em> iz Umetni\u010dkog paviljona \u201eCvijeta Zuzori\u0107\u201c.<br \/>\nUpu\u0107uje nas i na posleratni razvoj i izvedbe socrealisti\u010dkih vitra\u017ea za razli\u010dite potrebe koji zatvaraju mnogostruki krug, od religiozne slike, preko mitolo\u0161kih i alegorijskih ostvarenja. Kao inicijator uspostavljanja vitra\u017ene tehnike u srpskoj umetnosti u programu Zografa, Pomori\u0161ac pominje ovu tehniku kao poznatu u umetnosti srpskog srednjovekovlja. Izu\u010davaoci njegovog dela, nisu se slo\u017eili sa ovom tvrdnjom, imaju\u0107i u vidu otklon Srpske pravoslavne crkve prema ovoj tehnici smatraju\u0107i je goti\u010dkim produktom katoli\u010dke crkve, iako postoji jedan mali primerak iz manastira Studenice koji to pobija \u2013 kako isti\u010de istori\u010dar umetnosti Luka Vuki\u0107evi\u0107. Izvorno podignut na poukama o crkvenom slikarstvu koje je dobio od Stevana Aleksi\u0107a u rodnom Modo\u0161u, Vasa Pomori\u0161ac, pod sna\u017enim uticajem \u0161kolovanja na akademijama u Minhenu i Londonu, svojim osobenim delovanjem upu\u0107uje na nacionalnu tradiciju kopiraju\u0107i srpske srednjovekovne freske i ilustruju\u0107i srpsku epsku poeziju, izme\u0161ten od modernisti\u010dkih pojava aktuelnih u prvoj polovini XX veka.<\/p>\n<p>Za umetnika polifone zvu\u010dnosti i izuzetnog senzibiliteta, sposobnog da se izrazi u brojnim slikarskim tehnikama, vitra\u017e je bio jedan od na\u010dina da usavr\u0161i sopstvenu zanatsku tehniku crte\u017ea kao osnovu za nastanak umetni\u010dkog dela, mnogo vi\u0161e od utilitarnog karaktera primenjene umetnosti. U duhu zastupanja estetike prerafaelita D\u017eona Raskina, koji je isticao o\u010duvanje zanatske tehnike u umetni\u010dkom smislu, Vasa Pomori\u0161ac ve\u0161to povezuje nesklad izme\u0111u industrijskog progresa i zanatske utemeljenosti kada na nacrtu za vitra\u017e Alegorija vazduhoplovstva predstavlja Ikara pod Suncem, sa visoko uzdignutim rukama i krilima kako se uzvisuje nad pilotom koji obema nogama pritiska horizontalu pejza\u017ea. Naknadni umetni\u010dki projekat nastao je bez autora Pomori\u0161ca, koji je mnogo vi\u0161e nego drugi umetnici, sam islikavao staklene povr\u0161ine kao pojedina\u010dne komade svetlosnog mozaika.<br \/>\nPosebno je va\u017eno napomenuti da izbor Ateljea \u201eStani\u0161i\u0107 1908\u201c iz Sombora za izradu vitra\u017ea <em>Alegorija vazduhoplovstva<\/em> nije nimalo slu\u010dajan. Posve ciljano i u skladu sa istorijskim \u010dinjenicama koje govore da su Stevan Stani\u0161i\u0107 i Vasa Pomori\u0161ac bili bliski saradnici i prijatelji (o \u010demu danas svedo\u010de \u010detiri portreta \u010dlanova ove porodice koje je uradio Pomori\u0161ac), nastojali smo da porud\u017ebinom nove akvizicije za zbirku Galerije o\u017eivimo nekada\u0161nju stvarala\u010dku vezu ljudi koji su nakon Drugog Svetskog rata podu\u010davali mlade tajnama vitra\u017ea na Akademiji primenjenih umetnosti u Beogradu. Zajedno su ostvarili veliki broj vitra\u017ea u tada\u0161njoj Jugoslaviji i inostranstvu, sredinom XX veka upravo zahvaljuju\u0107i jedinoj radionici za proizvodnju stakla u Somboru koju je osnovao 1908. godine Stevanov otac Milan kao \u201eprvu jugoslovensku bojadisaonu na staklu i porcelanu\u201c. Svestan ograni\u010denja i nedostupnosti materijala koji mu je bio potreban za rad, Vasa Pomori\u0161ac je tokom rada na vitra\u017eima za hotel Metropol izjavio \u201ekako kada taj posao okon\u010da ne\u0107e imati priliku da posao na vitra\u017eima nastavi, jer stakla vi\u0161e ne\u0107e biti, \u010dak ni kod Stani\u0161i\u0107a\u201c.<br \/>\nSre\u0107om, kontinuitet trajanja Ateljea \u201eStani\u0161i\u0107 1908\u201c pokazao se kao rezulat realne potrebe i istrajnosti naslednika i danas u XXI veku, kada je pod rukovodstvom Aleksandre Stani\u0161i\u0107 izveden vitra\u017e Alegorija vazduhoplovstva, dimenzija 300 h 74 cm (zanatske i slikarske poslove maestralno su izvele Tatjana Lovri\u0107 i Tatjana Dimitrijevi\u0107). Izlo\u017een u Galeriji Matice srpske u sali \u201eSave Tekelije\u201c u posebno konstruisanoj svetlosnoj ni\u0161i ovalnog zavr\u0161etka vitra\u017e \u0107e publici pru\u017eiti nesvakida\u0161nji vizuelni do\u017eivljaj u kombinaciji bojenog stakla, svetla i Pomori\u0161\u010devog crte\u017ea kao klju\u010dnog trojstva za razumevanje umetnosti svetskog genija rodom iz Modo\u0161a u Banatu, svestranog Vase Pomori\u0161ca.<\/p>\n<p>&nbsp;<\/p>\n<p style=\"text-align: right;\">Mr Danilo Vuksanovi\u0107, vi\u0161i konzervator i pomo\u0107nik upravnika GMS<br \/>\n<em>Tekst je objavljen u Kulturnom dodatku lista Dnevnik<\/em><\/p>\n","protected":false},"excerpt":{"rendered":"<p>Ove godine, Galerija Matice srpske nakon obele\u017eavanja velikog jubileja, u 176. godini postojanja potvr\u0111uje kontinuitet trajanja na liniji tradicionalnog i modernog, prire\u0111ivanjem monumentalne izlo\u017ebe nedovoljno poznatog umetnika, renesansnog kvaliteta i zamaha, Vase Pomori\u0161ca, poslednjeg Mati\u010dinog stipendiste koji se u domenu vizuelnog ostvario u vi\u0161e razli\u010ditih medija. Pored velikog broja slika, freski, crte\u017ea, studija, skica, ilustracija,<\/p>\n","protected":false},"author":2,"featured_media":12194,"comment_status":"closed","ping_status":"closed","sticky":false,"template":"","format":"standard","meta":{"_acf_changed":false,"footnotes":""},"categories":[95],"tags":[],"class_list":["post-12196","post","type-post","status-publish","format-standard","has-post-thumbnail","hentry","category-u-fokusu-gms"],"acf":[],"yoast_head":"<!-- This site is optimized with the Yoast SEO plugin v27.3 - https:\/\/yoast.com\/product\/yoast-seo-wordpress\/ -->\n<title>Alegorija slikanog stakla | Galerija Matice srpske<\/title>\n<meta name=\"description\" content=\"Ove godine, Galerija Matice srpske nakon obele\u017eavanja velikog jubileja, u 176. godini postojanja potvr\u0111uje kontinuitet trajanja na liniji tradicionalnog i modernog, prire\u0111ivanjem monumentalne izlo\u017ebe nedovoljno poznatog umetnika, renesansnog kvaliteta i zamaha, Vase Pomori\u0161ca, poslednjeg Mati\u010dinog stipendiste koji se u domenu vizuelnog ostvario u vi\u0161e razli\u010ditih medija.\" \/>\n<meta name=\"robots\" content=\"index, follow, max-snippet:-1, max-image-preview:large, max-video-preview:-1\" \/>\n<link rel=\"canonical\" href=\"https:\/\/www.galerijamaticesrpske.rs\/lat\/u-fokusu-gms\/alegorija-slikanog-stakla\/\" \/>\n<meta property=\"og:locale\" content=\"en_US\" \/>\n<meta property=\"og:type\" content=\"article\" \/>\n<meta property=\"og:title\" content=\"Alegorija slikanog stakla | Galerija Matice srpske\" \/>\n<meta property=\"og:description\" content=\"Ove godine, Galerija Matice srpske nakon obele\u017eavanja velikog jubileja, u 176. godini postojanja potvr\u0111uje kontinuitet trajanja na liniji tradicionalnog i modernog, prire\u0111ivanjem monumentalne izlo\u017ebe nedovoljno poznatog umetnika, renesansnog kvaliteta i zamaha, Vase Pomori\u0161ca, poslednjeg Mati\u010dinog stipendiste koji se u domenu vizuelnog ostvario u vi\u0161e razli\u010ditih medija.\" \/>\n<meta property=\"og:url\" content=\"https:\/\/www.galerijamaticesrpske.rs\/lat\/u-fokusu-gms\/alegorija-slikanog-stakla\/\" \/>\n<meta property=\"og:site_name\" content=\"Galerija Matice srpske\" \/>\n<meta property=\"article:published_time\" content=\"2023-10-25T09:49:44+00:00\" \/>\n<meta property=\"og:image\" content=\"https:\/\/www.galerijamaticesrpske.rs\/wp-content\/uploads\/2023\/10\/z72_0714-scaled.jpg\" \/>\n\t<meta property=\"og:image:width\" content=\"737\" \/>\n\t<meta property=\"og:image:height\" content=\"2560\" \/>\n\t<meta property=\"og:image:type\" content=\"image\/jpeg\" \/>\n<meta name=\"author\" content=\"Jelena GMS\" \/>\n<meta name=\"twitter:card\" content=\"summary_large_image\" \/>\n<meta name=\"twitter:label1\" content=\"Written by\" \/>\n\t<meta name=\"twitter:data1\" content=\"Jelena GMS\" \/>\n\t<meta name=\"twitter:label2\" content=\"Est. reading time\" \/>\n\t<meta name=\"twitter:data2\" content=\"5 minutes\" \/>\n<script type=\"application\/ld+json\" class=\"yoast-schema-graph\">{\"@context\":\"https:\\\/\\\/schema.org\",\"@graph\":[{\"@type\":\"Article\",\"@id\":\"https:\\\/\\\/www.galerijamaticesrpske.rs\\\/lat\\\/u-fokusu-gms\\\/alegorija-slikanog-stakla\\\/#article\",\"isPartOf\":{\"@id\":\"https:\\\/\\\/www.galerijamaticesrpske.rs\\\/lat\\\/u-fokusu-gms\\\/alegorija-slikanog-stakla\\\/\"},\"author\":{\"name\":\"Jelena GMS\",\"@id\":\"https:\\\/\\\/www.galerijamaticesrpske.rs\\\/#\\\/schema\\\/person\\\/cd7cf801d7fcb10a165f8407e502944b\"},\"headline\":\"Alegorija slikanog stakla\",\"datePublished\":\"2023-10-25T09:49:44+00:00\",\"mainEntityOfPage\":{\"@id\":\"https:\\\/\\\/www.galerijamaticesrpske.rs\\\/lat\\\/u-fokusu-gms\\\/alegorija-slikanog-stakla\\\/\"},\"wordCount\":913,\"publisher\":{\"@id\":\"https:\\\/\\\/www.galerijamaticesrpske.rs\\\/#organization\"},\"image\":{\"@id\":\"https:\\\/\\\/www.galerijamaticesrpske.rs\\\/lat\\\/u-fokusu-gms\\\/alegorija-slikanog-stakla\\\/#primaryimage\"},\"thumbnailUrl\":\"http:\\\/\\\/www.galerijamaticesrpske.rs\\\/wp-content\\\/uploads\\\/2023\\\/10\\\/z72_0714-scaled.jpg\",\"articleSection\":[\"U fokusu\"],\"inLanguage\":\"sr-LAT\"},{\"@type\":\"WebPage\",\"@id\":\"https:\\\/\\\/www.galerijamaticesrpske.rs\\\/lat\\\/u-fokusu-gms\\\/alegorija-slikanog-stakla\\\/\",\"url\":\"https:\\\/\\\/www.galerijamaticesrpske.rs\\\/lat\\\/u-fokusu-gms\\\/alegorija-slikanog-stakla\\\/\",\"name\":\"Alegorija slikanog stakla | Galerija Matice srpske\",\"isPartOf\":{\"@id\":\"https:\\\/\\\/www.galerijamaticesrpske.rs\\\/#website\"},\"primaryImageOfPage\":{\"@id\":\"https:\\\/\\\/www.galerijamaticesrpske.rs\\\/lat\\\/u-fokusu-gms\\\/alegorija-slikanog-stakla\\\/#primaryimage\"},\"image\":{\"@id\":\"https:\\\/\\\/www.galerijamaticesrpske.rs\\\/lat\\\/u-fokusu-gms\\\/alegorija-slikanog-stakla\\\/#primaryimage\"},\"thumbnailUrl\":\"http:\\\/\\\/www.galerijamaticesrpske.rs\\\/wp-content\\\/uploads\\\/2023\\\/10\\\/z72_0714-scaled.jpg\",\"datePublished\":\"2023-10-25T09:49:44+00:00\",\"description\":\"Ove godine, Galerija Matice srpske nakon obele\u017eavanja velikog jubileja, u 176. godini postojanja potvr\u0111uje kontinuitet trajanja na liniji tradicionalnog i modernog, prire\u0111ivanjem monumentalne izlo\u017ebe nedovoljno poznatog umetnika, renesansnog kvaliteta i zamaha, Vase Pomori\u0161ca, poslednjeg Mati\u010dinog stipendiste koji se u domenu vizuelnog ostvario u vi\u0161e razli\u010ditih medija.\",\"breadcrumb\":{\"@id\":\"https:\\\/\\\/www.galerijamaticesrpske.rs\\\/lat\\\/u-fokusu-gms\\\/alegorija-slikanog-stakla\\\/#breadcrumb\"},\"inLanguage\":\"sr-LAT\",\"potentialAction\":[{\"@type\":\"ReadAction\",\"target\":[\"https:\\\/\\\/www.galerijamaticesrpske.rs\\\/lat\\\/u-fokusu-gms\\\/alegorija-slikanog-stakla\\\/\"]}]},{\"@type\":\"ImageObject\",\"inLanguage\":\"sr-LAT\",\"@id\":\"https:\\\/\\\/www.galerijamaticesrpske.rs\\\/lat\\\/u-fokusu-gms\\\/alegorija-slikanog-stakla\\\/#primaryimage\",\"url\":\"http:\\\/\\\/www.galerijamaticesrpske.rs\\\/wp-content\\\/uploads\\\/2023\\\/10\\\/z72_0714-scaled.jpg\",\"contentUrl\":\"http:\\\/\\\/www.galerijamaticesrpske.rs\\\/wp-content\\\/uploads\\\/2023\\\/10\\\/z72_0714-scaled.jpg\",\"width\":737,\"height\":2560},{\"@type\":\"BreadcrumbList\",\"@id\":\"https:\\\/\\\/www.galerijamaticesrpske.rs\\\/lat\\\/u-fokusu-gms\\\/alegorija-slikanog-stakla\\\/#breadcrumb\",\"itemListElement\":[{\"@type\":\"ListItem\",\"position\":1,\"name\":\"\u041f\u043e\u0447\u0435\u0442\u043d\u0430\",\"item\":\"http:\\\/\\\/www.galerijamaticesrpske.rs\\\/lat\\\/\"},{\"@type\":\"ListItem\",\"position\":2,\"name\":\"Alegorija slikanog stakla\"}]},{\"@type\":\"WebSite\",\"@id\":\"https:\\\/\\\/www.galerijamaticesrpske.rs\\\/#website\",\"url\":\"https:\\\/\\\/www.galerijamaticesrpske.rs\\\/\",\"name\":\"Galerija Matice srpske\",\"description\":\"Muzej srpske nacionalne umetnosti u Novom Sadu\",\"publisher\":{\"@id\":\"https:\\\/\\\/www.galerijamaticesrpske.rs\\\/#organization\"},\"potentialAction\":[{\"@type\":\"SearchAction\",\"target\":{\"@type\":\"EntryPoint\",\"urlTemplate\":\"https:\\\/\\\/www.galerijamaticesrpske.rs\\\/?s={search_term_string}\"},\"query-input\":{\"@type\":\"PropertyValueSpecification\",\"valueRequired\":true,\"valueName\":\"search_term_string\"}}],\"inLanguage\":\"sr-LAT\"},{\"@type\":\"Organization\",\"@id\":\"https:\\\/\\\/www.galerijamaticesrpske.rs\\\/#organization\",\"name\":\"Galerija Matice srpske\",\"url\":\"https:\\\/\\\/www.galerijamaticesrpske.rs\\\/\",\"logo\":{\"@type\":\"ImageObject\",\"inLanguage\":\"sr-LAT\",\"@id\":\"https:\\\/\\\/www.galerijamaticesrpske.rs\\\/#\\\/schema\\\/logo\\\/image\\\/\",\"url\":\"https:\\\/\\\/www.galerijamaticesrpske.rs\\\/wp-content\\\/uploads\\\/2021\\\/01\\\/gms-logo-za-sajt.svg\",\"contentUrl\":\"https:\\\/\\\/www.galerijamaticesrpske.rs\\\/wp-content\\\/uploads\\\/2021\\\/01\\\/gms-logo-za-sajt.svg\",\"width\":1,\"height\":1,\"caption\":\"Galerija Matice srpske\"},\"image\":{\"@id\":\"https:\\\/\\\/www.galerijamaticesrpske.rs\\\/#\\\/schema\\\/logo\\\/image\\\/\"}},{\"@type\":\"Person\",\"@id\":\"https:\\\/\\\/www.galerijamaticesrpske.rs\\\/#\\\/schema\\\/person\\\/cd7cf801d7fcb10a165f8407e502944b\",\"name\":\"Jelena GMS\",\"image\":{\"@type\":\"ImageObject\",\"inLanguage\":\"sr-LAT\",\"@id\":\"https:\\\/\\\/secure.gravatar.com\\\/avatar\\\/d97cc9c9ff00ecfcae2d4161f8d50f74465676163393192de390634ca0095b9d?s=96&d=mm&r=g\",\"url\":\"https:\\\/\\\/secure.gravatar.com\\\/avatar\\\/d97cc9c9ff00ecfcae2d4161f8d50f74465676163393192de390634ca0095b9d?s=96&d=mm&r=g\",\"contentUrl\":\"https:\\\/\\\/secure.gravatar.com\\\/avatar\\\/d97cc9c9ff00ecfcae2d4161f8d50f74465676163393192de390634ca0095b9d?s=96&d=mm&r=g\",\"caption\":\"Jelena GMS\"}}]}<\/script>\n<!-- \/ Yoast SEO plugin. -->","yoast_head_json":{"title":"Alegorija slikanog stakla | Galerija Matice srpske","description":"Ove godine, Galerija Matice srpske nakon obele\u017eavanja velikog jubileja, u 176. godini postojanja potvr\u0111uje kontinuitet trajanja na liniji tradicionalnog i modernog, prire\u0111ivanjem monumentalne izlo\u017ebe nedovoljno poznatog umetnika, renesansnog kvaliteta i zamaha, Vase Pomori\u0161ca, poslednjeg Mati\u010dinog stipendiste koji se u domenu vizuelnog ostvario u vi\u0161e razli\u010ditih medija.","robots":{"index":"index","follow":"follow","max-snippet":"max-snippet:-1","max-image-preview":"max-image-preview:large","max-video-preview":"max-video-preview:-1"},"canonical":"https:\/\/www.galerijamaticesrpske.rs\/lat\/u-fokusu-gms\/alegorija-slikanog-stakla\/","og_locale":"en_US","og_type":"article","og_title":"Alegorija slikanog stakla | Galerija Matice srpske","og_description":"Ove godine, Galerija Matice srpske nakon obele\u017eavanja velikog jubileja, u 176. godini postojanja potvr\u0111uje kontinuitet trajanja na liniji tradicionalnog i modernog, prire\u0111ivanjem monumentalne izlo\u017ebe nedovoljno poznatog umetnika, renesansnog kvaliteta i zamaha, Vase Pomori\u0161ca, poslednjeg Mati\u010dinog stipendiste koji se u domenu vizuelnog ostvario u vi\u0161e razli\u010ditih medija.","og_url":"https:\/\/www.galerijamaticesrpske.rs\/lat\/u-fokusu-gms\/alegorija-slikanog-stakla\/","og_site_name":"Galerija Matice srpske","article_published_time":"2023-10-25T09:49:44+00:00","og_image":[{"width":737,"height":2560,"url":"https:\/\/www.galerijamaticesrpske.rs\/wp-content\/uploads\/2023\/10\/z72_0714-scaled.jpg","type":"image\/jpeg"}],"author":"Jelena GMS","twitter_card":"summary_large_image","twitter_misc":{"Written by":"Jelena GMS","Est. reading time":"5 minutes"},"schema":{"@context":"https:\/\/schema.org","@graph":[{"@type":"Article","@id":"https:\/\/www.galerijamaticesrpske.rs\/lat\/u-fokusu-gms\/alegorija-slikanog-stakla\/#article","isPartOf":{"@id":"https:\/\/www.galerijamaticesrpske.rs\/lat\/u-fokusu-gms\/alegorija-slikanog-stakla\/"},"author":{"name":"Jelena GMS","@id":"https:\/\/www.galerijamaticesrpske.rs\/#\/schema\/person\/cd7cf801d7fcb10a165f8407e502944b"},"headline":"Alegorija slikanog stakla","datePublished":"2023-10-25T09:49:44+00:00","mainEntityOfPage":{"@id":"https:\/\/www.galerijamaticesrpske.rs\/lat\/u-fokusu-gms\/alegorija-slikanog-stakla\/"},"wordCount":913,"publisher":{"@id":"https:\/\/www.galerijamaticesrpske.rs\/#organization"},"image":{"@id":"https:\/\/www.galerijamaticesrpske.rs\/lat\/u-fokusu-gms\/alegorija-slikanog-stakla\/#primaryimage"},"thumbnailUrl":"http:\/\/www.galerijamaticesrpske.rs\/wp-content\/uploads\/2023\/10\/z72_0714-scaled.jpg","articleSection":["U fokusu"],"inLanguage":"sr-LAT"},{"@type":"WebPage","@id":"https:\/\/www.galerijamaticesrpske.rs\/lat\/u-fokusu-gms\/alegorija-slikanog-stakla\/","url":"https:\/\/www.galerijamaticesrpske.rs\/lat\/u-fokusu-gms\/alegorija-slikanog-stakla\/","name":"Alegorija slikanog stakla | Galerija Matice srpske","isPartOf":{"@id":"https:\/\/www.galerijamaticesrpske.rs\/#website"},"primaryImageOfPage":{"@id":"https:\/\/www.galerijamaticesrpske.rs\/lat\/u-fokusu-gms\/alegorija-slikanog-stakla\/#primaryimage"},"image":{"@id":"https:\/\/www.galerijamaticesrpske.rs\/lat\/u-fokusu-gms\/alegorija-slikanog-stakla\/#primaryimage"},"thumbnailUrl":"http:\/\/www.galerijamaticesrpske.rs\/wp-content\/uploads\/2023\/10\/z72_0714-scaled.jpg","datePublished":"2023-10-25T09:49:44+00:00","description":"Ove godine, Galerija Matice srpske nakon obele\u017eavanja velikog jubileja, u 176. godini postojanja potvr\u0111uje kontinuitet trajanja na liniji tradicionalnog i modernog, prire\u0111ivanjem monumentalne izlo\u017ebe nedovoljno poznatog umetnika, renesansnog kvaliteta i zamaha, Vase Pomori\u0161ca, poslednjeg Mati\u010dinog stipendiste koji se u domenu vizuelnog ostvario u vi\u0161e razli\u010ditih medija.","breadcrumb":{"@id":"https:\/\/www.galerijamaticesrpske.rs\/lat\/u-fokusu-gms\/alegorija-slikanog-stakla\/#breadcrumb"},"inLanguage":"sr-LAT","potentialAction":[{"@type":"ReadAction","target":["https:\/\/www.galerijamaticesrpske.rs\/lat\/u-fokusu-gms\/alegorija-slikanog-stakla\/"]}]},{"@type":"ImageObject","inLanguage":"sr-LAT","@id":"https:\/\/www.galerijamaticesrpske.rs\/lat\/u-fokusu-gms\/alegorija-slikanog-stakla\/#primaryimage","url":"http:\/\/www.galerijamaticesrpske.rs\/wp-content\/uploads\/2023\/10\/z72_0714-scaled.jpg","contentUrl":"http:\/\/www.galerijamaticesrpske.rs\/wp-content\/uploads\/2023\/10\/z72_0714-scaled.jpg","width":737,"height":2560},{"@type":"BreadcrumbList","@id":"https:\/\/www.galerijamaticesrpske.rs\/lat\/u-fokusu-gms\/alegorija-slikanog-stakla\/#breadcrumb","itemListElement":[{"@type":"ListItem","position":1,"name":"\u041f\u043e\u0447\u0435\u0442\u043d\u0430","item":"http:\/\/www.galerijamaticesrpske.rs\/lat\/"},{"@type":"ListItem","position":2,"name":"Alegorija slikanog stakla"}]},{"@type":"WebSite","@id":"https:\/\/www.galerijamaticesrpske.rs\/#website","url":"https:\/\/www.galerijamaticesrpske.rs\/","name":"Galerija Matice srpske","description":"Muzej srpske nacionalne umetnosti u Novom Sadu","publisher":{"@id":"https:\/\/www.galerijamaticesrpske.rs\/#organization"},"potentialAction":[{"@type":"SearchAction","target":{"@type":"EntryPoint","urlTemplate":"https:\/\/www.galerijamaticesrpske.rs\/?s={search_term_string}"},"query-input":{"@type":"PropertyValueSpecification","valueRequired":true,"valueName":"search_term_string"}}],"inLanguage":"sr-LAT"},{"@type":"Organization","@id":"https:\/\/www.galerijamaticesrpske.rs\/#organization","name":"Galerija Matice srpske","url":"https:\/\/www.galerijamaticesrpske.rs\/","logo":{"@type":"ImageObject","inLanguage":"sr-LAT","@id":"https:\/\/www.galerijamaticesrpske.rs\/#\/schema\/logo\/image\/","url":"https:\/\/www.galerijamaticesrpske.rs\/wp-content\/uploads\/2021\/01\/gms-logo-za-sajt.svg","contentUrl":"https:\/\/www.galerijamaticesrpske.rs\/wp-content\/uploads\/2021\/01\/gms-logo-za-sajt.svg","width":1,"height":1,"caption":"Galerija Matice srpske"},"image":{"@id":"https:\/\/www.galerijamaticesrpske.rs\/#\/schema\/logo\/image\/"}},{"@type":"Person","@id":"https:\/\/www.galerijamaticesrpske.rs\/#\/schema\/person\/cd7cf801d7fcb10a165f8407e502944b","name":"Jelena GMS","image":{"@type":"ImageObject","inLanguage":"sr-LAT","@id":"https:\/\/secure.gravatar.com\/avatar\/d97cc9c9ff00ecfcae2d4161f8d50f74465676163393192de390634ca0095b9d?s=96&d=mm&r=g","url":"https:\/\/secure.gravatar.com\/avatar\/d97cc9c9ff00ecfcae2d4161f8d50f74465676163393192de390634ca0095b9d?s=96&d=mm&r=g","contentUrl":"https:\/\/secure.gravatar.com\/avatar\/d97cc9c9ff00ecfcae2d4161f8d50f74465676163393192de390634ca0095b9d?s=96&d=mm&r=g","caption":"Jelena GMS"}}]}},"_links":{"self":[{"href":"http:\/\/www.galerijamaticesrpske.rs\/lat\/wp-json\/wp\/v2\/posts\/12196","targetHints":{"allow":["GET"]}}],"collection":[{"href":"http:\/\/www.galerijamaticesrpske.rs\/lat\/wp-json\/wp\/v2\/posts"}],"about":[{"href":"http:\/\/www.galerijamaticesrpske.rs\/lat\/wp-json\/wp\/v2\/types\/post"}],"author":[{"embeddable":true,"href":"http:\/\/www.galerijamaticesrpske.rs\/lat\/wp-json\/wp\/v2\/users\/2"}],"replies":[{"embeddable":true,"href":"http:\/\/www.galerijamaticesrpske.rs\/lat\/wp-json\/wp\/v2\/comments?post=12196"}],"version-history":[{"count":1,"href":"http:\/\/www.galerijamaticesrpske.rs\/lat\/wp-json\/wp\/v2\/posts\/12196\/revisions"}],"predecessor-version":[{"id":12197,"href":"http:\/\/www.galerijamaticesrpske.rs\/lat\/wp-json\/wp\/v2\/posts\/12196\/revisions\/12197"}],"wp:featuredmedia":[{"embeddable":true,"href":"http:\/\/www.galerijamaticesrpske.rs\/lat\/wp-json\/wp\/v2\/media\/12194"}],"wp:attachment":[{"href":"http:\/\/www.galerijamaticesrpske.rs\/lat\/wp-json\/wp\/v2\/media?parent=12196"}],"wp:term":[{"taxonomy":"category","embeddable":true,"href":"http:\/\/www.galerijamaticesrpske.rs\/lat\/wp-json\/wp\/v2\/categories?post=12196"},{"taxonomy":"post_tag","embeddable":true,"href":"http:\/\/www.galerijamaticesrpske.rs\/lat\/wp-json\/wp\/v2\/tags?post=12196"}],"curies":[{"name":"wp","href":"https:\/\/api.w.org\/{rel}","templated":true}]}}