{"id":12337,"date":"2023-12-22T11:45:43","date_gmt":"2023-12-22T11:45:43","guid":{"rendered":"https:\/\/www.galerijamaticesrpske.rs\/?p=12337"},"modified":"2024-02-02T13:43:54","modified_gmt":"2024-02-02T13:43:54","slug":"ankica-opresnik-porodica-u-gradu-1956","status":"publish","type":"post","link":"http:\/\/www.galerijamaticesrpske.rs\/lat\/u-fokusu-gms\/ankica-opresnik-porodica-u-gradu-1956\/","title":{"rendered":"Ankica Opre\u0161nik, Porodica u gradu, 1956."},"content":{"rendered":"<p><em>Sve sre\u0107ne porodice li\u010de jedna na drugu, svaka nesre\u0107na porodica, nesre\u0107na je na svoj na\u010din.<\/em><\/p>\n<p>Lav Tolstoj<\/p>\n<p>Grafikom <em>Porodica u gradu<\/em> 1956. godine Ankica Opre\u0161nik izra\u017eava fini senzibilitet porodi\u010dne ljubavi. Na grafici, o\u0161trim linijama prikazani su otac, majka i dete. Otac i majka odeveni su u tirkizno-zelenu ode\u0107u, dok je figura deteta pozicionirana bli\u017ee majci. Pogled mu\u0161karca uperen je ka \u017eenskoj figuri, te prikaz \u010ditave porodice komunicira svojevrsnim intimizmom i suptilnom atmosferom. U pozadini se prikazuje grad kojim je porodica okru\u017eena. Na gradskom prikazu isti\u010de se drvo koje se nalazi bli\u017ee porodi\u010dnoj sceni, dok sa leve strane kompozicije, krajnje neupadljivo nalazi se prikaz krsta \u0161to aludira na crkveni objekat.<\/p>\n<p>Iako krajnje idili\u010dna scena porodice, grafika ove umetnice odra\u017eava melanholiju i otu\u0111enost. Ukoliko uzmemo u obzir godinu nastanka grafike, mo\u017eemo primetiti atipi\u010dni motiv sakralnog objekta u pozadini. U skladu sa vladaju\u0107om ideologijom datog vremena, povezivanje homogene porodice sa crkvom nije svakodnevna. Specifi\u010dnost medija kakva je grafika otvara mogu\u0107nost interpretiranja samog dela. U posleratnoj umetnosti zapo\u010delo je udaljavanje od prikaza ustaljenih normativnih obrazaca tradicionalne kulture. Svaki prikaz, u ovom slu\u010daju porodica, nije imao za cilj da prenese neke od univerzalnih vrednosti kakvu je umetnost imala u pro\u0161losti. Poneseni li\u010dnim iskustvom, umetnici i umetnice koristili su svoje stvarala\u0161tvo za prenos li\u010dnog, intimnog i do\u017eivljenog iskustva. Porodica u ovom slu\u010daju mo\u017ee biti to \u2013 umetni\u010dki do\u017eivljaj svoje porodice, slika i prilika porodice u datom vremenu i prostoru ili pak model kom je svaka porodica te\u017eila i sa kojim se identifikovala.<\/p>\n<p>Ono \u0161to vidimo pred nama mo\u017ee predstavljati porodicu kakvu imamo, kakvu smo imali i kakvoj te\u017eimo. Mo\u017eemo ravnodu\u0161no posmatrati stati\u010dne figure koje predstavljaju uloge roditelja ili deteta. Sa druge strane, suptilnost linije i likovnog jezika mo\u017ee nam predstavljati stilizovanu sliku na\u0161e stvarnosti. Krajnji sud ostaje na vama \u2013 kako vi do\u017eivljavate <em>Porodicu u gradu<\/em>?<\/p>\n<p>&nbsp;<\/p>\n<p>O Ankici Opre\u0161nik i njenom radu<\/p>\n<p>Slikarka i grafi\u010darka Ankica Opre\u0161nik ro\u0111ena je u Vitezu, kraj Travnika 1919. godine. Svoje \u0161kolovanje zapo\u010dela je u predratnom Beogradu, u \u0161koli Mladena Josi\u0107a, da bi ga nastavila za vreme Drugog svetskog rata u Beogradu na Akademiji likovnih umetnosti. Pored Josi\u0107a, u\u010ditelji slikarstva su joj bili Marko \u010celebonovi\u0107, Ivan Tabakovi\u0107, Milo Milunovi\u0107 i Nedeljko Gvozdenovi\u0107. Nakon studija 1950. godine sa svojim suprugom slikarem Milanom Kercom seli se u Novi Sad.<\/p>\n<p>Godinu dana kasnije predaje kao profesor u \u0160koli za primenjene umetnosti u Novom Sadu. Nakon dominantnog socrealisti\u010dkog diskursa u umetnosti, Opre\u0161nik postavlja prve znake slobodnog umetni\u010dkog izraza koji utire put novoj modernosti. Kao \u010dlan Grafi\u010dkog kolektiva 50 imala je priliku da se upozna sa brojnim umetni\u010dkim tokovima tog vremena. Stoga, tokom svog umetni\u010dkog i pedago\u0161kog rada izlagala je na brojnim mestima u Evropi i svetu (Amsterdam, Peking, Oslo, Meksiko Siti, Krakov, Tokio, Rim, Brisel, Be\u010d, Va\u0161ington i brojni drugi). Sa Milanom Kercom i kolegama u \u010dijim redovima je izlagala, imala je priliku da stekne brojna poznanstva. Nasuprot tome, njen rad je istorijski bio u senci njenog supruga i njenih kolega. Kao \u0161kolovana slikarka, Ankica Opre\u0161nik od svojih po\u010detaka po\u010dinje da istra\u017euje mogu\u0107nosti koje u dato vreme nudi tehnika grafike \u010dije kapacitete Ankica koristi u istra\u017eivanju, \u0161to \u0107e ostaviti svojevrsnu autenti\u010dnost u njenom stvarala\u0161tvu.<\/p>\n<p>Predo\u010dene godine i intenzivno strujanje socijalizma uslovile su umetnike da ograni\u010de svoje stvarala\u0161tvo i povinuju se umetni\u010dkim poetikama u granicama vladaju\u0107e ideologije. Tokom pedesetih godina i u posleratnom periodu, dolazi do naglog procvata grafike. Ona postaje nezavisna od njene dotada\u0161nje funkcije i namene i osloba\u0111a se uske vezanosti za slikarstvo. Ankica se u svom radu jasno dr\u017eala tradicionalnih motiva poput mrtve prirode, portreta, enterijera i pejza\u017ea. Plo\u0161ne pozadine njenih grafi\u010dkih radova izra\u017eene su idejama lirskog ekspresionizma, intimizma i poetskog realizma. U domenu grafike eksperimentalno upotrebljava boju, liniju i formu. Asocijativno definisanje forme slu\u017eilo je dijalogu izme\u0111u umetni\u010dkog dela i posmatra\u010da. Svako ko posmatra delo imao je priliku da u istom primeti ne\u0161to druga\u010dije, ne\u0161to li\u010dno, gde se izlaganjem pred umetni\u010dko delo produ\u017eavao i modifikovao efekat dela tj. grafike.<\/p>\n<p style=\"text-align: right;\"><strong>Goran Vujkov<\/strong>, muzejski edukator<\/p>\n","protected":false},"excerpt":{"rendered":"<p>Sve sre\u0107ne porodice li\u010de jedna na drugu, svaka nesre\u0107na porodica, nesre\u0107na je na svoj na\u010din. Lav Tolstoj Grafikom Porodica u gradu 1956. godine Ankica Opre\u0161nik izra\u017eava fini senzibilitet porodi\u010dne ljubavi. Na grafici, o\u0161trim linijama prikazani su otac, majka i dete. Otac i majka odeveni su u tirkizno-zelenu ode\u0107u, dok je figura deteta pozicionirana bli\u017ee majci.<\/p>\n","protected":false},"author":2,"featured_media":12335,"comment_status":"closed","ping_status":"closed","sticky":false,"template":"","format":"standard","meta":{"_acf_changed":false,"footnotes":""},"categories":[95],"tags":[],"class_list":["post-12337","post","type-post","status-publish","format-standard","has-post-thumbnail","hentry","category-u-fokusu-gms"],"acf":[],"yoast_head":"<!-- This site is optimized with the Yoast SEO plugin v27.3 - https:\/\/yoast.com\/product\/yoast-seo-wordpress\/ -->\n<title>Ankica Opre\u0161nik, Porodica u gradu, 1956. | Galerija Matice srpske<\/title>\n<meta name=\"description\" content=\"Uskoro novi tekst U fokusu i novi ambijent Sobe za prepu\u0161tanje umetnosti.\" \/>\n<meta name=\"robots\" content=\"index, follow, max-snippet:-1, max-image-preview:large, max-video-preview:-1\" \/>\n<link rel=\"canonical\" href=\"http:\/\/www.galerijamaticesrpske.rs\/lat\/u-fokusu-gms\/ankica-opresnik-porodica-u-gradu-1956\/\" \/>\n<meta property=\"og:locale\" content=\"en_US\" \/>\n<meta property=\"og:type\" content=\"article\" \/>\n<meta property=\"og:title\" content=\"Ankica Opre\u0161nik, Porodica u gradu, 1956. | Galerija Matice srpske\" \/>\n<meta property=\"og:description\" content=\"Uskoro novi tekst U fokusu i novi ambijent Sobe za prepu\u0161tanje umetnosti.\" \/>\n<meta property=\"og:url\" content=\"http:\/\/www.galerijamaticesrpske.rs\/lat\/u-fokusu-gms\/ankica-opresnik-porodica-u-gradu-1956\/\" \/>\n<meta property=\"og:site_name\" content=\"Galerija Matice srpske\" \/>\n<meta property=\"article:published_time\" content=\"2023-12-22T11:45:43+00:00\" \/>\n<meta property=\"article:modified_time\" content=\"2024-02-02T13:43:54+00:00\" \/>\n<meta property=\"og:image\" content=\"http:\/\/www.galerijamaticesrpske.rs\/wp-content\/uploads\/2023\/12\/gmsu1325-1024x871.jpg\" \/>\n\t<meta property=\"og:image:width\" content=\"1024\" \/>\n\t<meta property=\"og:image:height\" content=\"871\" \/>\n\t<meta property=\"og:image:type\" content=\"image\/jpeg\" \/>\n<meta name=\"author\" content=\"Jelena GMS\" \/>\n<meta name=\"twitter:card\" content=\"summary_large_image\" \/>\n<meta name=\"twitter:label1\" content=\"Written by\" \/>\n\t<meta name=\"twitter:data1\" content=\"Jelena GMS\" \/>\n\t<meta name=\"twitter:label2\" content=\"Est. reading time\" \/>\n\t<meta name=\"twitter:data2\" content=\"4 minutes\" \/>\n<script type=\"application\/ld+json\" class=\"yoast-schema-graph\">{\"@context\":\"https:\\\/\\\/schema.org\",\"@graph\":[{\"@type\":\"Article\",\"@id\":\"http:\\\/\\\/www.galerijamaticesrpske.rs\\\/lat\\\/u-fokusu-gms\\\/ankica-opresnik-porodica-u-gradu-1956\\\/#article\",\"isPartOf\":{\"@id\":\"http:\\\/\\\/www.galerijamaticesrpske.rs\\\/lat\\\/u-fokusu-gms\\\/ankica-opresnik-porodica-u-gradu-1956\\\/\"},\"author\":{\"name\":\"Jelena GMS\",\"@id\":\"https:\\\/\\\/www.galerijamaticesrpske.rs\\\/#\\\/schema\\\/person\\\/cd7cf801d7fcb10a165f8407e502944b\"},\"headline\":\"Ankica Opre\u0161nik, Porodica u gradu, 1956.\",\"datePublished\":\"2023-12-22T11:45:43+00:00\",\"dateModified\":\"2024-02-02T13:43:54+00:00\",\"mainEntityOfPage\":{\"@id\":\"http:\\\/\\\/www.galerijamaticesrpske.rs\\\/lat\\\/u-fokusu-gms\\\/ankica-opresnik-porodica-u-gradu-1956\\\/\"},\"wordCount\":742,\"publisher\":{\"@id\":\"https:\\\/\\\/www.galerijamaticesrpske.rs\\\/#organization\"},\"image\":{\"@id\":\"http:\\\/\\\/www.galerijamaticesrpske.rs\\\/lat\\\/u-fokusu-gms\\\/ankica-opresnik-porodica-u-gradu-1956\\\/#primaryimage\"},\"thumbnailUrl\":\"http:\\\/\\\/www.galerijamaticesrpske.rs\\\/wp-content\\\/uploads\\\/2023\\\/12\\\/gmsu1325.jpg\",\"articleSection\":[\"U fokusu\"],\"inLanguage\":\"sr-LAT\"},{\"@type\":\"WebPage\",\"@id\":\"http:\\\/\\\/www.galerijamaticesrpske.rs\\\/lat\\\/u-fokusu-gms\\\/ankica-opresnik-porodica-u-gradu-1956\\\/\",\"url\":\"http:\\\/\\\/www.galerijamaticesrpske.rs\\\/lat\\\/u-fokusu-gms\\\/ankica-opresnik-porodica-u-gradu-1956\\\/\",\"name\":\"Ankica Opre\u0161nik, Porodica u gradu, 1956. | Galerija Matice srpske\",\"isPartOf\":{\"@id\":\"https:\\\/\\\/www.galerijamaticesrpske.rs\\\/#website\"},\"primaryImageOfPage\":{\"@id\":\"http:\\\/\\\/www.galerijamaticesrpske.rs\\\/lat\\\/u-fokusu-gms\\\/ankica-opresnik-porodica-u-gradu-1956\\\/#primaryimage\"},\"image\":{\"@id\":\"http:\\\/\\\/www.galerijamaticesrpske.rs\\\/lat\\\/u-fokusu-gms\\\/ankica-opresnik-porodica-u-gradu-1956\\\/#primaryimage\"},\"thumbnailUrl\":\"http:\\\/\\\/www.galerijamaticesrpske.rs\\\/wp-content\\\/uploads\\\/2023\\\/12\\\/gmsu1325.jpg\",\"datePublished\":\"2023-12-22T11:45:43+00:00\",\"dateModified\":\"2024-02-02T13:43:54+00:00\",\"description\":\"Uskoro novi tekst U fokusu i novi ambijent Sobe za prepu\u0161tanje umetnosti.\",\"breadcrumb\":{\"@id\":\"http:\\\/\\\/www.galerijamaticesrpske.rs\\\/lat\\\/u-fokusu-gms\\\/ankica-opresnik-porodica-u-gradu-1956\\\/#breadcrumb\"},\"inLanguage\":\"sr-LAT\",\"potentialAction\":[{\"@type\":\"ReadAction\",\"target\":[\"http:\\\/\\\/www.galerijamaticesrpske.rs\\\/lat\\\/u-fokusu-gms\\\/ankica-opresnik-porodica-u-gradu-1956\\\/\"]}]},{\"@type\":\"ImageObject\",\"inLanguage\":\"sr-LAT\",\"@id\":\"http:\\\/\\\/www.galerijamaticesrpske.rs\\\/lat\\\/u-fokusu-gms\\\/ankica-opresnik-porodica-u-gradu-1956\\\/#primaryimage\",\"url\":\"http:\\\/\\\/www.galerijamaticesrpske.rs\\\/wp-content\\\/uploads\\\/2023\\\/12\\\/gmsu1325.jpg\",\"contentUrl\":\"http:\\\/\\\/www.galerijamaticesrpske.rs\\\/wp-content\\\/uploads\\\/2023\\\/12\\\/gmsu1325.jpg\",\"width\":2322,\"height\":1974},{\"@type\":\"BreadcrumbList\",\"@id\":\"http:\\\/\\\/www.galerijamaticesrpske.rs\\\/lat\\\/u-fokusu-gms\\\/ankica-opresnik-porodica-u-gradu-1956\\\/#breadcrumb\",\"itemListElement\":[{\"@type\":\"ListItem\",\"position\":1,\"name\":\"\u041f\u043e\u0447\u0435\u0442\u043d\u0430\",\"item\":\"http:\\\/\\\/www.galerijamaticesrpske.rs\\\/lat\\\/\"},{\"@type\":\"ListItem\",\"position\":2,\"name\":\"Ankica Opre\u0161nik, Porodica u gradu, 1956.\"}]},{\"@type\":\"WebSite\",\"@id\":\"https:\\\/\\\/www.galerijamaticesrpske.rs\\\/#website\",\"url\":\"https:\\\/\\\/www.galerijamaticesrpske.rs\\\/\",\"name\":\"Galerija Matice srpske\",\"description\":\"Muzej srpske nacionalne umetnosti u Novom Sadu\",\"publisher\":{\"@id\":\"https:\\\/\\\/www.galerijamaticesrpske.rs\\\/#organization\"},\"potentialAction\":[{\"@type\":\"SearchAction\",\"target\":{\"@type\":\"EntryPoint\",\"urlTemplate\":\"https:\\\/\\\/www.galerijamaticesrpske.rs\\\/?s={search_term_string}\"},\"query-input\":{\"@type\":\"PropertyValueSpecification\",\"valueRequired\":true,\"valueName\":\"search_term_string\"}}],\"inLanguage\":\"sr-LAT\"},{\"@type\":\"Organization\",\"@id\":\"https:\\\/\\\/www.galerijamaticesrpske.rs\\\/#organization\",\"name\":\"Galerija Matice srpske\",\"url\":\"https:\\\/\\\/www.galerijamaticesrpske.rs\\\/\",\"logo\":{\"@type\":\"ImageObject\",\"inLanguage\":\"sr-LAT\",\"@id\":\"https:\\\/\\\/www.galerijamaticesrpske.rs\\\/#\\\/schema\\\/logo\\\/image\\\/\",\"url\":\"https:\\\/\\\/www.galerijamaticesrpske.rs\\\/wp-content\\\/uploads\\\/2021\\\/01\\\/gms-logo-za-sajt.svg\",\"contentUrl\":\"https:\\\/\\\/www.galerijamaticesrpske.rs\\\/wp-content\\\/uploads\\\/2021\\\/01\\\/gms-logo-za-sajt.svg\",\"width\":1,\"height\":1,\"caption\":\"Galerija Matice srpske\"},\"image\":{\"@id\":\"https:\\\/\\\/www.galerijamaticesrpske.rs\\\/#\\\/schema\\\/logo\\\/image\\\/\"}},{\"@type\":\"Person\",\"@id\":\"https:\\\/\\\/www.galerijamaticesrpske.rs\\\/#\\\/schema\\\/person\\\/cd7cf801d7fcb10a165f8407e502944b\",\"name\":\"Jelena GMS\",\"image\":{\"@type\":\"ImageObject\",\"inLanguage\":\"sr-LAT\",\"@id\":\"https:\\\/\\\/secure.gravatar.com\\\/avatar\\\/d97cc9c9ff00ecfcae2d4161f8d50f74465676163393192de390634ca0095b9d?s=96&d=mm&r=g\",\"url\":\"https:\\\/\\\/secure.gravatar.com\\\/avatar\\\/d97cc9c9ff00ecfcae2d4161f8d50f74465676163393192de390634ca0095b9d?s=96&d=mm&r=g\",\"contentUrl\":\"https:\\\/\\\/secure.gravatar.com\\\/avatar\\\/d97cc9c9ff00ecfcae2d4161f8d50f74465676163393192de390634ca0095b9d?s=96&d=mm&r=g\",\"caption\":\"Jelena GMS\"}}]}<\/script>\n<!-- \/ Yoast SEO plugin. -->","yoast_head_json":{"title":"Ankica Opre\u0161nik, Porodica u gradu, 1956. | Galerija Matice srpske","description":"Uskoro novi tekst U fokusu i novi ambijent Sobe za prepu\u0161tanje umetnosti.","robots":{"index":"index","follow":"follow","max-snippet":"max-snippet:-1","max-image-preview":"max-image-preview:large","max-video-preview":"max-video-preview:-1"},"canonical":"http:\/\/www.galerijamaticesrpske.rs\/lat\/u-fokusu-gms\/ankica-opresnik-porodica-u-gradu-1956\/","og_locale":"en_US","og_type":"article","og_title":"Ankica Opre\u0161nik, Porodica u gradu, 1956. | Galerija Matice srpske","og_description":"Uskoro novi tekst U fokusu i novi ambijent Sobe za prepu\u0161tanje umetnosti.","og_url":"http:\/\/www.galerijamaticesrpske.rs\/lat\/u-fokusu-gms\/ankica-opresnik-porodica-u-gradu-1956\/","og_site_name":"Galerija Matice srpske","article_published_time":"2023-12-22T11:45:43+00:00","article_modified_time":"2024-02-02T13:43:54+00:00","og_image":[{"width":1024,"height":871,"url":"http:\/\/www.galerijamaticesrpske.rs\/wp-content\/uploads\/2023\/12\/gmsu1325-1024x871.jpg","type":"image\/jpeg"}],"author":"Jelena GMS","twitter_card":"summary_large_image","twitter_misc":{"Written by":"Jelena GMS","Est. reading time":"4 minutes"},"schema":{"@context":"https:\/\/schema.org","@graph":[{"@type":"Article","@id":"http:\/\/www.galerijamaticesrpske.rs\/lat\/u-fokusu-gms\/ankica-opresnik-porodica-u-gradu-1956\/#article","isPartOf":{"@id":"http:\/\/www.galerijamaticesrpske.rs\/lat\/u-fokusu-gms\/ankica-opresnik-porodica-u-gradu-1956\/"},"author":{"name":"Jelena GMS","@id":"https:\/\/www.galerijamaticesrpske.rs\/#\/schema\/person\/cd7cf801d7fcb10a165f8407e502944b"},"headline":"Ankica Opre\u0161nik, Porodica u gradu, 1956.","datePublished":"2023-12-22T11:45:43+00:00","dateModified":"2024-02-02T13:43:54+00:00","mainEntityOfPage":{"@id":"http:\/\/www.galerijamaticesrpske.rs\/lat\/u-fokusu-gms\/ankica-opresnik-porodica-u-gradu-1956\/"},"wordCount":742,"publisher":{"@id":"https:\/\/www.galerijamaticesrpske.rs\/#organization"},"image":{"@id":"http:\/\/www.galerijamaticesrpske.rs\/lat\/u-fokusu-gms\/ankica-opresnik-porodica-u-gradu-1956\/#primaryimage"},"thumbnailUrl":"http:\/\/www.galerijamaticesrpske.rs\/wp-content\/uploads\/2023\/12\/gmsu1325.jpg","articleSection":["U fokusu"],"inLanguage":"sr-LAT"},{"@type":"WebPage","@id":"http:\/\/www.galerijamaticesrpske.rs\/lat\/u-fokusu-gms\/ankica-opresnik-porodica-u-gradu-1956\/","url":"http:\/\/www.galerijamaticesrpske.rs\/lat\/u-fokusu-gms\/ankica-opresnik-porodica-u-gradu-1956\/","name":"Ankica Opre\u0161nik, Porodica u gradu, 1956. | Galerija Matice srpske","isPartOf":{"@id":"https:\/\/www.galerijamaticesrpske.rs\/#website"},"primaryImageOfPage":{"@id":"http:\/\/www.galerijamaticesrpske.rs\/lat\/u-fokusu-gms\/ankica-opresnik-porodica-u-gradu-1956\/#primaryimage"},"image":{"@id":"http:\/\/www.galerijamaticesrpske.rs\/lat\/u-fokusu-gms\/ankica-opresnik-porodica-u-gradu-1956\/#primaryimage"},"thumbnailUrl":"http:\/\/www.galerijamaticesrpske.rs\/wp-content\/uploads\/2023\/12\/gmsu1325.jpg","datePublished":"2023-12-22T11:45:43+00:00","dateModified":"2024-02-02T13:43:54+00:00","description":"Uskoro novi tekst U fokusu i novi ambijent Sobe za prepu\u0161tanje umetnosti.","breadcrumb":{"@id":"http:\/\/www.galerijamaticesrpske.rs\/lat\/u-fokusu-gms\/ankica-opresnik-porodica-u-gradu-1956\/#breadcrumb"},"inLanguage":"sr-LAT","potentialAction":[{"@type":"ReadAction","target":["http:\/\/www.galerijamaticesrpske.rs\/lat\/u-fokusu-gms\/ankica-opresnik-porodica-u-gradu-1956\/"]}]},{"@type":"ImageObject","inLanguage":"sr-LAT","@id":"http:\/\/www.galerijamaticesrpske.rs\/lat\/u-fokusu-gms\/ankica-opresnik-porodica-u-gradu-1956\/#primaryimage","url":"http:\/\/www.galerijamaticesrpske.rs\/wp-content\/uploads\/2023\/12\/gmsu1325.jpg","contentUrl":"http:\/\/www.galerijamaticesrpske.rs\/wp-content\/uploads\/2023\/12\/gmsu1325.jpg","width":2322,"height":1974},{"@type":"BreadcrumbList","@id":"http:\/\/www.galerijamaticesrpske.rs\/lat\/u-fokusu-gms\/ankica-opresnik-porodica-u-gradu-1956\/#breadcrumb","itemListElement":[{"@type":"ListItem","position":1,"name":"\u041f\u043e\u0447\u0435\u0442\u043d\u0430","item":"http:\/\/www.galerijamaticesrpske.rs\/lat\/"},{"@type":"ListItem","position":2,"name":"Ankica Opre\u0161nik, Porodica u gradu, 1956."}]},{"@type":"WebSite","@id":"https:\/\/www.galerijamaticesrpske.rs\/#website","url":"https:\/\/www.galerijamaticesrpske.rs\/","name":"Galerija Matice srpske","description":"Muzej srpske nacionalne umetnosti u Novom Sadu","publisher":{"@id":"https:\/\/www.galerijamaticesrpske.rs\/#organization"},"potentialAction":[{"@type":"SearchAction","target":{"@type":"EntryPoint","urlTemplate":"https:\/\/www.galerijamaticesrpske.rs\/?s={search_term_string}"},"query-input":{"@type":"PropertyValueSpecification","valueRequired":true,"valueName":"search_term_string"}}],"inLanguage":"sr-LAT"},{"@type":"Organization","@id":"https:\/\/www.galerijamaticesrpske.rs\/#organization","name":"Galerija Matice srpske","url":"https:\/\/www.galerijamaticesrpske.rs\/","logo":{"@type":"ImageObject","inLanguage":"sr-LAT","@id":"https:\/\/www.galerijamaticesrpske.rs\/#\/schema\/logo\/image\/","url":"https:\/\/www.galerijamaticesrpske.rs\/wp-content\/uploads\/2021\/01\/gms-logo-za-sajt.svg","contentUrl":"https:\/\/www.galerijamaticesrpske.rs\/wp-content\/uploads\/2021\/01\/gms-logo-za-sajt.svg","width":1,"height":1,"caption":"Galerija Matice srpske"},"image":{"@id":"https:\/\/www.galerijamaticesrpske.rs\/#\/schema\/logo\/image\/"}},{"@type":"Person","@id":"https:\/\/www.galerijamaticesrpske.rs\/#\/schema\/person\/cd7cf801d7fcb10a165f8407e502944b","name":"Jelena GMS","image":{"@type":"ImageObject","inLanguage":"sr-LAT","@id":"https:\/\/secure.gravatar.com\/avatar\/d97cc9c9ff00ecfcae2d4161f8d50f74465676163393192de390634ca0095b9d?s=96&d=mm&r=g","url":"https:\/\/secure.gravatar.com\/avatar\/d97cc9c9ff00ecfcae2d4161f8d50f74465676163393192de390634ca0095b9d?s=96&d=mm&r=g","contentUrl":"https:\/\/secure.gravatar.com\/avatar\/d97cc9c9ff00ecfcae2d4161f8d50f74465676163393192de390634ca0095b9d?s=96&d=mm&r=g","caption":"Jelena GMS"}}]}},"_links":{"self":[{"href":"http:\/\/www.galerijamaticesrpske.rs\/lat\/wp-json\/wp\/v2\/posts\/12337","targetHints":{"allow":["GET"]}}],"collection":[{"href":"http:\/\/www.galerijamaticesrpske.rs\/lat\/wp-json\/wp\/v2\/posts"}],"about":[{"href":"http:\/\/www.galerijamaticesrpske.rs\/lat\/wp-json\/wp\/v2\/types\/post"}],"author":[{"embeddable":true,"href":"http:\/\/www.galerijamaticesrpske.rs\/lat\/wp-json\/wp\/v2\/users\/2"}],"replies":[{"embeddable":true,"href":"http:\/\/www.galerijamaticesrpske.rs\/lat\/wp-json\/wp\/v2\/comments?post=12337"}],"version-history":[{"count":3,"href":"http:\/\/www.galerijamaticesrpske.rs\/lat\/wp-json\/wp\/v2\/posts\/12337\/revisions"}],"predecessor-version":[{"id":12545,"href":"http:\/\/www.galerijamaticesrpske.rs\/lat\/wp-json\/wp\/v2\/posts\/12337\/revisions\/12545"}],"wp:featuredmedia":[{"embeddable":true,"href":"http:\/\/www.galerijamaticesrpske.rs\/lat\/wp-json\/wp\/v2\/media\/12335"}],"wp:attachment":[{"href":"http:\/\/www.galerijamaticesrpske.rs\/lat\/wp-json\/wp\/v2\/media?parent=12337"}],"wp:term":[{"taxonomy":"category","embeddable":true,"href":"http:\/\/www.galerijamaticesrpske.rs\/lat\/wp-json\/wp\/v2\/categories?post=12337"},{"taxonomy":"post_tag","embeddable":true,"href":"http:\/\/www.galerijamaticesrpske.rs\/lat\/wp-json\/wp\/v2\/tags?post=12337"}],"curies":[{"name":"wp","href":"https:\/\/api.w.org\/{rel}","templated":true}]}}