{"id":14096,"date":"2024-12-06T07:35:27","date_gmt":"2024-12-06T07:35:27","guid":{"rendered":"https:\/\/www.galerijamaticesrpske.rs\/?p=14096"},"modified":"2024-12-06T07:35:27","modified_gmt":"2024-12-06T07:35:27","slug":"mrtva-priroda-kao-praznicna-trpeza","status":"publish","type":"post","link":"http:\/\/www.galerijamaticesrpske.rs\/lat\/u-fokusu-gms\/mrtva-priroda-kao-praznicna-trpeza\/","title":{"rendered":"Mrtva priroda kao prazni\u010dna trpeza"},"content":{"rendered":"<p>Kako govorimo kada govorimo o ljubavi? Koga sve i \u0161ta podrazumevamo? Da li je vezujemo za mesto i vreme i ako da, na koji na\u010din? Decembar mesec predstavlja kraj ciklusa Po\u010dnimo ljubav ispo\u010detka i s tim u vezi smo ovomese\u010dnu temu posvetili praznicima, okupljanjima, trpezi, odnosno mestima i vremenima u kojim prepoznajemo ljubav u svojim raznim oblicima.<\/p>\n<p>Ideja okupljanja za trpezom prisutna je u evropskoj kulturi jo\u0161 od anti\u010dkih vremena. Poznato je da su stari Grci pridavali veliku pa\u017enju hrani i pi\u0107u kojima su obele\u017eavali razne dru\u0161tveno-politi\u010dke i kulturno-religijske doga\u0111aje. Anti\u010dki pojam <em>agape<\/em> (\u1f00\u03b3\u03ac\u03c0\u03b7) koji u doslovnom prevodu zna\u010di \u201etrpeza ljubavi\u201d, ukazuje na potrebu za prisustvom i u\u010destovanjem u ljubavi (a koja je naj\u010de\u0161\u0107e razumevana kao porodi\u010dna ljubav). Kao jedna od na\u010dina anti\u010dkog razumevanja ljubavi, agape se u hri\u0161\u0107anskoj kulturi odr\u017eala preko brojnih obreda slu\u017eenja hrane i pi\u0107a sa idejom okupljanja oko zajedni\u010dke trpeze na va\u017ean datum u hri\u0161\u0107anskom kalendaru. U domenu obi\u010daja i praznika u pravoslavnoj duhovnosti ideja trpeze ljubavi upra\u017enjava se naj\u010de\u0161\u0107e pri obele\u017eavanju slava i bo\u017ei\u0107nih praznika. Svaka priprema i slu\u017eenje prazni\u010dne trpeze ima svoja op\u0161ta pravila, koja su oboga\u0107ena li\u010dnim porodi\u010dnim ritualima i navikama. Ukoliko sagledamo prazni\u010dne i slavske trpeze na kojim neretko prisustvujemo, mo\u017eemo ih do\u017eiveti kao koncept za sebe, mrtvu prirodu sa elementima koji imaju svoju jasnu simboliku i namenu, dok se u celokupnom doga\u0111aju ogleda identitet jedne kulture, zajednice i tradicije u celini.<\/p>\n<p>Posmatrajte dela \u0110or\u0111a Bo\u0161ana i Miodraga B. Proti\u0107a i poku\u0161ajte da prepoznate neke istaknute elemente na kompozicijama. Da li vas oni asociraju na praznike?<\/p>\n<p><strong>O umetnicima i umetni\u010dkim delima<\/strong><\/p>\n<p>Umetnost Miodraga B. Proti\u0107a i \u0110or\u0111a Bo\u0161ana obele\u017eila je novu etapu srpske likovne scene nakon Drugog svetskog rata. Ukidaju\u0107i rigidne kanone socrealisti\u010dke estetike i poetike, umetnici druge polovine XX veka okrenuli su se umetni\u010dkim stremljenjima u pravcima apstrakcije i nove figuracije. Kao umetnici posleratnog slikarstva \u0110or\u0111e Bo\u0161an, ali pre svega Miodrag B. Proti\u0107, zalagali su se za autonomiju umetnosti, nezavisnu od paradigmati\u010dnih i ideolo\u0161kih obrazaca koju je umetnost imala do tada. Uloga nove figuracije imala je za cilj ispitaivanje likovnosti, boje, forme i linije, dok su teme kojima su se bavili kretale od asocijativnih do apstraktnih celina.<\/p>\n<p>Umetni\u010dki metod slikara i teoreti\u010dara Miodraga B. Proti\u0107a imao je za ideju postupno redukovanje slikarske povr\u0161ine. Semanti\u010dki klju\u010d, kako je Proti\u0107 sam nazivao svoj metod, polazio je od konkretnih celina koje se redukuju i apstrahuju u svojoj vizualnosti, preko asocijativnosti do neprepoznatljivosti forme. Sam postupak menjanja vizuelnog materijala, gubiv\u0161i postepeno svoju referencijalnost, uvek se oslanjao na svoje primarno polazi\u0161te. U slu\u010daju mrtve prirode, Proti\u0107 nagove\u0161tava jasnim geometrijskim konturama predstavljene objekte ne slu\u017ee\u0107i se deskripcijom u tolikoj meri, ve\u0107 u svoj primarni fokus postavlja likovni jezik i konsruktivnost kompozicije.<\/p>\n<p style=\"text-align: right;\"><strong>Msr Goran Vujkov<\/strong>, muzejski edukator<\/p>\n","protected":false},"excerpt":{"rendered":"<p>Kako govorimo kada govorimo o ljubavi? Koga sve i \u0161ta podrazumevamo? Da li je vezujemo za mesto i vreme i ako da, na koji na\u010din? Decembar mesec predstavlja kraj ciklusa Po\u010dnimo ljubav ispo\u010detka i s tim u vezi smo ovomese\u010dnu temu posvetili praznicima, okupljanjima, trpezi, odnosno mestima i vremenima u kojim prepoznajemo ljubav u svojim<\/p>\n","protected":false},"author":2,"featured_media":14094,"comment_status":"closed","ping_status":"closed","sticky":false,"template":"","format":"standard","meta":{"_acf_changed":false,"footnotes":""},"categories":[95],"tags":[],"class_list":["post-14096","post","type-post","status-publish","format-standard","has-post-thumbnail","hentry","category-u-fokusu-gms"],"acf":[],"yoast_head":"<!-- This site is optimized with the Yoast SEO plugin v27.3 - https:\/\/yoast.com\/product\/yoast-seo-wordpress\/ -->\n<title>Mrtva priroda kao prazni\u010dna trpeza | Galerija Matice srpske<\/title>\n<meta name=\"description\" content=\"Kako govorimo kada govorimo o ljubavi? Koga sve i \u0161ta podrazumevamo? Da li je vezujemo za mesto i vreme i ako da, na koji na\u010din? Decembar mesec predstavlja kraj ciklusa Po\u010dnimo ljubav ispo\u010detka i s tim u vezi smo ovomese\u010dnu temu posvetili praznicima, okupljanjima, trpezi, odnosno mestima i vremenima u kojim prepoznajemo ljubav u svojim raznim oblicima.\" \/>\n<meta name=\"robots\" content=\"index, follow, max-snippet:-1, max-image-preview:large, max-video-preview:-1\" \/>\n<link rel=\"canonical\" href=\"http:\/\/www.galerijamaticesrpske.rs\/lat\/u-fokusu-gms\/mrtva-priroda-kao-praznicna-trpeza\/\" \/>\n<meta property=\"og:locale\" content=\"en_US\" \/>\n<meta property=\"og:type\" content=\"article\" \/>\n<meta property=\"og:title\" content=\"Mrtva priroda kao prazni\u010dna trpeza | Galerija Matice srpske\" \/>\n<meta property=\"og:description\" content=\"Kako govorimo kada govorimo o ljubavi? Koga sve i \u0161ta podrazumevamo? Da li je vezujemo za mesto i vreme i ako da, na koji na\u010din? Decembar mesec predstavlja kraj ciklusa Po\u010dnimo ljubav ispo\u010detka i s tim u vezi smo ovomese\u010dnu temu posvetili praznicima, okupljanjima, trpezi, odnosno mestima i vremenima u kojim prepoznajemo ljubav u svojim raznim oblicima.\" \/>\n<meta property=\"og:url\" content=\"http:\/\/www.galerijamaticesrpske.rs\/lat\/u-fokusu-gms\/mrtva-priroda-kao-praznicna-trpeza\/\" \/>\n<meta property=\"og:site_name\" content=\"Galerija Matice srpske\" \/>\n<meta property=\"article:published_time\" content=\"2024-12-06T07:35:27+00:00\" \/>\n<meta property=\"og:image\" content=\"http:\/\/www.galerijamaticesrpske.rs\/wp-content\/uploads\/2024\/12\/dsc_0400sr-scaled.jpg\" \/>\n\t<meta property=\"og:image:width\" content=\"2560\" \/>\n\t<meta property=\"og:image:height\" content=\"1707\" \/>\n\t<meta property=\"og:image:type\" content=\"image\/jpeg\" \/>\n<meta name=\"author\" content=\"Jelena GMS\" \/>\n<meta name=\"twitter:card\" content=\"summary_large_image\" \/>\n<meta name=\"twitter:label1\" content=\"Written by\" \/>\n\t<meta name=\"twitter:data1\" content=\"Jelena GMS\" \/>\n\t<meta name=\"twitter:label2\" content=\"Est. reading time\" \/>\n\t<meta name=\"twitter:data2\" content=\"3 minutes\" \/>\n<script type=\"application\/ld+json\" class=\"yoast-schema-graph\">{\"@context\":\"https:\\\/\\\/schema.org\",\"@graph\":[{\"@type\":\"Article\",\"@id\":\"http:\\\/\\\/www.galerijamaticesrpske.rs\\\/lat\\\/u-fokusu-gms\\\/mrtva-priroda-kao-praznicna-trpeza\\\/#article\",\"isPartOf\":{\"@id\":\"http:\\\/\\\/www.galerijamaticesrpske.rs\\\/lat\\\/u-fokusu-gms\\\/mrtva-priroda-kao-praznicna-trpeza\\\/\"},\"author\":{\"name\":\"Jelena GMS\",\"@id\":\"https:\\\/\\\/www.galerijamaticesrpske.rs\\\/#\\\/schema\\\/person\\\/cd7cf801d7fcb10a165f8407e502944b\"},\"headline\":\"Mrtva priroda kao prazni\u010dna trpeza\",\"datePublished\":\"2024-12-06T07:35:27+00:00\",\"mainEntityOfPage\":{\"@id\":\"http:\\\/\\\/www.galerijamaticesrpske.rs\\\/lat\\\/u-fokusu-gms\\\/mrtva-priroda-kao-praznicna-trpeza\\\/\"},\"wordCount\":524,\"publisher\":{\"@id\":\"https:\\\/\\\/www.galerijamaticesrpske.rs\\\/#organization\"},\"image\":{\"@id\":\"http:\\\/\\\/www.galerijamaticesrpske.rs\\\/lat\\\/u-fokusu-gms\\\/mrtva-priroda-kao-praznicna-trpeza\\\/#primaryimage\"},\"thumbnailUrl\":\"http:\\\/\\\/www.galerijamaticesrpske.rs\\\/wp-content\\\/uploads\\\/2024\\\/12\\\/dsc_0400sr-scaled.jpg\",\"articleSection\":[\"U fokusu\"],\"inLanguage\":\"sr-LAT\"},{\"@type\":\"WebPage\",\"@id\":\"http:\\\/\\\/www.galerijamaticesrpske.rs\\\/lat\\\/u-fokusu-gms\\\/mrtva-priroda-kao-praznicna-trpeza\\\/\",\"url\":\"http:\\\/\\\/www.galerijamaticesrpske.rs\\\/lat\\\/u-fokusu-gms\\\/mrtva-priroda-kao-praznicna-trpeza\\\/\",\"name\":\"Mrtva priroda kao prazni\u010dna trpeza | Galerija Matice srpske\",\"isPartOf\":{\"@id\":\"https:\\\/\\\/www.galerijamaticesrpske.rs\\\/#website\"},\"primaryImageOfPage\":{\"@id\":\"http:\\\/\\\/www.galerijamaticesrpske.rs\\\/lat\\\/u-fokusu-gms\\\/mrtva-priroda-kao-praznicna-trpeza\\\/#primaryimage\"},\"image\":{\"@id\":\"http:\\\/\\\/www.galerijamaticesrpske.rs\\\/lat\\\/u-fokusu-gms\\\/mrtva-priroda-kao-praznicna-trpeza\\\/#primaryimage\"},\"thumbnailUrl\":\"http:\\\/\\\/www.galerijamaticesrpske.rs\\\/wp-content\\\/uploads\\\/2024\\\/12\\\/dsc_0400sr-scaled.jpg\",\"datePublished\":\"2024-12-06T07:35:27+00:00\",\"description\":\"Kako govorimo kada govorimo o ljubavi? Koga sve i \u0161ta podrazumevamo? Da li je vezujemo za mesto i vreme i ako da, na koji na\u010din? Decembar mesec predstavlja kraj ciklusa Po\u010dnimo ljubav ispo\u010detka i s tim u vezi smo ovomese\u010dnu temu posvetili praznicima, okupljanjima, trpezi, odnosno mestima i vremenima u kojim prepoznajemo ljubav u svojim raznim oblicima.\",\"breadcrumb\":{\"@id\":\"http:\\\/\\\/www.galerijamaticesrpske.rs\\\/lat\\\/u-fokusu-gms\\\/mrtva-priroda-kao-praznicna-trpeza\\\/#breadcrumb\"},\"inLanguage\":\"sr-LAT\",\"potentialAction\":[{\"@type\":\"ReadAction\",\"target\":[\"http:\\\/\\\/www.galerijamaticesrpske.rs\\\/lat\\\/u-fokusu-gms\\\/mrtva-priroda-kao-praznicna-trpeza\\\/\"]}]},{\"@type\":\"ImageObject\",\"inLanguage\":\"sr-LAT\",\"@id\":\"http:\\\/\\\/www.galerijamaticesrpske.rs\\\/lat\\\/u-fokusu-gms\\\/mrtva-priroda-kao-praznicna-trpeza\\\/#primaryimage\",\"url\":\"http:\\\/\\\/www.galerijamaticesrpske.rs\\\/wp-content\\\/uploads\\\/2024\\\/12\\\/dsc_0400sr-scaled.jpg\",\"contentUrl\":\"http:\\\/\\\/www.galerijamaticesrpske.rs\\\/wp-content\\\/uploads\\\/2024\\\/12\\\/dsc_0400sr-scaled.jpg\",\"width\":2560,\"height\":1707},{\"@type\":\"BreadcrumbList\",\"@id\":\"http:\\\/\\\/www.galerijamaticesrpske.rs\\\/lat\\\/u-fokusu-gms\\\/mrtva-priroda-kao-praznicna-trpeza\\\/#breadcrumb\",\"itemListElement\":[{\"@type\":\"ListItem\",\"position\":1,\"name\":\"\u041f\u043e\u0447\u0435\u0442\u043d\u0430\",\"item\":\"http:\\\/\\\/www.galerijamaticesrpske.rs\\\/lat\\\/\"},{\"@type\":\"ListItem\",\"position\":2,\"name\":\"Mrtva priroda kao prazni\u010dna trpeza\"}]},{\"@type\":\"WebSite\",\"@id\":\"https:\\\/\\\/www.galerijamaticesrpske.rs\\\/#website\",\"url\":\"https:\\\/\\\/www.galerijamaticesrpske.rs\\\/\",\"name\":\"Galerija Matice srpske\",\"description\":\"Muzej srpske nacionalne umetnosti u Novom Sadu\",\"publisher\":{\"@id\":\"https:\\\/\\\/www.galerijamaticesrpske.rs\\\/#organization\"},\"potentialAction\":[{\"@type\":\"SearchAction\",\"target\":{\"@type\":\"EntryPoint\",\"urlTemplate\":\"https:\\\/\\\/www.galerijamaticesrpske.rs\\\/?s={search_term_string}\"},\"query-input\":{\"@type\":\"PropertyValueSpecification\",\"valueRequired\":true,\"valueName\":\"search_term_string\"}}],\"inLanguage\":\"sr-LAT\"},{\"@type\":\"Organization\",\"@id\":\"https:\\\/\\\/www.galerijamaticesrpske.rs\\\/#organization\",\"name\":\"Galerija Matice srpske\",\"url\":\"https:\\\/\\\/www.galerijamaticesrpske.rs\\\/\",\"logo\":{\"@type\":\"ImageObject\",\"inLanguage\":\"sr-LAT\",\"@id\":\"https:\\\/\\\/www.galerijamaticesrpske.rs\\\/#\\\/schema\\\/logo\\\/image\\\/\",\"url\":\"https:\\\/\\\/www.galerijamaticesrpske.rs\\\/wp-content\\\/uploads\\\/2021\\\/01\\\/gms-logo-za-sajt.svg\",\"contentUrl\":\"https:\\\/\\\/www.galerijamaticesrpske.rs\\\/wp-content\\\/uploads\\\/2021\\\/01\\\/gms-logo-za-sajt.svg\",\"width\":1,\"height\":1,\"caption\":\"Galerija Matice srpske\"},\"image\":{\"@id\":\"https:\\\/\\\/www.galerijamaticesrpske.rs\\\/#\\\/schema\\\/logo\\\/image\\\/\"}},{\"@type\":\"Person\",\"@id\":\"https:\\\/\\\/www.galerijamaticesrpske.rs\\\/#\\\/schema\\\/person\\\/cd7cf801d7fcb10a165f8407e502944b\",\"name\":\"Jelena GMS\",\"image\":{\"@type\":\"ImageObject\",\"inLanguage\":\"sr-LAT\",\"@id\":\"https:\\\/\\\/secure.gravatar.com\\\/avatar\\\/d97cc9c9ff00ecfcae2d4161f8d50f74465676163393192de390634ca0095b9d?s=96&d=mm&r=g\",\"url\":\"https:\\\/\\\/secure.gravatar.com\\\/avatar\\\/d97cc9c9ff00ecfcae2d4161f8d50f74465676163393192de390634ca0095b9d?s=96&d=mm&r=g\",\"contentUrl\":\"https:\\\/\\\/secure.gravatar.com\\\/avatar\\\/d97cc9c9ff00ecfcae2d4161f8d50f74465676163393192de390634ca0095b9d?s=96&d=mm&r=g\",\"caption\":\"Jelena GMS\"}}]}<\/script>\n<!-- \/ Yoast SEO plugin. -->","yoast_head_json":{"title":"Mrtva priroda kao prazni\u010dna trpeza | Galerija Matice srpske","description":"Kako govorimo kada govorimo o ljubavi? Koga sve i \u0161ta podrazumevamo? Da li je vezujemo za mesto i vreme i ako da, na koji na\u010din? Decembar mesec predstavlja kraj ciklusa Po\u010dnimo ljubav ispo\u010detka i s tim u vezi smo ovomese\u010dnu temu posvetili praznicima, okupljanjima, trpezi, odnosno mestima i vremenima u kojim prepoznajemo ljubav u svojim raznim oblicima.","robots":{"index":"index","follow":"follow","max-snippet":"max-snippet:-1","max-image-preview":"max-image-preview:large","max-video-preview":"max-video-preview:-1"},"canonical":"http:\/\/www.galerijamaticesrpske.rs\/lat\/u-fokusu-gms\/mrtva-priroda-kao-praznicna-trpeza\/","og_locale":"en_US","og_type":"article","og_title":"Mrtva priroda kao prazni\u010dna trpeza | Galerija Matice srpske","og_description":"Kako govorimo kada govorimo o ljubavi? Koga sve i \u0161ta podrazumevamo? Da li je vezujemo za mesto i vreme i ako da, na koji na\u010din? Decembar mesec predstavlja kraj ciklusa Po\u010dnimo ljubav ispo\u010detka i s tim u vezi smo ovomese\u010dnu temu posvetili praznicima, okupljanjima, trpezi, odnosno mestima i vremenima u kojim prepoznajemo ljubav u svojim raznim oblicima.","og_url":"http:\/\/www.galerijamaticesrpske.rs\/lat\/u-fokusu-gms\/mrtva-priroda-kao-praznicna-trpeza\/","og_site_name":"Galerija Matice srpske","article_published_time":"2024-12-06T07:35:27+00:00","og_image":[{"width":2560,"height":1707,"url":"http:\/\/www.galerijamaticesrpske.rs\/wp-content\/uploads\/2024\/12\/dsc_0400sr-scaled.jpg","type":"image\/jpeg"}],"author":"Jelena GMS","twitter_card":"summary_large_image","twitter_misc":{"Written by":"Jelena GMS","Est. reading time":"3 minutes"},"schema":{"@context":"https:\/\/schema.org","@graph":[{"@type":"Article","@id":"http:\/\/www.galerijamaticesrpske.rs\/lat\/u-fokusu-gms\/mrtva-priroda-kao-praznicna-trpeza\/#article","isPartOf":{"@id":"http:\/\/www.galerijamaticesrpske.rs\/lat\/u-fokusu-gms\/mrtva-priroda-kao-praznicna-trpeza\/"},"author":{"name":"Jelena GMS","@id":"https:\/\/www.galerijamaticesrpske.rs\/#\/schema\/person\/cd7cf801d7fcb10a165f8407e502944b"},"headline":"Mrtva priroda kao prazni\u010dna trpeza","datePublished":"2024-12-06T07:35:27+00:00","mainEntityOfPage":{"@id":"http:\/\/www.galerijamaticesrpske.rs\/lat\/u-fokusu-gms\/mrtva-priroda-kao-praznicna-trpeza\/"},"wordCount":524,"publisher":{"@id":"https:\/\/www.galerijamaticesrpske.rs\/#organization"},"image":{"@id":"http:\/\/www.galerijamaticesrpske.rs\/lat\/u-fokusu-gms\/mrtva-priroda-kao-praznicna-trpeza\/#primaryimage"},"thumbnailUrl":"http:\/\/www.galerijamaticesrpske.rs\/wp-content\/uploads\/2024\/12\/dsc_0400sr-scaled.jpg","articleSection":["U fokusu"],"inLanguage":"sr-LAT"},{"@type":"WebPage","@id":"http:\/\/www.galerijamaticesrpske.rs\/lat\/u-fokusu-gms\/mrtva-priroda-kao-praznicna-trpeza\/","url":"http:\/\/www.galerijamaticesrpske.rs\/lat\/u-fokusu-gms\/mrtva-priroda-kao-praznicna-trpeza\/","name":"Mrtva priroda kao prazni\u010dna trpeza | Galerija Matice srpske","isPartOf":{"@id":"https:\/\/www.galerijamaticesrpske.rs\/#website"},"primaryImageOfPage":{"@id":"http:\/\/www.galerijamaticesrpske.rs\/lat\/u-fokusu-gms\/mrtva-priroda-kao-praznicna-trpeza\/#primaryimage"},"image":{"@id":"http:\/\/www.galerijamaticesrpske.rs\/lat\/u-fokusu-gms\/mrtva-priroda-kao-praznicna-trpeza\/#primaryimage"},"thumbnailUrl":"http:\/\/www.galerijamaticesrpske.rs\/wp-content\/uploads\/2024\/12\/dsc_0400sr-scaled.jpg","datePublished":"2024-12-06T07:35:27+00:00","description":"Kako govorimo kada govorimo o ljubavi? Koga sve i \u0161ta podrazumevamo? Da li je vezujemo za mesto i vreme i ako da, na koji na\u010din? Decembar mesec predstavlja kraj ciklusa Po\u010dnimo ljubav ispo\u010detka i s tim u vezi smo ovomese\u010dnu temu posvetili praznicima, okupljanjima, trpezi, odnosno mestima i vremenima u kojim prepoznajemo ljubav u svojim raznim oblicima.","breadcrumb":{"@id":"http:\/\/www.galerijamaticesrpske.rs\/lat\/u-fokusu-gms\/mrtva-priroda-kao-praznicna-trpeza\/#breadcrumb"},"inLanguage":"sr-LAT","potentialAction":[{"@type":"ReadAction","target":["http:\/\/www.galerijamaticesrpske.rs\/lat\/u-fokusu-gms\/mrtva-priroda-kao-praznicna-trpeza\/"]}]},{"@type":"ImageObject","inLanguage":"sr-LAT","@id":"http:\/\/www.galerijamaticesrpske.rs\/lat\/u-fokusu-gms\/mrtva-priroda-kao-praznicna-trpeza\/#primaryimage","url":"http:\/\/www.galerijamaticesrpske.rs\/wp-content\/uploads\/2024\/12\/dsc_0400sr-scaled.jpg","contentUrl":"http:\/\/www.galerijamaticesrpske.rs\/wp-content\/uploads\/2024\/12\/dsc_0400sr-scaled.jpg","width":2560,"height":1707},{"@type":"BreadcrumbList","@id":"http:\/\/www.galerijamaticesrpske.rs\/lat\/u-fokusu-gms\/mrtva-priroda-kao-praznicna-trpeza\/#breadcrumb","itemListElement":[{"@type":"ListItem","position":1,"name":"\u041f\u043e\u0447\u0435\u0442\u043d\u0430","item":"http:\/\/www.galerijamaticesrpske.rs\/lat\/"},{"@type":"ListItem","position":2,"name":"Mrtva priroda kao prazni\u010dna trpeza"}]},{"@type":"WebSite","@id":"https:\/\/www.galerijamaticesrpske.rs\/#website","url":"https:\/\/www.galerijamaticesrpske.rs\/","name":"Galerija Matice srpske","description":"Muzej srpske nacionalne umetnosti u Novom Sadu","publisher":{"@id":"https:\/\/www.galerijamaticesrpske.rs\/#organization"},"potentialAction":[{"@type":"SearchAction","target":{"@type":"EntryPoint","urlTemplate":"https:\/\/www.galerijamaticesrpske.rs\/?s={search_term_string}"},"query-input":{"@type":"PropertyValueSpecification","valueRequired":true,"valueName":"search_term_string"}}],"inLanguage":"sr-LAT"},{"@type":"Organization","@id":"https:\/\/www.galerijamaticesrpske.rs\/#organization","name":"Galerija Matice srpske","url":"https:\/\/www.galerijamaticesrpske.rs\/","logo":{"@type":"ImageObject","inLanguage":"sr-LAT","@id":"https:\/\/www.galerijamaticesrpske.rs\/#\/schema\/logo\/image\/","url":"https:\/\/www.galerijamaticesrpske.rs\/wp-content\/uploads\/2021\/01\/gms-logo-za-sajt.svg","contentUrl":"https:\/\/www.galerijamaticesrpske.rs\/wp-content\/uploads\/2021\/01\/gms-logo-za-sajt.svg","width":1,"height":1,"caption":"Galerija Matice srpske"},"image":{"@id":"https:\/\/www.galerijamaticesrpske.rs\/#\/schema\/logo\/image\/"}},{"@type":"Person","@id":"https:\/\/www.galerijamaticesrpske.rs\/#\/schema\/person\/cd7cf801d7fcb10a165f8407e502944b","name":"Jelena GMS","image":{"@type":"ImageObject","inLanguage":"sr-LAT","@id":"https:\/\/secure.gravatar.com\/avatar\/d97cc9c9ff00ecfcae2d4161f8d50f74465676163393192de390634ca0095b9d?s=96&d=mm&r=g","url":"https:\/\/secure.gravatar.com\/avatar\/d97cc9c9ff00ecfcae2d4161f8d50f74465676163393192de390634ca0095b9d?s=96&d=mm&r=g","contentUrl":"https:\/\/secure.gravatar.com\/avatar\/d97cc9c9ff00ecfcae2d4161f8d50f74465676163393192de390634ca0095b9d?s=96&d=mm&r=g","caption":"Jelena GMS"}}]}},"_links":{"self":[{"href":"http:\/\/www.galerijamaticesrpske.rs\/lat\/wp-json\/wp\/v2\/posts\/14096","targetHints":{"allow":["GET"]}}],"collection":[{"href":"http:\/\/www.galerijamaticesrpske.rs\/lat\/wp-json\/wp\/v2\/posts"}],"about":[{"href":"http:\/\/www.galerijamaticesrpske.rs\/lat\/wp-json\/wp\/v2\/types\/post"}],"author":[{"embeddable":true,"href":"http:\/\/www.galerijamaticesrpske.rs\/lat\/wp-json\/wp\/v2\/users\/2"}],"replies":[{"embeddable":true,"href":"http:\/\/www.galerijamaticesrpske.rs\/lat\/wp-json\/wp\/v2\/comments?post=14096"}],"version-history":[{"count":1,"href":"http:\/\/www.galerijamaticesrpske.rs\/lat\/wp-json\/wp\/v2\/posts\/14096\/revisions"}],"predecessor-version":[{"id":14097,"href":"http:\/\/www.galerijamaticesrpske.rs\/lat\/wp-json\/wp\/v2\/posts\/14096\/revisions\/14097"}],"wp:featuredmedia":[{"embeddable":true,"href":"http:\/\/www.galerijamaticesrpske.rs\/lat\/wp-json\/wp\/v2\/media\/14094"}],"wp:attachment":[{"href":"http:\/\/www.galerijamaticesrpske.rs\/lat\/wp-json\/wp\/v2\/media?parent=14096"}],"wp:term":[{"taxonomy":"category","embeddable":true,"href":"http:\/\/www.galerijamaticesrpske.rs\/lat\/wp-json\/wp\/v2\/categories?post=14096"},{"taxonomy":"post_tag","embeddable":true,"href":"http:\/\/www.galerijamaticesrpske.rs\/lat\/wp-json\/wp\/v2\/tags?post=14096"}],"curies":[{"name":"wp","href":"https:\/\/api.w.org\/{rel}","templated":true}]}}