{"id":15534,"date":"2025-09-03T11:58:48","date_gmt":"2025-09-03T11:58:48","guid":{"rendered":"https:\/\/www.galerijamaticesrpske.rs\/?p=15534"},"modified":"2025-09-03T11:58:48","modified_gmt":"2025-09-03T11:58:48","slug":"predrag-milosavljevic-konak-kneza-milosa-na-topcideru-1940","status":"publish","type":"post","link":"http:\/\/www.galerijamaticesrpske.rs\/lat\/u-fokusu-gms\/predrag-milosavljevic-konak-kneza-milosa-na-topcideru-1940\/","title":{"rendered":"Predrag Milosavljevi\u0107, Konak kneza Milo\u0161a na Top\u010dideru, 1940."},"content":{"rendered":"<p>Koji su putevi jedne slike?<\/p>\n<p>Izlo\u017eena slika govori o jednom umetniku u burnom periodu 20. veka, umetni\u010dkim stremljenjima i mestima na kojima je izlagana.<\/p>\n<p>Zna\u010daj slikarstva Predraga Pe\u0111e Milosavljevi\u0107a ogleda se u njegovim estetskim, ali i umetni\u010dko-istorijskim dostignu\u0107ima. Pre svega, kada se govori o njegovom me\u0111uratnom stvarala\u0161tvu, ali i radu tokom rata, Pe\u0111a Milosavljevi\u0107 se izdvaja kao jedan od najistaknutijih predstavnika intimizma i poetskog realizma. Prirodom svog likovnog jezika, umetni\u010dkim postupkom, ikonografijom, ali i formalnom strukturom i li\u010dnim egzistencijalnim iskazom, gradi kompozicije koje tipski reprezentuju stvarala\u010dku epohu navedenog perioda, davaju\u0107i im autenti\u010dni likovni izraz. Drugim re\u010dima, vedute, pejza\u017ei i enterijeri predstavljaju perspektivu umetnikovog li\u010dnog do\u017eivljaja prikazanog. Planski isti\u010du\u0107i subjektivni pogled na predstavljenu scenu, Milosavljevi\u0107ev postupak u krajnjem \u010dini sliku li\u010dnom i bez pretencioznosti \u010dini da ona odi\u0161e iskreno\u0161\u0107u i neponovljivim trenutkom. Su\u0161tina poetskog realizma, kojim umetnik predo\u010dava scenu, nije idealizacija stvarnosti, ve\u0107 njeno predstavljanje kao skladne i likovno bogate. Ovakav sentiment primetan je i u kasnijem radu umetnika. To se svakako vidi i na izlo\u017eenoj slici <em>Konak kneza Milo\u0161a na Top\u010dideru<\/em>.<\/p>\n<p>Deo starog grada prestonice oboga\u0107en je parkovima koji su neretko bili mesto kontemplacije brojnih srpskih umetnika, izme\u0111u ostalog i Pe\u0111e Milosavljevi\u0107a. Na slici dominiraju jesenji tonovi, \u0161to se vidi po ogoljenom drvetu ispred samog konaka.<\/p>\n<p>Nekoliko ljudskih figura koje su ra\u0161trkane pri dnu kompozicije, ne naru\u0161avaju intimnost prikazanog, ve\u0107 ga o\u017eivljavaju.<\/p>\n<p>Na fasadi konaka su vidljivi elementi neoklasicizma, dok je unutra\u0161njost ure\u0111ena i dekorisana u osmanskom stilu \u0107ilimima, jastucima, minderlucima i drugim orijentalnim predmetima.<\/p>\n<p>Pored brojnih prikaza veduta, od Pariza i njegovih limenih krovova, terasa oboga\u0107enih cve\u0107em i fasadnim dekoracijama, pa sve do beogradskih ulica i toponima, predstava konaka zauzima simboli\u010dno mesto. Po svojoj prilici, stilski raznovrsno zdanje konaka u potpunosti portreti\u0161e kulturno-istorijske okolnosti. Stoga, nije iznena\u0111uju\u0107e da je ova slika odabrana da, pored brojnih umetnika modernizma, predstavlja Jugoslaviju na Venecijanskom bijenalu 1940. godine.<\/p>\n<p style=\"text-align: right;\"><strong>msr Goran Vujkov<\/strong><br \/>\nmuzejski edukator<\/p>\n","protected":false},"excerpt":{"rendered":"<p>Koji su putevi jedne slike? Izlo\u017eena slika govori o jednom umetniku u burnom periodu 20. veka, umetni\u010dkim stremljenjima i mestima na kojima je izlagana. Zna\u010daj slikarstva Predraga Pe\u0111e Milosavljevi\u0107a ogleda se u njegovim estetskim, ali i umetni\u010dko-istorijskim dostignu\u0107ima. Pre svega, kada se govori o njegovom me\u0111uratnom stvarala\u0161tvu, ali i radu tokom rata, Pe\u0111a Milosavljevi\u0107 se<\/p>\n","protected":false},"author":2,"featured_media":15532,"comment_status":"closed","ping_status":"closed","sticky":false,"template":"","format":"standard","meta":{"_acf_changed":false,"footnotes":""},"categories":[95],"tags":[],"class_list":["post-15534","post","type-post","status-publish","format-standard","has-post-thumbnail","hentry","category-u-fokusu-gms"],"acf":[],"yoast_head":"<!-- This site is optimized with the Yoast SEO plugin v27.3 - https:\/\/yoast.com\/product\/yoast-seo-wordpress\/ -->\n<title>Predrag Milosavljevi\u0107, Konak kneza Milo\u0161a na Top\u010dideru, 1940. | Galerija Matice srpske<\/title>\n<meta name=\"description\" content=\"Izlo\u017eena slika govori o jednom umetniku u burnom periodu 20. veka, umetni\u010dkim stremljenjima i mestima na kojima je izlagana.\" \/>\n<meta name=\"robots\" content=\"index, follow, max-snippet:-1, max-image-preview:large, max-video-preview:-1\" \/>\n<link rel=\"canonical\" href=\"http:\/\/www.galerijamaticesrpske.rs\/lat\/u-fokusu-gms\/predrag-milosavljevic-konak-kneza-milosa-na-topcideru-1940\/\" \/>\n<meta property=\"og:locale\" content=\"en_US\" \/>\n<meta property=\"og:type\" content=\"article\" \/>\n<meta property=\"og:title\" content=\"Predrag Milosavljevi\u0107, Konak kneza Milo\u0161a na Top\u010dideru, 1940. | Galerija Matice srpske\" \/>\n<meta property=\"og:description\" content=\"Izlo\u017eena slika govori o jednom umetniku u burnom periodu 20. veka, umetni\u010dkim stremljenjima i mestima na kojima je izlagana.\" \/>\n<meta property=\"og:url\" content=\"http:\/\/www.galerijamaticesrpske.rs\/lat\/u-fokusu-gms\/predrag-milosavljevic-konak-kneza-milosa-na-topcideru-1940\/\" \/>\n<meta property=\"og:site_name\" content=\"Galerija Matice srpske\" \/>\n<meta property=\"article:published_time\" content=\"2025-09-03T11:58:48+00:00\" \/>\n<meta property=\"og:image\" content=\"http:\/\/www.galerijamaticesrpske.rs\/wp-content\/uploads\/2025\/09\/pedja_milosavljevic_k3-1-scaled.jpg\" \/>\n\t<meta property=\"og:image:width\" content=\"2560\" \/>\n\t<meta property=\"og:image:height\" content=\"1518\" \/>\n\t<meta property=\"og:image:type\" content=\"image\/jpeg\" \/>\n<meta name=\"author\" content=\"Jelena GMS\" \/>\n<meta name=\"twitter:card\" content=\"summary_large_image\" \/>\n<meta name=\"twitter:label1\" content=\"Written by\" \/>\n\t<meta name=\"twitter:data1\" content=\"Jelena GMS\" \/>\n\t<meta name=\"twitter:label2\" content=\"Est. reading time\" \/>\n\t<meta name=\"twitter:data2\" content=\"2 minutes\" \/>\n<script type=\"application\/ld+json\" class=\"yoast-schema-graph\">{\"@context\":\"https:\\\/\\\/schema.org\",\"@graph\":[{\"@type\":\"Article\",\"@id\":\"http:\\\/\\\/www.galerijamaticesrpske.rs\\\/lat\\\/u-fokusu-gms\\\/predrag-milosavljevic-konak-kneza-milosa-na-topcideru-1940\\\/#article\",\"isPartOf\":{\"@id\":\"http:\\\/\\\/www.galerijamaticesrpske.rs\\\/lat\\\/u-fokusu-gms\\\/predrag-milosavljevic-konak-kneza-milosa-na-topcideru-1940\\\/\"},\"author\":{\"name\":\"Jelena GMS\",\"@id\":\"https:\\\/\\\/www.galerijamaticesrpske.rs\\\/#\\\/schema\\\/person\\\/cd7cf801d7fcb10a165f8407e502944b\"},\"headline\":\"Predrag Milosavljevi\u0107, Konak kneza Milo\u0161a na Top\u010dideru, 1940.\",\"datePublished\":\"2025-09-03T11:58:48+00:00\",\"mainEntityOfPage\":{\"@id\":\"http:\\\/\\\/www.galerijamaticesrpske.rs\\\/lat\\\/u-fokusu-gms\\\/predrag-milosavljevic-konak-kneza-milosa-na-topcideru-1940\\\/\"},\"wordCount\":362,\"publisher\":{\"@id\":\"https:\\\/\\\/www.galerijamaticesrpske.rs\\\/#organization\"},\"image\":{\"@id\":\"http:\\\/\\\/www.galerijamaticesrpske.rs\\\/lat\\\/u-fokusu-gms\\\/predrag-milosavljevic-konak-kneza-milosa-na-topcideru-1940\\\/#primaryimage\"},\"thumbnailUrl\":\"http:\\\/\\\/www.galerijamaticesrpske.rs\\\/wp-content\\\/uploads\\\/2025\\\/09\\\/pedja_milosavljevic_k3-1-scaled.jpg\",\"articleSection\":[\"U fokusu\"],\"inLanguage\":\"sr-LAT\"},{\"@type\":\"WebPage\",\"@id\":\"http:\\\/\\\/www.galerijamaticesrpske.rs\\\/lat\\\/u-fokusu-gms\\\/predrag-milosavljevic-konak-kneza-milosa-na-topcideru-1940\\\/\",\"url\":\"http:\\\/\\\/www.galerijamaticesrpske.rs\\\/lat\\\/u-fokusu-gms\\\/predrag-milosavljevic-konak-kneza-milosa-na-topcideru-1940\\\/\",\"name\":\"Predrag Milosavljevi\u0107, Konak kneza Milo\u0161a na Top\u010dideru, 1940. | Galerija Matice srpske\",\"isPartOf\":{\"@id\":\"https:\\\/\\\/www.galerijamaticesrpske.rs\\\/#website\"},\"primaryImageOfPage\":{\"@id\":\"http:\\\/\\\/www.galerijamaticesrpske.rs\\\/lat\\\/u-fokusu-gms\\\/predrag-milosavljevic-konak-kneza-milosa-na-topcideru-1940\\\/#primaryimage\"},\"image\":{\"@id\":\"http:\\\/\\\/www.galerijamaticesrpske.rs\\\/lat\\\/u-fokusu-gms\\\/predrag-milosavljevic-konak-kneza-milosa-na-topcideru-1940\\\/#primaryimage\"},\"thumbnailUrl\":\"http:\\\/\\\/www.galerijamaticesrpske.rs\\\/wp-content\\\/uploads\\\/2025\\\/09\\\/pedja_milosavljevic_k3-1-scaled.jpg\",\"datePublished\":\"2025-09-03T11:58:48+00:00\",\"description\":\"Izlo\u017eena slika govori o jednom umetniku u burnom periodu 20. veka, umetni\u010dkim stremljenjima i mestima na kojima je izlagana.\",\"breadcrumb\":{\"@id\":\"http:\\\/\\\/www.galerijamaticesrpske.rs\\\/lat\\\/u-fokusu-gms\\\/predrag-milosavljevic-konak-kneza-milosa-na-topcideru-1940\\\/#breadcrumb\"},\"inLanguage\":\"sr-LAT\",\"potentialAction\":[{\"@type\":\"ReadAction\",\"target\":[\"http:\\\/\\\/www.galerijamaticesrpske.rs\\\/lat\\\/u-fokusu-gms\\\/predrag-milosavljevic-konak-kneza-milosa-na-topcideru-1940\\\/\"]}]},{\"@type\":\"ImageObject\",\"inLanguage\":\"sr-LAT\",\"@id\":\"http:\\\/\\\/www.galerijamaticesrpske.rs\\\/lat\\\/u-fokusu-gms\\\/predrag-milosavljevic-konak-kneza-milosa-na-topcideru-1940\\\/#primaryimage\",\"url\":\"http:\\\/\\\/www.galerijamaticesrpske.rs\\\/wp-content\\\/uploads\\\/2025\\\/09\\\/pedja_milosavljevic_k3-1-scaled.jpg\",\"contentUrl\":\"http:\\\/\\\/www.galerijamaticesrpske.rs\\\/wp-content\\\/uploads\\\/2025\\\/09\\\/pedja_milosavljevic_k3-1-scaled.jpg\",\"width\":2560,\"height\":1518},{\"@type\":\"BreadcrumbList\",\"@id\":\"http:\\\/\\\/www.galerijamaticesrpske.rs\\\/lat\\\/u-fokusu-gms\\\/predrag-milosavljevic-konak-kneza-milosa-na-topcideru-1940\\\/#breadcrumb\",\"itemListElement\":[{\"@type\":\"ListItem\",\"position\":1,\"name\":\"\u041f\u043e\u0447\u0435\u0442\u043d\u0430\",\"item\":\"http:\\\/\\\/www.galerijamaticesrpske.rs\\\/lat\\\/\"},{\"@type\":\"ListItem\",\"position\":2,\"name\":\"Predrag Milosavljevi\u0107, Konak kneza Milo\u0161a na Top\u010dideru, 1940.\"}]},{\"@type\":\"WebSite\",\"@id\":\"https:\\\/\\\/www.galerijamaticesrpske.rs\\\/#website\",\"url\":\"https:\\\/\\\/www.galerijamaticesrpske.rs\\\/\",\"name\":\"Galerija Matice srpske\",\"description\":\"Muzej srpske nacionalne umetnosti u Novom Sadu\",\"publisher\":{\"@id\":\"https:\\\/\\\/www.galerijamaticesrpske.rs\\\/#organization\"},\"potentialAction\":[{\"@type\":\"SearchAction\",\"target\":{\"@type\":\"EntryPoint\",\"urlTemplate\":\"https:\\\/\\\/www.galerijamaticesrpske.rs\\\/?s={search_term_string}\"},\"query-input\":{\"@type\":\"PropertyValueSpecification\",\"valueRequired\":true,\"valueName\":\"search_term_string\"}}],\"inLanguage\":\"sr-LAT\"},{\"@type\":\"Organization\",\"@id\":\"https:\\\/\\\/www.galerijamaticesrpske.rs\\\/#organization\",\"name\":\"Galerija Matice srpske\",\"url\":\"https:\\\/\\\/www.galerijamaticesrpske.rs\\\/\",\"logo\":{\"@type\":\"ImageObject\",\"inLanguage\":\"sr-LAT\",\"@id\":\"https:\\\/\\\/www.galerijamaticesrpske.rs\\\/#\\\/schema\\\/logo\\\/image\\\/\",\"url\":\"https:\\\/\\\/www.galerijamaticesrpske.rs\\\/wp-content\\\/uploads\\\/2021\\\/01\\\/gms-logo-za-sajt.svg\",\"contentUrl\":\"https:\\\/\\\/www.galerijamaticesrpske.rs\\\/wp-content\\\/uploads\\\/2021\\\/01\\\/gms-logo-za-sajt.svg\",\"width\":1,\"height\":1,\"caption\":\"Galerija Matice srpske\"},\"image\":{\"@id\":\"https:\\\/\\\/www.galerijamaticesrpske.rs\\\/#\\\/schema\\\/logo\\\/image\\\/\"}},{\"@type\":\"Person\",\"@id\":\"https:\\\/\\\/www.galerijamaticesrpske.rs\\\/#\\\/schema\\\/person\\\/cd7cf801d7fcb10a165f8407e502944b\",\"name\":\"Jelena GMS\",\"image\":{\"@type\":\"ImageObject\",\"inLanguage\":\"sr-LAT\",\"@id\":\"https:\\\/\\\/secure.gravatar.com\\\/avatar\\\/d97cc9c9ff00ecfcae2d4161f8d50f74465676163393192de390634ca0095b9d?s=96&d=mm&r=g\",\"url\":\"https:\\\/\\\/secure.gravatar.com\\\/avatar\\\/d97cc9c9ff00ecfcae2d4161f8d50f74465676163393192de390634ca0095b9d?s=96&d=mm&r=g\",\"contentUrl\":\"https:\\\/\\\/secure.gravatar.com\\\/avatar\\\/d97cc9c9ff00ecfcae2d4161f8d50f74465676163393192de390634ca0095b9d?s=96&d=mm&r=g\",\"caption\":\"Jelena GMS\"}}]}<\/script>\n<!-- \/ Yoast SEO plugin. -->","yoast_head_json":{"title":"Predrag Milosavljevi\u0107, Konak kneza Milo\u0161a na Top\u010dideru, 1940. | Galerija Matice srpske","description":"Izlo\u017eena slika govori o jednom umetniku u burnom periodu 20. veka, umetni\u010dkim stremljenjima i mestima na kojima je izlagana.","robots":{"index":"index","follow":"follow","max-snippet":"max-snippet:-1","max-image-preview":"max-image-preview:large","max-video-preview":"max-video-preview:-1"},"canonical":"http:\/\/www.galerijamaticesrpske.rs\/lat\/u-fokusu-gms\/predrag-milosavljevic-konak-kneza-milosa-na-topcideru-1940\/","og_locale":"en_US","og_type":"article","og_title":"Predrag Milosavljevi\u0107, Konak kneza Milo\u0161a na Top\u010dideru, 1940. | Galerija Matice srpske","og_description":"Izlo\u017eena slika govori o jednom umetniku u burnom periodu 20. veka, umetni\u010dkim stremljenjima i mestima na kojima je izlagana.","og_url":"http:\/\/www.galerijamaticesrpske.rs\/lat\/u-fokusu-gms\/predrag-milosavljevic-konak-kneza-milosa-na-topcideru-1940\/","og_site_name":"Galerija Matice srpske","article_published_time":"2025-09-03T11:58:48+00:00","og_image":[{"width":2560,"height":1518,"url":"http:\/\/www.galerijamaticesrpske.rs\/wp-content\/uploads\/2025\/09\/pedja_milosavljevic_k3-1-scaled.jpg","type":"image\/jpeg"}],"author":"Jelena GMS","twitter_card":"summary_large_image","twitter_misc":{"Written by":"Jelena GMS","Est. reading time":"2 minutes"},"schema":{"@context":"https:\/\/schema.org","@graph":[{"@type":"Article","@id":"http:\/\/www.galerijamaticesrpske.rs\/lat\/u-fokusu-gms\/predrag-milosavljevic-konak-kneza-milosa-na-topcideru-1940\/#article","isPartOf":{"@id":"http:\/\/www.galerijamaticesrpske.rs\/lat\/u-fokusu-gms\/predrag-milosavljevic-konak-kneza-milosa-na-topcideru-1940\/"},"author":{"name":"Jelena GMS","@id":"https:\/\/www.galerijamaticesrpske.rs\/#\/schema\/person\/cd7cf801d7fcb10a165f8407e502944b"},"headline":"Predrag Milosavljevi\u0107, Konak kneza Milo\u0161a na Top\u010dideru, 1940.","datePublished":"2025-09-03T11:58:48+00:00","mainEntityOfPage":{"@id":"http:\/\/www.galerijamaticesrpske.rs\/lat\/u-fokusu-gms\/predrag-milosavljevic-konak-kneza-milosa-na-topcideru-1940\/"},"wordCount":362,"publisher":{"@id":"https:\/\/www.galerijamaticesrpske.rs\/#organization"},"image":{"@id":"http:\/\/www.galerijamaticesrpske.rs\/lat\/u-fokusu-gms\/predrag-milosavljevic-konak-kneza-milosa-na-topcideru-1940\/#primaryimage"},"thumbnailUrl":"http:\/\/www.galerijamaticesrpske.rs\/wp-content\/uploads\/2025\/09\/pedja_milosavljevic_k3-1-scaled.jpg","articleSection":["U fokusu"],"inLanguage":"sr-LAT"},{"@type":"WebPage","@id":"http:\/\/www.galerijamaticesrpske.rs\/lat\/u-fokusu-gms\/predrag-milosavljevic-konak-kneza-milosa-na-topcideru-1940\/","url":"http:\/\/www.galerijamaticesrpske.rs\/lat\/u-fokusu-gms\/predrag-milosavljevic-konak-kneza-milosa-na-topcideru-1940\/","name":"Predrag Milosavljevi\u0107, Konak kneza Milo\u0161a na Top\u010dideru, 1940. | Galerija Matice srpske","isPartOf":{"@id":"https:\/\/www.galerijamaticesrpske.rs\/#website"},"primaryImageOfPage":{"@id":"http:\/\/www.galerijamaticesrpske.rs\/lat\/u-fokusu-gms\/predrag-milosavljevic-konak-kneza-milosa-na-topcideru-1940\/#primaryimage"},"image":{"@id":"http:\/\/www.galerijamaticesrpske.rs\/lat\/u-fokusu-gms\/predrag-milosavljevic-konak-kneza-milosa-na-topcideru-1940\/#primaryimage"},"thumbnailUrl":"http:\/\/www.galerijamaticesrpske.rs\/wp-content\/uploads\/2025\/09\/pedja_milosavljevic_k3-1-scaled.jpg","datePublished":"2025-09-03T11:58:48+00:00","description":"Izlo\u017eena slika govori o jednom umetniku u burnom periodu 20. veka, umetni\u010dkim stremljenjima i mestima na kojima je izlagana.","breadcrumb":{"@id":"http:\/\/www.galerijamaticesrpske.rs\/lat\/u-fokusu-gms\/predrag-milosavljevic-konak-kneza-milosa-na-topcideru-1940\/#breadcrumb"},"inLanguage":"sr-LAT","potentialAction":[{"@type":"ReadAction","target":["http:\/\/www.galerijamaticesrpske.rs\/lat\/u-fokusu-gms\/predrag-milosavljevic-konak-kneza-milosa-na-topcideru-1940\/"]}]},{"@type":"ImageObject","inLanguage":"sr-LAT","@id":"http:\/\/www.galerijamaticesrpske.rs\/lat\/u-fokusu-gms\/predrag-milosavljevic-konak-kneza-milosa-na-topcideru-1940\/#primaryimage","url":"http:\/\/www.galerijamaticesrpske.rs\/wp-content\/uploads\/2025\/09\/pedja_milosavljevic_k3-1-scaled.jpg","contentUrl":"http:\/\/www.galerijamaticesrpske.rs\/wp-content\/uploads\/2025\/09\/pedja_milosavljevic_k3-1-scaled.jpg","width":2560,"height":1518},{"@type":"BreadcrumbList","@id":"http:\/\/www.galerijamaticesrpske.rs\/lat\/u-fokusu-gms\/predrag-milosavljevic-konak-kneza-milosa-na-topcideru-1940\/#breadcrumb","itemListElement":[{"@type":"ListItem","position":1,"name":"\u041f\u043e\u0447\u0435\u0442\u043d\u0430","item":"http:\/\/www.galerijamaticesrpske.rs\/lat\/"},{"@type":"ListItem","position":2,"name":"Predrag Milosavljevi\u0107, Konak kneza Milo\u0161a na Top\u010dideru, 1940."}]},{"@type":"WebSite","@id":"https:\/\/www.galerijamaticesrpske.rs\/#website","url":"https:\/\/www.galerijamaticesrpske.rs\/","name":"Galerija Matice srpske","description":"Muzej srpske nacionalne umetnosti u Novom Sadu","publisher":{"@id":"https:\/\/www.galerijamaticesrpske.rs\/#organization"},"potentialAction":[{"@type":"SearchAction","target":{"@type":"EntryPoint","urlTemplate":"https:\/\/www.galerijamaticesrpske.rs\/?s={search_term_string}"},"query-input":{"@type":"PropertyValueSpecification","valueRequired":true,"valueName":"search_term_string"}}],"inLanguage":"sr-LAT"},{"@type":"Organization","@id":"https:\/\/www.galerijamaticesrpske.rs\/#organization","name":"Galerija Matice srpske","url":"https:\/\/www.galerijamaticesrpske.rs\/","logo":{"@type":"ImageObject","inLanguage":"sr-LAT","@id":"https:\/\/www.galerijamaticesrpske.rs\/#\/schema\/logo\/image\/","url":"https:\/\/www.galerijamaticesrpske.rs\/wp-content\/uploads\/2021\/01\/gms-logo-za-sajt.svg","contentUrl":"https:\/\/www.galerijamaticesrpske.rs\/wp-content\/uploads\/2021\/01\/gms-logo-za-sajt.svg","width":1,"height":1,"caption":"Galerija Matice srpske"},"image":{"@id":"https:\/\/www.galerijamaticesrpske.rs\/#\/schema\/logo\/image\/"}},{"@type":"Person","@id":"https:\/\/www.galerijamaticesrpske.rs\/#\/schema\/person\/cd7cf801d7fcb10a165f8407e502944b","name":"Jelena GMS","image":{"@type":"ImageObject","inLanguage":"sr-LAT","@id":"https:\/\/secure.gravatar.com\/avatar\/d97cc9c9ff00ecfcae2d4161f8d50f74465676163393192de390634ca0095b9d?s=96&d=mm&r=g","url":"https:\/\/secure.gravatar.com\/avatar\/d97cc9c9ff00ecfcae2d4161f8d50f74465676163393192de390634ca0095b9d?s=96&d=mm&r=g","contentUrl":"https:\/\/secure.gravatar.com\/avatar\/d97cc9c9ff00ecfcae2d4161f8d50f74465676163393192de390634ca0095b9d?s=96&d=mm&r=g","caption":"Jelena GMS"}}]}},"_links":{"self":[{"href":"http:\/\/www.galerijamaticesrpske.rs\/lat\/wp-json\/wp\/v2\/posts\/15534","targetHints":{"allow":["GET"]}}],"collection":[{"href":"http:\/\/www.galerijamaticesrpske.rs\/lat\/wp-json\/wp\/v2\/posts"}],"about":[{"href":"http:\/\/www.galerijamaticesrpske.rs\/lat\/wp-json\/wp\/v2\/types\/post"}],"author":[{"embeddable":true,"href":"http:\/\/www.galerijamaticesrpske.rs\/lat\/wp-json\/wp\/v2\/users\/2"}],"replies":[{"embeddable":true,"href":"http:\/\/www.galerijamaticesrpske.rs\/lat\/wp-json\/wp\/v2\/comments?post=15534"}],"version-history":[{"count":1,"href":"http:\/\/www.galerijamaticesrpske.rs\/lat\/wp-json\/wp\/v2\/posts\/15534\/revisions"}],"predecessor-version":[{"id":15535,"href":"http:\/\/www.galerijamaticesrpske.rs\/lat\/wp-json\/wp\/v2\/posts\/15534\/revisions\/15535"}],"wp:featuredmedia":[{"embeddable":true,"href":"http:\/\/www.galerijamaticesrpske.rs\/lat\/wp-json\/wp\/v2\/media\/15532"}],"wp:attachment":[{"href":"http:\/\/www.galerijamaticesrpske.rs\/lat\/wp-json\/wp\/v2\/media?parent=15534"}],"wp:term":[{"taxonomy":"category","embeddable":true,"href":"http:\/\/www.galerijamaticesrpske.rs\/lat\/wp-json\/wp\/v2\/categories?post=15534"},{"taxonomy":"post_tag","embeddable":true,"href":"http:\/\/www.galerijamaticesrpske.rs\/lat\/wp-json\/wp\/v2\/tags?post=15534"}],"curies":[{"name":"wp","href":"https:\/\/api.w.org\/{rel}","templated":true}]}}