{"id":5589,"date":"2021-10-07T06:21:12","date_gmt":"2021-10-07T06:21:12","guid":{"rendered":"https:\/\/www.galerijamaticesrpske.rs\/?p=5589"},"modified":"2021-10-07T06:21:14","modified_gmt":"2021-10-07T06:21:14","slug":"u-fokusu-uros-predic-stariji-brat-uci-mladeg-da-dubi-u-uglu-1878","status":"publish","type":"post","link":"http:\/\/www.galerijamaticesrpske.rs\/lat\/u-fokusu-gms\/u-fokusu-uros-predic-stariji-brat-uci-mladeg-da-dubi-u-uglu-1878\/","title":{"rendered":"U fokusu: Uro\u0161 Predi\u0107, Stariji brat u\u010di mla\u0111eg da dubi u uglu, 1878."},"content":{"rendered":"\n<p>Uro\u0161 Predi\u0107 (1857\u20131953)<br><strong>Stariji brat u\u010di mla\u0111eg da dubi u uglu<\/strong>, 1878.<br>Akvarel i gva\u0161 na papiru, 13,2 \u00d7 18,8 cm<br>GMS\/U 1842<\/p>\n\n\n\n<p>Obele\u017eavaju\u0107i de\u010dju nedelju i po\u010detak edukativnog programa za decu ovomese\u010dnu rubriku \u201eU fokusu\u201c, kao i Sobu za prepu\u0161tanje, posve\u0107ujemo slici <em>Stariji brat u\u010di mla\u0111eg da dubi u uglu<\/em>, \u010duvenog srpskog umetnika Uro\u0161a Predi\u0107a.<\/p>\n\n\n\n<p class=\"has-text-align-center\"><em>\u201eU\u010dimo se, vreme nam je,<br>u mladosti sve se mili.<br>Svako seme da\u0107e ploda<br>kad budemo ostarili.\u201c<\/em><br>J. Jovanovi\u0107 Zmaj<\/p>\n\n\n\n<p>Deci, njihovim potrebama i svetovima posve\u0107uje se tokom 19. veka postepeno sve vi\u0161e pa\u017enje kako u op\u0161tem, javnom govoru evropskog gra\u0111anstva, tako i unutar porodice \u2013 osnovne \u0107elije gra\u0111anskog dru\u0161tva. Ose\u0107ajnost i svest koja uva\u017eava posebnost dece predstavljala je novost nepoznatu prethodnim epohama. Zna\u010dajan porast broja de\u010djih portreta naslikanih tokom 19. veka svedo\u010di, ba\u0161 kao i poja\u010dana briga o zdravlju i obrazovanju dece, ili pojava de\u010djih soba, o promenjenom dru\u0161tvenom polo\u017eaju deteta. U odnosu savremenih ljudi prema deci mogu se prepoznati usvojene obrazovne i vaspita\u010dke pouke iz 19. veka dok obele\u017eavanje De\u010dje nedelje tokom meseca oktobra predstavlja tradiciju koja se u Srbiji neguje od 1934. godine.<\/p>\n\n\n\n<p>Stihovi Ljubivoja R\u0161umovi\u0107a \u201eDete je dete, da ga volite i razumete\u201c moto su ovogodi\u0161nje De\u010dje nedelje. Alegorijski, ovi stihovi mogu ukazivati na Uro\u0161a Predi\u0107a kao slikara koji je veoma voleo decu i umeo da pronikne u njihovu du\u0161u, ocrtavaju\u0107i na platnu plahoviti de\u010dji temperament. Me\u0111u srpskim slikarima 19. veka najvi\u0161e domete u slikanju dece dosti\u017ee upravo Uro\u0161 Predi\u0107. Prihvataju\u0107i decu kao sebi bliske osobe, naslikao je veliku galeriju de\u010djih portreta. Predi\u0107 je ro\u0111en je u Orlovatu, \u0161kolovao se u Crepaji i Pan\u010devu odakle odlazi u Be\u010d i upisuje tamo\u0161nju \u010duvenu likovnu Akademiju. Nadarenost za crtanje iskazivao je ve\u0107 kao maleni de\u010dak, a fokus na izuzetno kvalitetan crte\u017e bi\u0107e osnova njegovog celokupnog opusa koji broji preko 1500 dela. Slikarstvo je studirao u klasi profesora Kristijana Gripenkerla, bio je stipendista Matice srpske, da bi nakon diplomiranja dve godine proveo kao saradnik u privatnom ateljeu svoga profesora. Od 1883. do 1885. godine radio je kao Gripenkerlov asistent na Akademiji. U rodni Orlovat se vratio 1885. godine, a u Beogradu se stalno nastanio 1909. godine. Du\u017ei niz godina radio je kao ilustrator za \u201eNeven\u201c \u2013 de\u010dji list Jovana Jovanovi\u0107a Zmaja. Jedan je od osniva\u010da umetni\u010dkih udru\u017eenja: \u201eLada\u201d (1904) \u010diji je bio dugogodi\u0161nji predsednik, kao i Udru\u017eenja likovnih umetnika u Beogradu (1919) i njegov prvi predsednik. Od 1909\/1910. godine bio je \u010dlan Srpske kraljevske akademije.<\/p>\n\n\n\n<p>Predi\u0107 se ubraja u vode\u0107e predstavnike \u201eakademskog realizma\u201d u srpskoj istoriji umetnosti. Kompoziciju <em>Stariji brat u\u010di mla\u0111eg da dubi u uglu<\/em> izveo je za vreme studentskih dana prikazuju\u0107i u minijaturnim razmerama intimni svet najva\u017enijeg dela gra\u0111anske porodice \u2013 njihove dece, naslednika. De\u010daci su okru\u017eeni igra\u010dkama, potpuno zaokupljeni sopstvenim temama, u momentu dok stariji brat \u2013 odeven ve\u0107 kao odrasla osoba u odelo, sokne i cipelice, opominje mla\u0111eg brata koji je jo\u0161 uvek beba \u2013 odeven u belu haljinicu bez isticanja polne pripadnosti. Stariji brat je bio u obavezi da pazi na mla\u0111eg i da poma\u017ee u njegovom vaspitavanju. Predstavljen pored igra\u010dke sablje, stariji brat svoj autoritet uve\u017ebava gestom podignutog prsta nad rasplakanim licem mla\u0111eg brata. U rastu\u017eenim o\u010dima i iskrivljenim usnama mla\u0111eg brata kao i u prikazu rumenila njegovih detinjih obra\u0161\u010di\u0107a naslu\u0107ujemo rasko\u0161 Predi\u0107evog ume\u0107a portretisanja dece, potpuno izra\u017eenu na portretu njegove <em>Nadurene devoj\u010dice<\/em> za koju je dobio presti\u017enu Gundlovu nagradu be\u010dke Akademije za najbolji studentski rad u tehnici ulja na platnu.<\/p>\n","protected":false},"excerpt":{"rendered":"<p>Uro\u0161 Predi\u0107 (1857\u20131953)Stariji brat u\u010di mla\u0111eg da dubi u uglu, 1878.Akvarel i gva\u0161 na papiru, 13,2 \u00d7 18,8 cmGMS\/U 1842 Obele\u017eavaju\u0107i de\u010dju nedelju i po\u010detak edukativnog programa za decu ovomese\u010dnu rubriku \u201eU fokusu\u201c, kao i Sobu za prepu\u0161tanje, posve\u0107ujemo slici Stariji brat u\u010di mla\u0111eg da dubi u uglu, \u010duvenog srpskog umetnika Uro\u0161a Predi\u0107a. \u201eU\u010dimo se,<\/p>\n","protected":false},"author":2,"featured_media":5588,"comment_status":"closed","ping_status":"closed","sticky":false,"template":"","format":"standard","meta":{"_acf_changed":false,"footnotes":""},"categories":[95],"tags":[],"class_list":["post-5589","post","type-post","status-publish","format-standard","has-post-thumbnail","hentry","category-u-fokusu-gms"],"acf":[],"yoast_head":"<!-- This site is optimized with the Yoast SEO plugin v27.3 - https:\/\/yoast.com\/product\/yoast-seo-wordpress\/ -->\n<title>U fokusu: Uro\u0161 Predi\u0107, Stariji brat u\u010di mla\u0111eg da dubi u uglu, 1878. | Galerija Matice srpske<\/title>\n<meta name=\"robots\" content=\"index, follow, max-snippet:-1, max-image-preview:large, max-video-preview:-1\" \/>\n<link rel=\"canonical\" href=\"http:\/\/www.galerijamaticesrpske.rs\/lat\/u-fokusu-gms\/u-fokusu-uros-predic-stariji-brat-uci-mladeg-da-dubi-u-uglu-1878\/\" \/>\n<meta property=\"og:locale\" content=\"en_US\" \/>\n<meta property=\"og:type\" content=\"article\" \/>\n<meta property=\"og:title\" content=\"U fokusu: Uro\u0161 Predi\u0107, Stariji brat u\u010di mla\u0111eg da dubi u uglu, 1878. | Galerija Matice srpske\" \/>\n<meta property=\"og:description\" content=\"Uro\u0161 Predi\u0107 (1857\u20131953)Stariji brat u\u010di mla\u0111eg da dubi u uglu, 1878.Akvarel i gva\u0161 na papiru, 13,2 \u00d7 18,8 cmGMS\/U 1842 Obele\u017eavaju\u0107i de\u010dju nedelju i po\u010detak edukativnog programa za decu ovomese\u010dnu rubriku \u201eU fokusu\u201c, kao i Sobu za prepu\u0161tanje, posve\u0107ujemo slici Stariji brat u\u010di mla\u0111eg da dubi u uglu, \u010duvenog srpskog umetnika Uro\u0161a Predi\u0107a. \u201eU\u010dimo se,\" \/>\n<meta property=\"og:url\" content=\"http:\/\/www.galerijamaticesrpske.rs\/lat\/u-fokusu-gms\/u-fokusu-uros-predic-stariji-brat-uci-mladeg-da-dubi-u-uglu-1878\/\" \/>\n<meta property=\"og:site_name\" content=\"Galerija Matice srpske\" \/>\n<meta property=\"article:published_time\" content=\"2021-10-07T06:21:12+00:00\" \/>\n<meta property=\"article:modified_time\" content=\"2021-10-07T06:21:14+00:00\" \/>\n<meta property=\"og:image\" content=\"http:\/\/www.galerijamaticesrpske.rs\/wp-content\/uploads\/2021\/10\/gmsu1842a.jpg\" \/>\n\t<meta property=\"og:image:width\" content=\"1569\" \/>\n\t<meta property=\"og:image:height\" content=\"2245\" \/>\n\t<meta property=\"og:image:type\" content=\"image\/jpeg\" \/>\n<meta name=\"author\" content=\"Jelena GMS\" \/>\n<meta name=\"twitter:card\" content=\"summary_large_image\" \/>\n<meta name=\"twitter:label1\" content=\"Written by\" \/>\n\t<meta name=\"twitter:data1\" content=\"Jelena GMS\" \/>\n\t<meta name=\"twitter:label2\" content=\"Est. reading time\" \/>\n\t<meta name=\"twitter:data2\" content=\"3 minutes\" \/>\n<script type=\"application\/ld+json\" class=\"yoast-schema-graph\">{\"@context\":\"https:\\\/\\\/schema.org\",\"@graph\":[{\"@type\":\"Article\",\"@id\":\"http:\\\/\\\/www.galerijamaticesrpske.rs\\\/lat\\\/u-fokusu-gms\\\/u-fokusu-uros-predic-stariji-brat-uci-mladeg-da-dubi-u-uglu-1878\\\/#article\",\"isPartOf\":{\"@id\":\"http:\\\/\\\/www.galerijamaticesrpske.rs\\\/lat\\\/u-fokusu-gms\\\/u-fokusu-uros-predic-stariji-brat-uci-mladeg-da-dubi-u-uglu-1878\\\/\"},\"author\":{\"name\":\"Jelena GMS\",\"@id\":\"https:\\\/\\\/www.galerijamaticesrpske.rs\\\/#\\\/schema\\\/person\\\/cd7cf801d7fcb10a165f8407e502944b\"},\"headline\":\"U fokusu: Uro\u0161 Predi\u0107, Stariji brat u\u010di mla\u0111eg da dubi u uglu, 1878.\",\"datePublished\":\"2021-10-07T06:21:12+00:00\",\"dateModified\":\"2021-10-07T06:21:14+00:00\",\"mainEntityOfPage\":{\"@id\":\"http:\\\/\\\/www.galerijamaticesrpske.rs\\\/lat\\\/u-fokusu-gms\\\/u-fokusu-uros-predic-stariji-brat-uci-mladeg-da-dubi-u-uglu-1878\\\/\"},\"wordCount\":641,\"publisher\":{\"@id\":\"https:\\\/\\\/www.galerijamaticesrpske.rs\\\/#organization\"},\"image\":{\"@id\":\"http:\\\/\\\/www.galerijamaticesrpske.rs\\\/lat\\\/u-fokusu-gms\\\/u-fokusu-uros-predic-stariji-brat-uci-mladeg-da-dubi-u-uglu-1878\\\/#primaryimage\"},\"thumbnailUrl\":\"http:\\\/\\\/www.galerijamaticesrpske.rs\\\/wp-content\\\/uploads\\\/2021\\\/10\\\/gmsu1842a.jpg\",\"articleSection\":[\"U fokusu\"],\"inLanguage\":\"sr-LAT\"},{\"@type\":\"WebPage\",\"@id\":\"http:\\\/\\\/www.galerijamaticesrpske.rs\\\/lat\\\/u-fokusu-gms\\\/u-fokusu-uros-predic-stariji-brat-uci-mladeg-da-dubi-u-uglu-1878\\\/\",\"url\":\"http:\\\/\\\/www.galerijamaticesrpske.rs\\\/lat\\\/u-fokusu-gms\\\/u-fokusu-uros-predic-stariji-brat-uci-mladeg-da-dubi-u-uglu-1878\\\/\",\"name\":\"U fokusu: Uro\u0161 Predi\u0107, Stariji brat u\u010di mla\u0111eg da dubi u uglu, 1878. | Galerija Matice srpske\",\"isPartOf\":{\"@id\":\"https:\\\/\\\/www.galerijamaticesrpske.rs\\\/#website\"},\"primaryImageOfPage\":{\"@id\":\"http:\\\/\\\/www.galerijamaticesrpske.rs\\\/lat\\\/u-fokusu-gms\\\/u-fokusu-uros-predic-stariji-brat-uci-mladeg-da-dubi-u-uglu-1878\\\/#primaryimage\"},\"image\":{\"@id\":\"http:\\\/\\\/www.galerijamaticesrpske.rs\\\/lat\\\/u-fokusu-gms\\\/u-fokusu-uros-predic-stariji-brat-uci-mladeg-da-dubi-u-uglu-1878\\\/#primaryimage\"},\"thumbnailUrl\":\"http:\\\/\\\/www.galerijamaticesrpske.rs\\\/wp-content\\\/uploads\\\/2021\\\/10\\\/gmsu1842a.jpg\",\"datePublished\":\"2021-10-07T06:21:12+00:00\",\"dateModified\":\"2021-10-07T06:21:14+00:00\",\"breadcrumb\":{\"@id\":\"http:\\\/\\\/www.galerijamaticesrpske.rs\\\/lat\\\/u-fokusu-gms\\\/u-fokusu-uros-predic-stariji-brat-uci-mladeg-da-dubi-u-uglu-1878\\\/#breadcrumb\"},\"inLanguage\":\"sr-LAT\",\"potentialAction\":[{\"@type\":\"ReadAction\",\"target\":[\"http:\\\/\\\/www.galerijamaticesrpske.rs\\\/lat\\\/u-fokusu-gms\\\/u-fokusu-uros-predic-stariji-brat-uci-mladeg-da-dubi-u-uglu-1878\\\/\"]}]},{\"@type\":\"ImageObject\",\"inLanguage\":\"sr-LAT\",\"@id\":\"http:\\\/\\\/www.galerijamaticesrpske.rs\\\/lat\\\/u-fokusu-gms\\\/u-fokusu-uros-predic-stariji-brat-uci-mladeg-da-dubi-u-uglu-1878\\\/#primaryimage\",\"url\":\"http:\\\/\\\/www.galerijamaticesrpske.rs\\\/wp-content\\\/uploads\\\/2021\\\/10\\\/gmsu1842a.jpg\",\"contentUrl\":\"http:\\\/\\\/www.galerijamaticesrpske.rs\\\/wp-content\\\/uploads\\\/2021\\\/10\\\/gmsu1842a.jpg\",\"width\":1569,\"height\":2245},{\"@type\":\"BreadcrumbList\",\"@id\":\"http:\\\/\\\/www.galerijamaticesrpske.rs\\\/lat\\\/u-fokusu-gms\\\/u-fokusu-uros-predic-stariji-brat-uci-mladeg-da-dubi-u-uglu-1878\\\/#breadcrumb\",\"itemListElement\":[{\"@type\":\"ListItem\",\"position\":1,\"name\":\"\u041f\u043e\u0447\u0435\u0442\u043d\u0430\",\"item\":\"http:\\\/\\\/www.galerijamaticesrpske.rs\\\/lat\\\/\"},{\"@type\":\"ListItem\",\"position\":2,\"name\":\"U fokusu: Uro\u0161 Predi\u0107, Stariji brat u\u010di mla\u0111eg da dubi u uglu, 1878.\"}]},{\"@type\":\"WebSite\",\"@id\":\"https:\\\/\\\/www.galerijamaticesrpske.rs\\\/#website\",\"url\":\"https:\\\/\\\/www.galerijamaticesrpske.rs\\\/\",\"name\":\"Galerija Matice srpske\",\"description\":\"Muzej srpske nacionalne umetnosti u Novom Sadu\",\"publisher\":{\"@id\":\"https:\\\/\\\/www.galerijamaticesrpske.rs\\\/#organization\"},\"potentialAction\":[{\"@type\":\"SearchAction\",\"target\":{\"@type\":\"EntryPoint\",\"urlTemplate\":\"https:\\\/\\\/www.galerijamaticesrpske.rs\\\/?s={search_term_string}\"},\"query-input\":{\"@type\":\"PropertyValueSpecification\",\"valueRequired\":true,\"valueName\":\"search_term_string\"}}],\"inLanguage\":\"sr-LAT\"},{\"@type\":\"Organization\",\"@id\":\"https:\\\/\\\/www.galerijamaticesrpske.rs\\\/#organization\",\"name\":\"Galerija Matice srpske\",\"url\":\"https:\\\/\\\/www.galerijamaticesrpske.rs\\\/\",\"logo\":{\"@type\":\"ImageObject\",\"inLanguage\":\"sr-LAT\",\"@id\":\"https:\\\/\\\/www.galerijamaticesrpske.rs\\\/#\\\/schema\\\/logo\\\/image\\\/\",\"url\":\"https:\\\/\\\/www.galerijamaticesrpske.rs\\\/wp-content\\\/uploads\\\/2021\\\/01\\\/gms-logo-za-sajt.svg\",\"contentUrl\":\"https:\\\/\\\/www.galerijamaticesrpske.rs\\\/wp-content\\\/uploads\\\/2021\\\/01\\\/gms-logo-za-sajt.svg\",\"width\":1,\"height\":1,\"caption\":\"Galerija Matice srpske\"},\"image\":{\"@id\":\"https:\\\/\\\/www.galerijamaticesrpske.rs\\\/#\\\/schema\\\/logo\\\/image\\\/\"}},{\"@type\":\"Person\",\"@id\":\"https:\\\/\\\/www.galerijamaticesrpske.rs\\\/#\\\/schema\\\/person\\\/cd7cf801d7fcb10a165f8407e502944b\",\"name\":\"Jelena GMS\",\"image\":{\"@type\":\"ImageObject\",\"inLanguage\":\"sr-LAT\",\"@id\":\"https:\\\/\\\/secure.gravatar.com\\\/avatar\\\/d97cc9c9ff00ecfcae2d4161f8d50f74465676163393192de390634ca0095b9d?s=96&d=mm&r=g\",\"url\":\"https:\\\/\\\/secure.gravatar.com\\\/avatar\\\/d97cc9c9ff00ecfcae2d4161f8d50f74465676163393192de390634ca0095b9d?s=96&d=mm&r=g\",\"contentUrl\":\"https:\\\/\\\/secure.gravatar.com\\\/avatar\\\/d97cc9c9ff00ecfcae2d4161f8d50f74465676163393192de390634ca0095b9d?s=96&d=mm&r=g\",\"caption\":\"Jelena GMS\"}}]}<\/script>\n<!-- \/ Yoast SEO plugin. -->","yoast_head_json":{"title":"U fokusu: Uro\u0161 Predi\u0107, Stariji brat u\u010di mla\u0111eg da dubi u uglu, 1878. | Galerija Matice srpske","robots":{"index":"index","follow":"follow","max-snippet":"max-snippet:-1","max-image-preview":"max-image-preview:large","max-video-preview":"max-video-preview:-1"},"canonical":"http:\/\/www.galerijamaticesrpske.rs\/lat\/u-fokusu-gms\/u-fokusu-uros-predic-stariji-brat-uci-mladeg-da-dubi-u-uglu-1878\/","og_locale":"en_US","og_type":"article","og_title":"U fokusu: Uro\u0161 Predi\u0107, Stariji brat u\u010di mla\u0111eg da dubi u uglu, 1878. | Galerija Matice srpske","og_description":"Uro\u0161 Predi\u0107 (1857\u20131953)Stariji brat u\u010di mla\u0111eg da dubi u uglu, 1878.Akvarel i gva\u0161 na papiru, 13,2 \u00d7 18,8 cmGMS\/U 1842 Obele\u017eavaju\u0107i de\u010dju nedelju i po\u010detak edukativnog programa za decu ovomese\u010dnu rubriku \u201eU fokusu\u201c, kao i Sobu za prepu\u0161tanje, posve\u0107ujemo slici Stariji brat u\u010di mla\u0111eg da dubi u uglu, \u010duvenog srpskog umetnika Uro\u0161a Predi\u0107a. \u201eU\u010dimo se,","og_url":"http:\/\/www.galerijamaticesrpske.rs\/lat\/u-fokusu-gms\/u-fokusu-uros-predic-stariji-brat-uci-mladeg-da-dubi-u-uglu-1878\/","og_site_name":"Galerija Matice srpske","article_published_time":"2021-10-07T06:21:12+00:00","article_modified_time":"2021-10-07T06:21:14+00:00","og_image":[{"width":1569,"height":2245,"url":"http:\/\/www.galerijamaticesrpske.rs\/wp-content\/uploads\/2021\/10\/gmsu1842a.jpg","type":"image\/jpeg"}],"author":"Jelena GMS","twitter_card":"summary_large_image","twitter_misc":{"Written by":"Jelena GMS","Est. reading time":"3 minutes"},"schema":{"@context":"https:\/\/schema.org","@graph":[{"@type":"Article","@id":"http:\/\/www.galerijamaticesrpske.rs\/lat\/u-fokusu-gms\/u-fokusu-uros-predic-stariji-brat-uci-mladeg-da-dubi-u-uglu-1878\/#article","isPartOf":{"@id":"http:\/\/www.galerijamaticesrpske.rs\/lat\/u-fokusu-gms\/u-fokusu-uros-predic-stariji-brat-uci-mladeg-da-dubi-u-uglu-1878\/"},"author":{"name":"Jelena GMS","@id":"https:\/\/www.galerijamaticesrpske.rs\/#\/schema\/person\/cd7cf801d7fcb10a165f8407e502944b"},"headline":"U fokusu: Uro\u0161 Predi\u0107, Stariji brat u\u010di mla\u0111eg da dubi u uglu, 1878.","datePublished":"2021-10-07T06:21:12+00:00","dateModified":"2021-10-07T06:21:14+00:00","mainEntityOfPage":{"@id":"http:\/\/www.galerijamaticesrpske.rs\/lat\/u-fokusu-gms\/u-fokusu-uros-predic-stariji-brat-uci-mladeg-da-dubi-u-uglu-1878\/"},"wordCount":641,"publisher":{"@id":"https:\/\/www.galerijamaticesrpske.rs\/#organization"},"image":{"@id":"http:\/\/www.galerijamaticesrpske.rs\/lat\/u-fokusu-gms\/u-fokusu-uros-predic-stariji-brat-uci-mladeg-da-dubi-u-uglu-1878\/#primaryimage"},"thumbnailUrl":"http:\/\/www.galerijamaticesrpske.rs\/wp-content\/uploads\/2021\/10\/gmsu1842a.jpg","articleSection":["U fokusu"],"inLanguage":"sr-LAT"},{"@type":"WebPage","@id":"http:\/\/www.galerijamaticesrpske.rs\/lat\/u-fokusu-gms\/u-fokusu-uros-predic-stariji-brat-uci-mladeg-da-dubi-u-uglu-1878\/","url":"http:\/\/www.galerijamaticesrpske.rs\/lat\/u-fokusu-gms\/u-fokusu-uros-predic-stariji-brat-uci-mladeg-da-dubi-u-uglu-1878\/","name":"U fokusu: Uro\u0161 Predi\u0107, Stariji brat u\u010di mla\u0111eg da dubi u uglu, 1878. | Galerija Matice srpske","isPartOf":{"@id":"https:\/\/www.galerijamaticesrpske.rs\/#website"},"primaryImageOfPage":{"@id":"http:\/\/www.galerijamaticesrpske.rs\/lat\/u-fokusu-gms\/u-fokusu-uros-predic-stariji-brat-uci-mladeg-da-dubi-u-uglu-1878\/#primaryimage"},"image":{"@id":"http:\/\/www.galerijamaticesrpske.rs\/lat\/u-fokusu-gms\/u-fokusu-uros-predic-stariji-brat-uci-mladeg-da-dubi-u-uglu-1878\/#primaryimage"},"thumbnailUrl":"http:\/\/www.galerijamaticesrpske.rs\/wp-content\/uploads\/2021\/10\/gmsu1842a.jpg","datePublished":"2021-10-07T06:21:12+00:00","dateModified":"2021-10-07T06:21:14+00:00","breadcrumb":{"@id":"http:\/\/www.galerijamaticesrpske.rs\/lat\/u-fokusu-gms\/u-fokusu-uros-predic-stariji-brat-uci-mladeg-da-dubi-u-uglu-1878\/#breadcrumb"},"inLanguage":"sr-LAT","potentialAction":[{"@type":"ReadAction","target":["http:\/\/www.galerijamaticesrpske.rs\/lat\/u-fokusu-gms\/u-fokusu-uros-predic-stariji-brat-uci-mladeg-da-dubi-u-uglu-1878\/"]}]},{"@type":"ImageObject","inLanguage":"sr-LAT","@id":"http:\/\/www.galerijamaticesrpske.rs\/lat\/u-fokusu-gms\/u-fokusu-uros-predic-stariji-brat-uci-mladeg-da-dubi-u-uglu-1878\/#primaryimage","url":"http:\/\/www.galerijamaticesrpske.rs\/wp-content\/uploads\/2021\/10\/gmsu1842a.jpg","contentUrl":"http:\/\/www.galerijamaticesrpske.rs\/wp-content\/uploads\/2021\/10\/gmsu1842a.jpg","width":1569,"height":2245},{"@type":"BreadcrumbList","@id":"http:\/\/www.galerijamaticesrpske.rs\/lat\/u-fokusu-gms\/u-fokusu-uros-predic-stariji-brat-uci-mladeg-da-dubi-u-uglu-1878\/#breadcrumb","itemListElement":[{"@type":"ListItem","position":1,"name":"\u041f\u043e\u0447\u0435\u0442\u043d\u0430","item":"http:\/\/www.galerijamaticesrpske.rs\/lat\/"},{"@type":"ListItem","position":2,"name":"U fokusu: Uro\u0161 Predi\u0107, Stariji brat u\u010di mla\u0111eg da dubi u uglu, 1878."}]},{"@type":"WebSite","@id":"https:\/\/www.galerijamaticesrpske.rs\/#website","url":"https:\/\/www.galerijamaticesrpske.rs\/","name":"Galerija Matice srpske","description":"Muzej srpske nacionalne umetnosti u Novom Sadu","publisher":{"@id":"https:\/\/www.galerijamaticesrpske.rs\/#organization"},"potentialAction":[{"@type":"SearchAction","target":{"@type":"EntryPoint","urlTemplate":"https:\/\/www.galerijamaticesrpske.rs\/?s={search_term_string}"},"query-input":{"@type":"PropertyValueSpecification","valueRequired":true,"valueName":"search_term_string"}}],"inLanguage":"sr-LAT"},{"@type":"Organization","@id":"https:\/\/www.galerijamaticesrpske.rs\/#organization","name":"Galerija Matice srpske","url":"https:\/\/www.galerijamaticesrpske.rs\/","logo":{"@type":"ImageObject","inLanguage":"sr-LAT","@id":"https:\/\/www.galerijamaticesrpske.rs\/#\/schema\/logo\/image\/","url":"https:\/\/www.galerijamaticesrpske.rs\/wp-content\/uploads\/2021\/01\/gms-logo-za-sajt.svg","contentUrl":"https:\/\/www.galerijamaticesrpske.rs\/wp-content\/uploads\/2021\/01\/gms-logo-za-sajt.svg","width":1,"height":1,"caption":"Galerija Matice srpske"},"image":{"@id":"https:\/\/www.galerijamaticesrpske.rs\/#\/schema\/logo\/image\/"}},{"@type":"Person","@id":"https:\/\/www.galerijamaticesrpske.rs\/#\/schema\/person\/cd7cf801d7fcb10a165f8407e502944b","name":"Jelena GMS","image":{"@type":"ImageObject","inLanguage":"sr-LAT","@id":"https:\/\/secure.gravatar.com\/avatar\/d97cc9c9ff00ecfcae2d4161f8d50f74465676163393192de390634ca0095b9d?s=96&d=mm&r=g","url":"https:\/\/secure.gravatar.com\/avatar\/d97cc9c9ff00ecfcae2d4161f8d50f74465676163393192de390634ca0095b9d?s=96&d=mm&r=g","contentUrl":"https:\/\/secure.gravatar.com\/avatar\/d97cc9c9ff00ecfcae2d4161f8d50f74465676163393192de390634ca0095b9d?s=96&d=mm&r=g","caption":"Jelena GMS"}}]}},"_links":{"self":[{"href":"http:\/\/www.galerijamaticesrpske.rs\/lat\/wp-json\/wp\/v2\/posts\/5589","targetHints":{"allow":["GET"]}}],"collection":[{"href":"http:\/\/www.galerijamaticesrpske.rs\/lat\/wp-json\/wp\/v2\/posts"}],"about":[{"href":"http:\/\/www.galerijamaticesrpske.rs\/lat\/wp-json\/wp\/v2\/types\/post"}],"author":[{"embeddable":true,"href":"http:\/\/www.galerijamaticesrpske.rs\/lat\/wp-json\/wp\/v2\/users\/2"}],"replies":[{"embeddable":true,"href":"http:\/\/www.galerijamaticesrpske.rs\/lat\/wp-json\/wp\/v2\/comments?post=5589"}],"version-history":[{"count":1,"href":"http:\/\/www.galerijamaticesrpske.rs\/lat\/wp-json\/wp\/v2\/posts\/5589\/revisions"}],"predecessor-version":[{"id":5590,"href":"http:\/\/www.galerijamaticesrpske.rs\/lat\/wp-json\/wp\/v2\/posts\/5589\/revisions\/5590"}],"wp:featuredmedia":[{"embeddable":true,"href":"http:\/\/www.galerijamaticesrpske.rs\/lat\/wp-json\/wp\/v2\/media\/5588"}],"wp:attachment":[{"href":"http:\/\/www.galerijamaticesrpske.rs\/lat\/wp-json\/wp\/v2\/media?parent=5589"}],"wp:term":[{"taxonomy":"category","embeddable":true,"href":"http:\/\/www.galerijamaticesrpske.rs\/lat\/wp-json\/wp\/v2\/categories?post=5589"},{"taxonomy":"post_tag","embeddable":true,"href":"http:\/\/www.galerijamaticesrpske.rs\/lat\/wp-json\/wp\/v2\/tags?post=5589"}],"curies":[{"name":"wp","href":"https:\/\/api.w.org\/{rel}","templated":true}]}}