{"id":6511,"date":"2022-03-07T12:28:54","date_gmt":"2022-03-07T12:28:54","guid":{"rendered":"https:\/\/www.galerijamaticesrpske.rs\/?p=6511"},"modified":"2022-03-07T12:28:54","modified_gmt":"2022-03-07T12:28:54","slug":"u-fokusu-ljubica-cuca-sokic-motiv-iz-pariza-1954","status":"publish","type":"post","link":"http:\/\/www.galerijamaticesrpske.rs\/lat\/u-fokusu-gms\/u-fokusu-ljubica-cuca-sokic-motiv-iz-pariza-1954\/","title":{"rendered":"U fokusu: Ljubica Cuca Soki\u0107, Motiv iz Pariza, 1954."},"content":{"rendered":"<p><strong>Ljubica Cuca Soki\u0107<\/strong><br \/>\n<strong><em>Motiv iz Pariza<\/em>, 1954.<\/strong><br \/>\nulje na platnu, 54,3 x 65,1 cm<br \/>\nGMS\/U 1373<\/p>\n<p>Mart je mesec frankofonije, zbog \u010dega vas u na\u0161oj rubrici &#8220;U fokusu&#8221; upoznajemo sa delom Ljubice Cuce Soki\u0107 <em>Motiv iz Pariza<\/em>.<\/p>\n<p>\u201eU Parizu je \u010dovek okru\u017een mno\u0161tvom dobrih slika, bogatim muzejima i izlo\u017ebama, a i sam Pariz je veoma pikturalan. U Parizu je svaka fleka, nekako, na svom mestu\u2026\u201c ovim re\u010dima je slikara Ljubica Cuca Soki\u0107 opisala prestonicu Francuske. Prvi put je u Pariz oti\u0161la 1936. godine kako bi usavr\u0161ila svoje umetni\u010dko obrazovanje. Pose\u0107ivala je \u010dasove ve\u010dernjeg akta u Acad\u00e9mie de la Grande Chaumi\u00e8re, a po\u010dela je da u\u010di grafiku na \u00c9cole des Beaux Arts. Tokom trogodi\u0161njeg boravka u Parizu, sna\u017ean utisak na nju ostavili su Luvr, brojne izlo\u017ebe, pre svega Pola Sezana iz 1936, kao i umetnost francuskih intimista Pjera Bonara i Eduara Vijara. Od tada Pariz i Francuska postaju umetni\u010dko ishodi\u0161te kojem \u0107e se tokom \u017eivota \u010desto vra\u0107ati.<\/p>\n<p>U vreme kada nastaje slika <em>Motiv iz Pariza<\/em>, slikarka je drugi put u ovom gradu 1954. godine. Tada putuje po Francuskoj i pose\u0107uje Sezanov atelje u Eks an Provansu. Poput francuskih intimista i Cuca Soki\u0107 gleda u Pariz iz vazduha. S prozora nekog privatnog sme\u0161taja ili ateljea, ona upu\u0107uje pogled na strme krovove Pariza, izdu\u017eene dimnjake i prepoznatljive zvonike Notr Dama. U ovom trenutku, Cuca je ve\u0107 smela i umetni\u010dki zrela \u0161to se prepoznaje kroz izra\u017eavanje \u010distim likovnim jezikom koji vodi ka upro\u0161\u0107avanju formi i geometrizaciji, bliskoj njenom temperamentu, ali zadr\u017eavaju\u0107i prepoznatljivu intimisti\u010dku bojenu gamu i valersko toniranje. Ova transponovana veduta grada pokazuje da se iza privida lako\u0107e i le\u017eernosti nalazi vrlo promi\u0161ljena struktura i dugo pripremano re\u0161enje. Cuca Soki\u0107 kao da pre\u00adtvara arhitektonske elemente u esencijalne objekte kojima se odre\u0111uje na\u0161 odnos prema svetu i prostoru koji nas okru\u017euje.<\/p>\n<p>Nikada ne gube\u0107i kontakt sa predmetnim svetom, u svom celokupnom stvarala\u0161tvu Cuca Soki\u0107 ostaje na granici figuracije i apstrakcije. Njene ideje su zapravo jednostavne: vizuelizacija okolnog ali nevidljivog sveta, do \u010dije realizacije vodi dug put razmi\u0161ljanja i traganja.<\/p>\n<p>&nbsp;<\/p>\n","protected":false},"excerpt":{"rendered":"<p>Ljubica Cuca Soki\u0107 Motiv iz Pariza, 1954. ulje na platnu, 54,3 x 65,1 cm GMS\/U 1373 Mart je mesec frankofonije, zbog \u010dega vas u na\u0161oj rubrici &#8220;U fokusu&#8221; upoznajemo sa delom Ljubice Cuce Soki\u0107 Motiv iz Pariza. \u201eU Parizu je \u010dovek okru\u017een mno\u0161tvom dobrih slika, bogatim muzejima i izlo\u017ebama, a i sam Pariz je veoma<\/p>\n","protected":false},"author":2,"featured_media":6509,"comment_status":"closed","ping_status":"closed","sticky":false,"template":"","format":"standard","meta":{"_acf_changed":false,"footnotes":""},"categories":[95],"tags":[],"class_list":["post-6511","post","type-post","status-publish","format-standard","has-post-thumbnail","hentry","category-u-fokusu-gms"],"acf":[],"yoast_head":"<!-- This site is optimized with the Yoast SEO plugin v27.3 - https:\/\/yoast.com\/product\/yoast-seo-wordpress\/ -->\n<title>U fokusu: Ljubica Cuca Soki\u0107, Motiv iz Pariza, 1954. | Galerija Matice srpske<\/title>\n<meta name=\"robots\" content=\"index, follow, max-snippet:-1, max-image-preview:large, max-video-preview:-1\" \/>\n<link rel=\"canonical\" href=\"http:\/\/www.galerijamaticesrpske.rs\/lat\/u-fokusu-gms\/u-fokusu-ljubica-cuca-sokic-motiv-iz-pariza-1954\/\" \/>\n<meta property=\"og:locale\" content=\"en_US\" \/>\n<meta property=\"og:type\" content=\"article\" \/>\n<meta property=\"og:title\" content=\"U fokusu: Ljubica Cuca Soki\u0107, Motiv iz Pariza, 1954. | Galerija Matice srpske\" \/>\n<meta property=\"og:description\" content=\"Ljubica Cuca Soki\u0107 Motiv iz Pariza, 1954. ulje na platnu, 54,3 x 65,1 cm GMS\/U 1373 Mart je mesec frankofonije, zbog \u010dega vas u na\u0161oj rubrici &#8220;U fokusu&#8221; upoznajemo sa delom Ljubice Cuce Soki\u0107 Motiv iz Pariza. \u201eU Parizu je \u010dovek okru\u017een mno\u0161tvom dobrih slika, bogatim muzejima i izlo\u017ebama, a i sam Pariz je veoma\" \/>\n<meta property=\"og:url\" content=\"http:\/\/www.galerijamaticesrpske.rs\/lat\/u-fokusu-gms\/u-fokusu-ljubica-cuca-sokic-motiv-iz-pariza-1954\/\" \/>\n<meta property=\"og:site_name\" content=\"Galerija Matice srpske\" \/>\n<meta property=\"article:published_time\" content=\"2022-03-07T12:28:54+00:00\" \/>\n<meta property=\"og:image\" content=\"http:\/\/www.galerijamaticesrpske.rs\/wp-content\/uploads\/2022\/03\/gmsu1373.jpg\" \/>\n\t<meta property=\"og:image:width\" content=\"2320\" \/>\n\t<meta property=\"og:image:height\" content=\"1920\" \/>\n\t<meta property=\"og:image:type\" content=\"image\/jpeg\" \/>\n<meta name=\"author\" content=\"Jelena GMS\" \/>\n<meta name=\"twitter:card\" content=\"summary_large_image\" \/>\n<meta name=\"twitter:label1\" content=\"Written by\" \/>\n\t<meta name=\"twitter:data1\" content=\"Jelena GMS\" \/>\n\t<meta name=\"twitter:label2\" content=\"Est. reading time\" \/>\n\t<meta name=\"twitter:data2\" content=\"2 minutes\" \/>\n<script type=\"application\/ld+json\" class=\"yoast-schema-graph\">{\"@context\":\"https:\\\/\\\/schema.org\",\"@graph\":[{\"@type\":\"Article\",\"@id\":\"http:\\\/\\\/www.galerijamaticesrpske.rs\\\/lat\\\/u-fokusu-gms\\\/u-fokusu-ljubica-cuca-sokic-motiv-iz-pariza-1954\\\/#article\",\"isPartOf\":{\"@id\":\"http:\\\/\\\/www.galerijamaticesrpske.rs\\\/lat\\\/u-fokusu-gms\\\/u-fokusu-ljubica-cuca-sokic-motiv-iz-pariza-1954\\\/\"},\"author\":{\"name\":\"Jelena GMS\",\"@id\":\"https:\\\/\\\/www.galerijamaticesrpske.rs\\\/#\\\/schema\\\/person\\\/cd7cf801d7fcb10a165f8407e502944b\"},\"headline\":\"U fokusu: Ljubica Cuca Soki\u0107, Motiv iz Pariza, 1954.\",\"datePublished\":\"2022-03-07T12:28:54+00:00\",\"mainEntityOfPage\":{\"@id\":\"http:\\\/\\\/www.galerijamaticesrpske.rs\\\/lat\\\/u-fokusu-gms\\\/u-fokusu-ljubica-cuca-sokic-motiv-iz-pariza-1954\\\/\"},\"wordCount\":377,\"publisher\":{\"@id\":\"https:\\\/\\\/www.galerijamaticesrpske.rs\\\/#organization\"},\"image\":{\"@id\":\"http:\\\/\\\/www.galerijamaticesrpske.rs\\\/lat\\\/u-fokusu-gms\\\/u-fokusu-ljubica-cuca-sokic-motiv-iz-pariza-1954\\\/#primaryimage\"},\"thumbnailUrl\":\"http:\\\/\\\/www.galerijamaticesrpske.rs\\\/wp-content\\\/uploads\\\/2022\\\/03\\\/gmsu1373.jpg\",\"articleSection\":[\"U fokusu\"],\"inLanguage\":\"sr-LAT\"},{\"@type\":\"WebPage\",\"@id\":\"http:\\\/\\\/www.galerijamaticesrpske.rs\\\/lat\\\/u-fokusu-gms\\\/u-fokusu-ljubica-cuca-sokic-motiv-iz-pariza-1954\\\/\",\"url\":\"http:\\\/\\\/www.galerijamaticesrpske.rs\\\/lat\\\/u-fokusu-gms\\\/u-fokusu-ljubica-cuca-sokic-motiv-iz-pariza-1954\\\/\",\"name\":\"U fokusu: Ljubica Cuca Soki\u0107, Motiv iz Pariza, 1954. | Galerija Matice srpske\",\"isPartOf\":{\"@id\":\"https:\\\/\\\/www.galerijamaticesrpske.rs\\\/#website\"},\"primaryImageOfPage\":{\"@id\":\"http:\\\/\\\/www.galerijamaticesrpske.rs\\\/lat\\\/u-fokusu-gms\\\/u-fokusu-ljubica-cuca-sokic-motiv-iz-pariza-1954\\\/#primaryimage\"},\"image\":{\"@id\":\"http:\\\/\\\/www.galerijamaticesrpske.rs\\\/lat\\\/u-fokusu-gms\\\/u-fokusu-ljubica-cuca-sokic-motiv-iz-pariza-1954\\\/#primaryimage\"},\"thumbnailUrl\":\"http:\\\/\\\/www.galerijamaticesrpske.rs\\\/wp-content\\\/uploads\\\/2022\\\/03\\\/gmsu1373.jpg\",\"datePublished\":\"2022-03-07T12:28:54+00:00\",\"breadcrumb\":{\"@id\":\"http:\\\/\\\/www.galerijamaticesrpske.rs\\\/lat\\\/u-fokusu-gms\\\/u-fokusu-ljubica-cuca-sokic-motiv-iz-pariza-1954\\\/#breadcrumb\"},\"inLanguage\":\"sr-LAT\",\"potentialAction\":[{\"@type\":\"ReadAction\",\"target\":[\"http:\\\/\\\/www.galerijamaticesrpske.rs\\\/lat\\\/u-fokusu-gms\\\/u-fokusu-ljubica-cuca-sokic-motiv-iz-pariza-1954\\\/\"]}]},{\"@type\":\"ImageObject\",\"inLanguage\":\"sr-LAT\",\"@id\":\"http:\\\/\\\/www.galerijamaticesrpske.rs\\\/lat\\\/u-fokusu-gms\\\/u-fokusu-ljubica-cuca-sokic-motiv-iz-pariza-1954\\\/#primaryimage\",\"url\":\"http:\\\/\\\/www.galerijamaticesrpske.rs\\\/wp-content\\\/uploads\\\/2022\\\/03\\\/gmsu1373.jpg\",\"contentUrl\":\"http:\\\/\\\/www.galerijamaticesrpske.rs\\\/wp-content\\\/uploads\\\/2022\\\/03\\\/gmsu1373.jpg\",\"width\":2320,\"height\":1920},{\"@type\":\"BreadcrumbList\",\"@id\":\"http:\\\/\\\/www.galerijamaticesrpske.rs\\\/lat\\\/u-fokusu-gms\\\/u-fokusu-ljubica-cuca-sokic-motiv-iz-pariza-1954\\\/#breadcrumb\",\"itemListElement\":[{\"@type\":\"ListItem\",\"position\":1,\"name\":\"\u041f\u043e\u0447\u0435\u0442\u043d\u0430\",\"item\":\"http:\\\/\\\/www.galerijamaticesrpske.rs\\\/lat\\\/\"},{\"@type\":\"ListItem\",\"position\":2,\"name\":\"U fokusu: Ljubica Cuca Soki\u0107, Motiv iz Pariza, 1954.\"}]},{\"@type\":\"WebSite\",\"@id\":\"https:\\\/\\\/www.galerijamaticesrpske.rs\\\/#website\",\"url\":\"https:\\\/\\\/www.galerijamaticesrpske.rs\\\/\",\"name\":\"Galerija Matice srpske\",\"description\":\"Muzej srpske nacionalne umetnosti u Novom Sadu\",\"publisher\":{\"@id\":\"https:\\\/\\\/www.galerijamaticesrpske.rs\\\/#organization\"},\"potentialAction\":[{\"@type\":\"SearchAction\",\"target\":{\"@type\":\"EntryPoint\",\"urlTemplate\":\"https:\\\/\\\/www.galerijamaticesrpske.rs\\\/?s={search_term_string}\"},\"query-input\":{\"@type\":\"PropertyValueSpecification\",\"valueRequired\":true,\"valueName\":\"search_term_string\"}}],\"inLanguage\":\"sr-LAT\"},{\"@type\":\"Organization\",\"@id\":\"https:\\\/\\\/www.galerijamaticesrpske.rs\\\/#organization\",\"name\":\"Galerija Matice srpske\",\"url\":\"https:\\\/\\\/www.galerijamaticesrpske.rs\\\/\",\"logo\":{\"@type\":\"ImageObject\",\"inLanguage\":\"sr-LAT\",\"@id\":\"https:\\\/\\\/www.galerijamaticesrpske.rs\\\/#\\\/schema\\\/logo\\\/image\\\/\",\"url\":\"https:\\\/\\\/www.galerijamaticesrpske.rs\\\/wp-content\\\/uploads\\\/2021\\\/01\\\/gms-logo-za-sajt.svg\",\"contentUrl\":\"https:\\\/\\\/www.galerijamaticesrpske.rs\\\/wp-content\\\/uploads\\\/2021\\\/01\\\/gms-logo-za-sajt.svg\",\"width\":1,\"height\":1,\"caption\":\"Galerija Matice srpske\"},\"image\":{\"@id\":\"https:\\\/\\\/www.galerijamaticesrpske.rs\\\/#\\\/schema\\\/logo\\\/image\\\/\"}},{\"@type\":\"Person\",\"@id\":\"https:\\\/\\\/www.galerijamaticesrpske.rs\\\/#\\\/schema\\\/person\\\/cd7cf801d7fcb10a165f8407e502944b\",\"name\":\"Jelena GMS\",\"image\":{\"@type\":\"ImageObject\",\"inLanguage\":\"sr-LAT\",\"@id\":\"https:\\\/\\\/secure.gravatar.com\\\/avatar\\\/d97cc9c9ff00ecfcae2d4161f8d50f74465676163393192de390634ca0095b9d?s=96&d=mm&r=g\",\"url\":\"https:\\\/\\\/secure.gravatar.com\\\/avatar\\\/d97cc9c9ff00ecfcae2d4161f8d50f74465676163393192de390634ca0095b9d?s=96&d=mm&r=g\",\"contentUrl\":\"https:\\\/\\\/secure.gravatar.com\\\/avatar\\\/d97cc9c9ff00ecfcae2d4161f8d50f74465676163393192de390634ca0095b9d?s=96&d=mm&r=g\",\"caption\":\"Jelena GMS\"}}]}<\/script>\n<!-- \/ Yoast SEO plugin. -->","yoast_head_json":{"title":"U fokusu: Ljubica Cuca Soki\u0107, Motiv iz Pariza, 1954. | Galerija Matice srpske","robots":{"index":"index","follow":"follow","max-snippet":"max-snippet:-1","max-image-preview":"max-image-preview:large","max-video-preview":"max-video-preview:-1"},"canonical":"http:\/\/www.galerijamaticesrpske.rs\/lat\/u-fokusu-gms\/u-fokusu-ljubica-cuca-sokic-motiv-iz-pariza-1954\/","og_locale":"en_US","og_type":"article","og_title":"U fokusu: Ljubica Cuca Soki\u0107, Motiv iz Pariza, 1954. | Galerija Matice srpske","og_description":"Ljubica Cuca Soki\u0107 Motiv iz Pariza, 1954. ulje na platnu, 54,3 x 65,1 cm GMS\/U 1373 Mart je mesec frankofonije, zbog \u010dega vas u na\u0161oj rubrici &#8220;U fokusu&#8221; upoznajemo sa delom Ljubice Cuce Soki\u0107 Motiv iz Pariza. \u201eU Parizu je \u010dovek okru\u017een mno\u0161tvom dobrih slika, bogatim muzejima i izlo\u017ebama, a i sam Pariz je veoma","og_url":"http:\/\/www.galerijamaticesrpske.rs\/lat\/u-fokusu-gms\/u-fokusu-ljubica-cuca-sokic-motiv-iz-pariza-1954\/","og_site_name":"Galerija Matice srpske","article_published_time":"2022-03-07T12:28:54+00:00","og_image":[{"width":2320,"height":1920,"url":"http:\/\/www.galerijamaticesrpske.rs\/wp-content\/uploads\/2022\/03\/gmsu1373.jpg","type":"image\/jpeg"}],"author":"Jelena GMS","twitter_card":"summary_large_image","twitter_misc":{"Written by":"Jelena GMS","Est. reading time":"2 minutes"},"schema":{"@context":"https:\/\/schema.org","@graph":[{"@type":"Article","@id":"http:\/\/www.galerijamaticesrpske.rs\/lat\/u-fokusu-gms\/u-fokusu-ljubica-cuca-sokic-motiv-iz-pariza-1954\/#article","isPartOf":{"@id":"http:\/\/www.galerijamaticesrpske.rs\/lat\/u-fokusu-gms\/u-fokusu-ljubica-cuca-sokic-motiv-iz-pariza-1954\/"},"author":{"name":"Jelena GMS","@id":"https:\/\/www.galerijamaticesrpske.rs\/#\/schema\/person\/cd7cf801d7fcb10a165f8407e502944b"},"headline":"U fokusu: Ljubica Cuca Soki\u0107, Motiv iz Pariza, 1954.","datePublished":"2022-03-07T12:28:54+00:00","mainEntityOfPage":{"@id":"http:\/\/www.galerijamaticesrpske.rs\/lat\/u-fokusu-gms\/u-fokusu-ljubica-cuca-sokic-motiv-iz-pariza-1954\/"},"wordCount":377,"publisher":{"@id":"https:\/\/www.galerijamaticesrpske.rs\/#organization"},"image":{"@id":"http:\/\/www.galerijamaticesrpske.rs\/lat\/u-fokusu-gms\/u-fokusu-ljubica-cuca-sokic-motiv-iz-pariza-1954\/#primaryimage"},"thumbnailUrl":"http:\/\/www.galerijamaticesrpske.rs\/wp-content\/uploads\/2022\/03\/gmsu1373.jpg","articleSection":["U fokusu"],"inLanguage":"sr-LAT"},{"@type":"WebPage","@id":"http:\/\/www.galerijamaticesrpske.rs\/lat\/u-fokusu-gms\/u-fokusu-ljubica-cuca-sokic-motiv-iz-pariza-1954\/","url":"http:\/\/www.galerijamaticesrpske.rs\/lat\/u-fokusu-gms\/u-fokusu-ljubica-cuca-sokic-motiv-iz-pariza-1954\/","name":"U fokusu: Ljubica Cuca Soki\u0107, Motiv iz Pariza, 1954. | Galerija Matice srpske","isPartOf":{"@id":"https:\/\/www.galerijamaticesrpske.rs\/#website"},"primaryImageOfPage":{"@id":"http:\/\/www.galerijamaticesrpske.rs\/lat\/u-fokusu-gms\/u-fokusu-ljubica-cuca-sokic-motiv-iz-pariza-1954\/#primaryimage"},"image":{"@id":"http:\/\/www.galerijamaticesrpske.rs\/lat\/u-fokusu-gms\/u-fokusu-ljubica-cuca-sokic-motiv-iz-pariza-1954\/#primaryimage"},"thumbnailUrl":"http:\/\/www.galerijamaticesrpske.rs\/wp-content\/uploads\/2022\/03\/gmsu1373.jpg","datePublished":"2022-03-07T12:28:54+00:00","breadcrumb":{"@id":"http:\/\/www.galerijamaticesrpske.rs\/lat\/u-fokusu-gms\/u-fokusu-ljubica-cuca-sokic-motiv-iz-pariza-1954\/#breadcrumb"},"inLanguage":"sr-LAT","potentialAction":[{"@type":"ReadAction","target":["http:\/\/www.galerijamaticesrpske.rs\/lat\/u-fokusu-gms\/u-fokusu-ljubica-cuca-sokic-motiv-iz-pariza-1954\/"]}]},{"@type":"ImageObject","inLanguage":"sr-LAT","@id":"http:\/\/www.galerijamaticesrpske.rs\/lat\/u-fokusu-gms\/u-fokusu-ljubica-cuca-sokic-motiv-iz-pariza-1954\/#primaryimage","url":"http:\/\/www.galerijamaticesrpske.rs\/wp-content\/uploads\/2022\/03\/gmsu1373.jpg","contentUrl":"http:\/\/www.galerijamaticesrpske.rs\/wp-content\/uploads\/2022\/03\/gmsu1373.jpg","width":2320,"height":1920},{"@type":"BreadcrumbList","@id":"http:\/\/www.galerijamaticesrpske.rs\/lat\/u-fokusu-gms\/u-fokusu-ljubica-cuca-sokic-motiv-iz-pariza-1954\/#breadcrumb","itemListElement":[{"@type":"ListItem","position":1,"name":"\u041f\u043e\u0447\u0435\u0442\u043d\u0430","item":"http:\/\/www.galerijamaticesrpske.rs\/lat\/"},{"@type":"ListItem","position":2,"name":"U fokusu: Ljubica Cuca Soki\u0107, Motiv iz Pariza, 1954."}]},{"@type":"WebSite","@id":"https:\/\/www.galerijamaticesrpske.rs\/#website","url":"https:\/\/www.galerijamaticesrpske.rs\/","name":"Galerija Matice srpske","description":"Muzej srpske nacionalne umetnosti u Novom Sadu","publisher":{"@id":"https:\/\/www.galerijamaticesrpske.rs\/#organization"},"potentialAction":[{"@type":"SearchAction","target":{"@type":"EntryPoint","urlTemplate":"https:\/\/www.galerijamaticesrpske.rs\/?s={search_term_string}"},"query-input":{"@type":"PropertyValueSpecification","valueRequired":true,"valueName":"search_term_string"}}],"inLanguage":"sr-LAT"},{"@type":"Organization","@id":"https:\/\/www.galerijamaticesrpske.rs\/#organization","name":"Galerija Matice srpske","url":"https:\/\/www.galerijamaticesrpske.rs\/","logo":{"@type":"ImageObject","inLanguage":"sr-LAT","@id":"https:\/\/www.galerijamaticesrpske.rs\/#\/schema\/logo\/image\/","url":"https:\/\/www.galerijamaticesrpske.rs\/wp-content\/uploads\/2021\/01\/gms-logo-za-sajt.svg","contentUrl":"https:\/\/www.galerijamaticesrpske.rs\/wp-content\/uploads\/2021\/01\/gms-logo-za-sajt.svg","width":1,"height":1,"caption":"Galerija Matice srpske"},"image":{"@id":"https:\/\/www.galerijamaticesrpske.rs\/#\/schema\/logo\/image\/"}},{"@type":"Person","@id":"https:\/\/www.galerijamaticesrpske.rs\/#\/schema\/person\/cd7cf801d7fcb10a165f8407e502944b","name":"Jelena GMS","image":{"@type":"ImageObject","inLanguage":"sr-LAT","@id":"https:\/\/secure.gravatar.com\/avatar\/d97cc9c9ff00ecfcae2d4161f8d50f74465676163393192de390634ca0095b9d?s=96&d=mm&r=g","url":"https:\/\/secure.gravatar.com\/avatar\/d97cc9c9ff00ecfcae2d4161f8d50f74465676163393192de390634ca0095b9d?s=96&d=mm&r=g","contentUrl":"https:\/\/secure.gravatar.com\/avatar\/d97cc9c9ff00ecfcae2d4161f8d50f74465676163393192de390634ca0095b9d?s=96&d=mm&r=g","caption":"Jelena GMS"}}]}},"_links":{"self":[{"href":"http:\/\/www.galerijamaticesrpske.rs\/lat\/wp-json\/wp\/v2\/posts\/6511","targetHints":{"allow":["GET"]}}],"collection":[{"href":"http:\/\/www.galerijamaticesrpske.rs\/lat\/wp-json\/wp\/v2\/posts"}],"about":[{"href":"http:\/\/www.galerijamaticesrpske.rs\/lat\/wp-json\/wp\/v2\/types\/post"}],"author":[{"embeddable":true,"href":"http:\/\/www.galerijamaticesrpske.rs\/lat\/wp-json\/wp\/v2\/users\/2"}],"replies":[{"embeddable":true,"href":"http:\/\/www.galerijamaticesrpske.rs\/lat\/wp-json\/wp\/v2\/comments?post=6511"}],"version-history":[{"count":1,"href":"http:\/\/www.galerijamaticesrpske.rs\/lat\/wp-json\/wp\/v2\/posts\/6511\/revisions"}],"predecessor-version":[{"id":6512,"href":"http:\/\/www.galerijamaticesrpske.rs\/lat\/wp-json\/wp\/v2\/posts\/6511\/revisions\/6512"}],"wp:featuredmedia":[{"embeddable":true,"href":"http:\/\/www.galerijamaticesrpske.rs\/lat\/wp-json\/wp\/v2\/media\/6509"}],"wp:attachment":[{"href":"http:\/\/www.galerijamaticesrpske.rs\/lat\/wp-json\/wp\/v2\/media?parent=6511"}],"wp:term":[{"taxonomy":"category","embeddable":true,"href":"http:\/\/www.galerijamaticesrpske.rs\/lat\/wp-json\/wp\/v2\/categories?post=6511"},{"taxonomy":"post_tag","embeddable":true,"href":"http:\/\/www.galerijamaticesrpske.rs\/lat\/wp-json\/wp\/v2\/tags?post=6511"}],"curies":[{"name":"wp","href":"https:\/\/api.w.org\/{rel}","templated":true}]}}