{"id":10311,"date":"2022-09-16T11:49:25","date_gmt":"2022-09-16T11:49:25","guid":{"rendered":"https:\/\/www.galerijamaticesrpske.rs\/?p=10311"},"modified":"2022-09-16T11:49:25","modified_gmt":"2022-09-16T11:49:25","slug":"poklon-kao-nasledje","status":"publish","type":"post","link":"https:\/\/www.galerijamaticesrpske.rs\/lat\/vesti-gms\/poklon-kao-nasledje\/","title":{"rendered":"Poklon kao nasle\u0111e"},"content":{"rendered":"<p>Nakon \u0161to se \u017eivotni ciklus okon\u010da, iza nas ostaju tragovi koje (u najboljem slu\u010daju), dodatno osvetljavaju naslednici. Usled posthumne naknadnosti, neminovno se menja vizura u nedostajanju autora kao jemca, bez \u010dijeg oka, celokupni opus deluje nedovr\u0161eno. Muzeji \u010dine sve da tako ne bude.<\/p>\n<p>Veliki dobrotvor Galerije Matice srpske,<strong> Petar \u0106ur\u010di\u0107<\/strong> (1938\u20132021) \u017eeleo je da Galeriji Matice srpske pokloni jo\u0161 26 grafi\u010dkih listova, nove otiske sa starih matrica. Tom daru je priklju\u010dio i 62 crte\u017ea. Slikareva supruga i umetni\u010dki saputnik, <strong>Vera Zari\u0107<\/strong> (tako\u0111e veliki dobrotvor GMS), ispunila je taj zavet. Petar \u0106ur\u010di\u0107 je sve pripremio, pre nego \u0161to je ostavio ovozemaljske alate i preselio se na drugu stranu, ponev\u0161i sa sobom neverovatnu sposobnost rekreiranja umetni\u010dkog procesa. Zato smo pred njegovim delima, u uve\u0107anju njegovog legata, upu\u0107eni na liniju kojom je ozna\u010davao razli\u010dite istorijske reminiscencije, u kalamburima vi\u0161e nego originalnih kovanica kojima je imenovao vizuelne parafraze i tako uspe\u0161no o\u017eivljavao umetni\u010dku scenu uzdrmanu postmodernisti\u010dkim improvizacijama. Objedinjuju\u0107i medij njegove umetnosti, jo\u0161 od po\u010detka \u2013 \u0161ezdesetih godina pro\u0161log veka, jeste crte\u017e, \u010dak i kad se radi o slici.<\/p>\n<p>O pravcu slikarstva narativa, kako je o tome pisao Ratomir Kuli\u0107, mo\u017eemo prilaziti iz razli\u010ditih uglova i pritom uvideti da su umno\u017eeni narativi dobrim delom pozajmljeni iz nasle\u0111enih obilja \u2013 mitolo\u0161kih, misti\u010dkih, hri\u0161\u0107anskih, vite\u0161kih, literarnih, muzi\u010dkih, a zapravo najvi\u0161e utemeljeni u dijalogu sa samim sobom, u neprestanom ponavljanju. Naravno da sva ta nepresu\u0161na \u0106ur\u010di\u0107eva izvori\u0161ta, oslonjena na nesvakida\u0161nju lucidnu erudiciju uzdi\u017eu ukupnu filozofiju likovnog dometa. Sveprisutna linearna umre\u017eenost nalazi se i na slikama. <em>(O)bojenost<\/em> je pratilac slo\u017eenih crta\u010dkih konstrukcija \u010dija razrada logi\u010dno proizilazi iz crta\u010dko tehnolo\u0161kih bravura krede, srebrne pisaljke, krejona, olovke, pera, laviranog tu\u0161a ili pastela.<\/p>\n<p>Grafi\u010dki otisci u bakropisu i akvatinti otvaraju horizonte \u0161ajka\u0161kih ciglana, raskopanu, danas nestalu novosadsku Strumi\u010dku ulicu, ali i muzi\u010dke sesije u dvoje, nalik hermeti\u010dkom zanosu sa Gojinih Kapri\u010dosa. S druge strane, bilo bi uzaludno nabrajati alegori\u010dne iskaze slike i re\u010di, amblemati\u010dne simbologije li\u010dnosti i doga\u0111aja, kao i \u010deste prizore psiholo\u0161ko erotizovanih statusa.<\/p>\n<p>Udvojena stvarala\u010dka stvarnost Petra \u0106ur\u010di\u0107a o\u010ditovala se u doslednoj gradnji sopstvene slike sveta (imago mundi), unutar \u010dijih neograni\u010denih tematskih okvira izviru mnogostruki autoportreti \u2013 u ogledanju sa brojnim junacima.<em> Apolon, Zevs, Diomed, Minotaur, Sveti Georgije, Savojski, Stratimirovi\u0107, Pikaso, Maler, B\u1eadba, \u010cuvar muzeja moderne umetnosti<\/em>, kao i mnogi drugi imenovani, poseduju slikarevu auru, neizbe\u017eni dodir kreacije intenzivnog zna\u010denja i smisla. Elementi umetni\u010dkih karaktera pred nama, upisani su u drevnosti i modernom podjednako, ba\u0161 kao \u0161to su i na\u0161a savremena preispitivanja pritusnuta izme\u0111u minulog i budu\u0107eg vremena.<\/p>\n<p>Sre\u0107om, u slu\u010daju Petra \u0106ur\u010di\u0107a, u prilici smo da se podsetimo kako je on pisao o umetni\u010dkom procesu. Opisivanje potrebe za stvaranjem on je uporedio sa slabijim i ja\u010dim prividima\/ko\u0161marima u kojima se naziru fantomi \u0161to kolaju po haosu imaginarne \u0161upljine metafizi\u010dkih impulsa. Ta pe\u0107ina u dubini zemlje, kao alhemijski atanor, zami\u0161ljeni je prostor crta\u010dke i slikarske meditacije unutar koje je delao Petar \u0106ur\u010di\u0107, lovac na sopstvene fantome, u zapletenom lavirintu moderne umetnosti.<\/p>\n<p>&nbsp;<\/p>\n<p style=\"text-align: right;\">mr Danilo Vuksanovi\u0107<\/p>\n<p style=\"text-align: right;\">pomo\u0107nik upravnika GMS<\/p>\n<p>&nbsp;<\/p>\n<p>Na slici:<\/p>\n<p>Petar \u0106ur\u010di\u0107, <em>Ciglana kod Kovilja, <\/em>2003.<\/p>\n","protected":false},"excerpt":{"rendered":"<p>Nakon \u0161to se \u017eivotni ciklus okon\u010da, iza nas ostaju tragovi koje (u najboljem slu\u010daju), dodatno osvetljavaju naslednici. Usled posthumne naknadnosti, neminovno se menja vizura u nedostajanju autora kao jemca, bez \u010dijeg oka, celokupni opus deluje nedovr\u0161eno. Muzeji \u010dine sve da tako ne bude. Veliki dobrotvor Galerije Matice srpske, Petar \u0106ur\u010di\u0107 (1938\u20132021) \u017eeleo je da Galeriji<\/p>\n","protected":false},"author":2,"featured_media":10309,"comment_status":"closed","ping_status":"closed","sticky":false,"template":"","format":"standard","meta":{"_acf_changed":false,"footnotes":""},"categories":[92],"tags":[],"class_list":["post-10311","post","type-post","status-publish","format-standard","has-post-thumbnail","hentry","category-vesti-gms"],"acf":[],"yoast_head":"<!-- This site is optimized with the Yoast SEO plugin v27.3 - https:\/\/yoast.com\/product\/yoast-seo-wordpress\/ -->\n<title>Poklon kao nasle\u0111e | Galerija Matice srpske<\/title>\n<meta name=\"description\" content=\"Veliki dobrotvor Galerije Matice srpske, Petar \u0106ur\u010di\u0107 (1938\u20132021) \u017eeleo je da Galeriji Matice srpske pokloni jo\u0161 26 grafi\u010dkih listova, nove otiske sa starih matrica.\" \/>\n<meta name=\"robots\" content=\"index, follow, max-snippet:-1, max-image-preview:large, max-video-preview:-1\" \/>\n<link rel=\"canonical\" href=\"http:\/\/www.galerijamaticesrpske.rs\/lat\/vesti-gms\/poklon-kao-nasledje\/\" \/>\n<meta property=\"og:locale\" content=\"en_US\" \/>\n<meta property=\"og:type\" content=\"article\" \/>\n<meta property=\"og:title\" content=\"Poklon kao nasle\u0111e | Galerija Matice srpske\" \/>\n<meta property=\"og:description\" content=\"Veliki dobrotvor Galerije Matice srpske, Petar \u0106ur\u010di\u0107 (1938\u20132021) \u017eeleo je da Galeriji Matice srpske pokloni jo\u0161 26 grafi\u010dkih listova, nove otiske sa starih matrica.\" \/>\n<meta property=\"og:url\" content=\"http:\/\/www.galerijamaticesrpske.rs\/lat\/vesti-gms\/poklon-kao-nasledje\/\" \/>\n<meta property=\"og:site_name\" content=\"Galerija Matice srpske\" \/>\n<meta property=\"article:published_time\" content=\"2022-09-16T11:49:25+00:00\" \/>\n<meta property=\"og:image\" content=\"http:\/\/www.galerijamaticesrpske.rs\/wp-content\/uploads\/2022\/09\/petar-curcic-bakropis-akvatinta-ciglana-kod-kovilja-2003.-1024x854.jpg\" \/>\n\t<meta property=\"og:image:width\" content=\"1024\" \/>\n\t<meta property=\"og:image:height\" content=\"854\" \/>\n\t<meta property=\"og:image:type\" content=\"image\/jpeg\" \/>\n<meta name=\"author\" content=\"Jelena GMS\" \/>\n<meta name=\"twitter:card\" content=\"summary_large_image\" \/>\n<meta name=\"twitter:label1\" content=\"Written by\" \/>\n\t<meta name=\"twitter:data1\" content=\"Jelena GMS\" \/>\n\t<meta name=\"twitter:label2\" content=\"Est. reading time\" \/>\n\t<meta name=\"twitter:data2\" content=\"3 minutes\" \/>\n<script type=\"application\/ld+json\" class=\"yoast-schema-graph\">{\"@context\":\"https:\\\/\\\/schema.org\",\"@graph\":[{\"@type\":\"Article\",\"@id\":\"http:\\\/\\\/www.galerijamaticesrpske.rs\\\/lat\\\/vesti-gms\\\/poklon-kao-nasledje\\\/#article\",\"isPartOf\":{\"@id\":\"http:\\\/\\\/www.galerijamaticesrpske.rs\\\/lat\\\/vesti-gms\\\/poklon-kao-nasledje\\\/\"},\"author\":{\"name\":\"Jelena GMS\",\"@id\":\"https:\\\/\\\/www.galerijamaticesrpske.rs\\\/#\\\/schema\\\/person\\\/cd7cf801d7fcb10a165f8407e502944b\"},\"headline\":\"Poklon kao nasle\u0111e\",\"datePublished\":\"2022-09-16T11:49:25+00:00\",\"mainEntityOfPage\":{\"@id\":\"http:\\\/\\\/www.galerijamaticesrpske.rs\\\/lat\\\/vesti-gms\\\/poklon-kao-nasledje\\\/\"},\"wordCount\":581,\"publisher\":{\"@id\":\"https:\\\/\\\/www.galerijamaticesrpske.rs\\\/#organization\"},\"image\":{\"@id\":\"http:\\\/\\\/www.galerijamaticesrpske.rs\\\/lat\\\/vesti-gms\\\/poklon-kao-nasledje\\\/#primaryimage\"},\"thumbnailUrl\":\"https:\\\/\\\/www.galerijamaticesrpske.rs\\\/wp-content\\\/uploads\\\/2022\\\/09\\\/petar-curcic-bakropis-akvatinta-ciglana-kod-kovilja-2003..jpg\",\"articleSection\":[\"Vesti\"],\"inLanguage\":\"sr-LAT\"},{\"@type\":\"WebPage\",\"@id\":\"http:\\\/\\\/www.galerijamaticesrpske.rs\\\/lat\\\/vesti-gms\\\/poklon-kao-nasledje\\\/\",\"url\":\"http:\\\/\\\/www.galerijamaticesrpske.rs\\\/lat\\\/vesti-gms\\\/poklon-kao-nasledje\\\/\",\"name\":\"Poklon kao nasle\u0111e | Galerija Matice srpske\",\"isPartOf\":{\"@id\":\"https:\\\/\\\/www.galerijamaticesrpske.rs\\\/#website\"},\"primaryImageOfPage\":{\"@id\":\"http:\\\/\\\/www.galerijamaticesrpske.rs\\\/lat\\\/vesti-gms\\\/poklon-kao-nasledje\\\/#primaryimage\"},\"image\":{\"@id\":\"http:\\\/\\\/www.galerijamaticesrpske.rs\\\/lat\\\/vesti-gms\\\/poklon-kao-nasledje\\\/#primaryimage\"},\"thumbnailUrl\":\"https:\\\/\\\/www.galerijamaticesrpske.rs\\\/wp-content\\\/uploads\\\/2022\\\/09\\\/petar-curcic-bakropis-akvatinta-ciglana-kod-kovilja-2003..jpg\",\"datePublished\":\"2022-09-16T11:49:25+00:00\",\"description\":\"Veliki dobrotvor Galerije Matice srpske, Petar \u0106ur\u010di\u0107 (1938\u20132021) \u017eeleo je da Galeriji Matice srpske pokloni jo\u0161 26 grafi\u010dkih listova, nove otiske sa starih matrica.\",\"breadcrumb\":{\"@id\":\"http:\\\/\\\/www.galerijamaticesrpske.rs\\\/lat\\\/vesti-gms\\\/poklon-kao-nasledje\\\/#breadcrumb\"},\"inLanguage\":\"sr-LAT\",\"potentialAction\":[{\"@type\":\"ReadAction\",\"target\":[\"http:\\\/\\\/www.galerijamaticesrpske.rs\\\/lat\\\/vesti-gms\\\/poklon-kao-nasledje\\\/\"]}]},{\"@type\":\"ImageObject\",\"inLanguage\":\"sr-LAT\",\"@id\":\"http:\\\/\\\/www.galerijamaticesrpske.rs\\\/lat\\\/vesti-gms\\\/poklon-kao-nasledje\\\/#primaryimage\",\"url\":\"https:\\\/\\\/www.galerijamaticesrpske.rs\\\/wp-content\\\/uploads\\\/2022\\\/09\\\/petar-curcic-bakropis-akvatinta-ciglana-kod-kovilja-2003..jpg\",\"contentUrl\":\"https:\\\/\\\/www.galerijamaticesrpske.rs\\\/wp-content\\\/uploads\\\/2022\\\/09\\\/petar-curcic-bakropis-akvatinta-ciglana-kod-kovilja-2003..jpg\",\"width\":2397,\"height\":2000},{\"@type\":\"BreadcrumbList\",\"@id\":\"http:\\\/\\\/www.galerijamaticesrpske.rs\\\/lat\\\/vesti-gms\\\/poklon-kao-nasledje\\\/#breadcrumb\",\"itemListElement\":[{\"@type\":\"ListItem\",\"position\":1,\"name\":\"\u041f\u043e\u0447\u0435\u0442\u043d\u0430\",\"item\":\"http:\\\/\\\/www.galerijamaticesrpske.rs\\\/lat\\\/\"},{\"@type\":\"ListItem\",\"position\":2,\"name\":\"Poklon kao nasle\u0111e\"}]},{\"@type\":\"WebSite\",\"@id\":\"https:\\\/\\\/www.galerijamaticesrpske.rs\\\/#website\",\"url\":\"https:\\\/\\\/www.galerijamaticesrpske.rs\\\/\",\"name\":\"Galerija Matice srpske\",\"description\":\"Muzej srpske nacionalne umetnosti u Novom Sadu\",\"publisher\":{\"@id\":\"https:\\\/\\\/www.galerijamaticesrpske.rs\\\/#organization\"},\"potentialAction\":[{\"@type\":\"SearchAction\",\"target\":{\"@type\":\"EntryPoint\",\"urlTemplate\":\"https:\\\/\\\/www.galerijamaticesrpske.rs\\\/?s={search_term_string}\"},\"query-input\":{\"@type\":\"PropertyValueSpecification\",\"valueRequired\":true,\"valueName\":\"search_term_string\"}}],\"inLanguage\":\"sr-LAT\"},{\"@type\":\"Organization\",\"@id\":\"https:\\\/\\\/www.galerijamaticesrpske.rs\\\/#organization\",\"name\":\"Galerija Matice srpske\",\"url\":\"https:\\\/\\\/www.galerijamaticesrpske.rs\\\/\",\"logo\":{\"@type\":\"ImageObject\",\"inLanguage\":\"sr-LAT\",\"@id\":\"https:\\\/\\\/www.galerijamaticesrpske.rs\\\/#\\\/schema\\\/logo\\\/image\\\/\",\"url\":\"https:\\\/\\\/www.galerijamaticesrpske.rs\\\/wp-content\\\/uploads\\\/2021\\\/01\\\/gms-logo-za-sajt.svg\",\"contentUrl\":\"https:\\\/\\\/www.galerijamaticesrpske.rs\\\/wp-content\\\/uploads\\\/2021\\\/01\\\/gms-logo-za-sajt.svg\",\"width\":1,\"height\":1,\"caption\":\"Galerija Matice srpske\"},\"image\":{\"@id\":\"https:\\\/\\\/www.galerijamaticesrpske.rs\\\/#\\\/schema\\\/logo\\\/image\\\/\"}},{\"@type\":\"Person\",\"@id\":\"https:\\\/\\\/www.galerijamaticesrpske.rs\\\/#\\\/schema\\\/person\\\/cd7cf801d7fcb10a165f8407e502944b\",\"name\":\"Jelena GMS\",\"image\":{\"@type\":\"ImageObject\",\"inLanguage\":\"sr-LAT\",\"@id\":\"https:\\\/\\\/secure.gravatar.com\\\/avatar\\\/d97cc9c9ff00ecfcae2d4161f8d50f74465676163393192de390634ca0095b9d?s=96&d=mm&r=g\",\"url\":\"https:\\\/\\\/secure.gravatar.com\\\/avatar\\\/d97cc9c9ff00ecfcae2d4161f8d50f74465676163393192de390634ca0095b9d?s=96&d=mm&r=g\",\"contentUrl\":\"https:\\\/\\\/secure.gravatar.com\\\/avatar\\\/d97cc9c9ff00ecfcae2d4161f8d50f74465676163393192de390634ca0095b9d?s=96&d=mm&r=g\",\"caption\":\"Jelena GMS\"}}]}<\/script>\n<!-- \/ Yoast SEO plugin. -->","yoast_head_json":{"title":"Poklon kao nasle\u0111e | Galerija Matice srpske","description":"Veliki dobrotvor Galerije Matice srpske, Petar \u0106ur\u010di\u0107 (1938\u20132021) \u017eeleo je da Galeriji Matice srpske pokloni jo\u0161 26 grafi\u010dkih listova, nove otiske sa starih matrica.","robots":{"index":"index","follow":"follow","max-snippet":"max-snippet:-1","max-image-preview":"max-image-preview:large","max-video-preview":"max-video-preview:-1"},"canonical":"http:\/\/www.galerijamaticesrpske.rs\/lat\/vesti-gms\/poklon-kao-nasledje\/","og_locale":"en_US","og_type":"article","og_title":"Poklon kao nasle\u0111e | Galerija Matice srpske","og_description":"Veliki dobrotvor Galerije Matice srpske, Petar \u0106ur\u010di\u0107 (1938\u20132021) \u017eeleo je da Galeriji Matice srpske pokloni jo\u0161 26 grafi\u010dkih listova, nove otiske sa starih matrica.","og_url":"http:\/\/www.galerijamaticesrpske.rs\/lat\/vesti-gms\/poklon-kao-nasledje\/","og_site_name":"Galerija Matice srpske","article_published_time":"2022-09-16T11:49:25+00:00","og_image":[{"width":1024,"height":854,"url":"http:\/\/www.galerijamaticesrpske.rs\/wp-content\/uploads\/2022\/09\/petar-curcic-bakropis-akvatinta-ciglana-kod-kovilja-2003.-1024x854.jpg","type":"image\/jpeg"}],"author":"Jelena GMS","twitter_card":"summary_large_image","twitter_misc":{"Written by":"Jelena GMS","Est. reading time":"3 minutes"},"schema":{"@context":"https:\/\/schema.org","@graph":[{"@type":"Article","@id":"http:\/\/www.galerijamaticesrpske.rs\/lat\/vesti-gms\/poklon-kao-nasledje\/#article","isPartOf":{"@id":"http:\/\/www.galerijamaticesrpske.rs\/lat\/vesti-gms\/poklon-kao-nasledje\/"},"author":{"name":"Jelena GMS","@id":"https:\/\/www.galerijamaticesrpske.rs\/#\/schema\/person\/cd7cf801d7fcb10a165f8407e502944b"},"headline":"Poklon kao nasle\u0111e","datePublished":"2022-09-16T11:49:25+00:00","mainEntityOfPage":{"@id":"http:\/\/www.galerijamaticesrpske.rs\/lat\/vesti-gms\/poklon-kao-nasledje\/"},"wordCount":581,"publisher":{"@id":"https:\/\/www.galerijamaticesrpske.rs\/#organization"},"image":{"@id":"http:\/\/www.galerijamaticesrpske.rs\/lat\/vesti-gms\/poklon-kao-nasledje\/#primaryimage"},"thumbnailUrl":"https:\/\/www.galerijamaticesrpske.rs\/wp-content\/uploads\/2022\/09\/petar-curcic-bakropis-akvatinta-ciglana-kod-kovilja-2003..jpg","articleSection":["Vesti"],"inLanguage":"sr-LAT"},{"@type":"WebPage","@id":"http:\/\/www.galerijamaticesrpske.rs\/lat\/vesti-gms\/poklon-kao-nasledje\/","url":"http:\/\/www.galerijamaticesrpske.rs\/lat\/vesti-gms\/poklon-kao-nasledje\/","name":"Poklon kao nasle\u0111e | Galerija Matice srpske","isPartOf":{"@id":"https:\/\/www.galerijamaticesrpske.rs\/#website"},"primaryImageOfPage":{"@id":"http:\/\/www.galerijamaticesrpske.rs\/lat\/vesti-gms\/poklon-kao-nasledje\/#primaryimage"},"image":{"@id":"http:\/\/www.galerijamaticesrpske.rs\/lat\/vesti-gms\/poklon-kao-nasledje\/#primaryimage"},"thumbnailUrl":"https:\/\/www.galerijamaticesrpske.rs\/wp-content\/uploads\/2022\/09\/petar-curcic-bakropis-akvatinta-ciglana-kod-kovilja-2003..jpg","datePublished":"2022-09-16T11:49:25+00:00","description":"Veliki dobrotvor Galerije Matice srpske, Petar \u0106ur\u010di\u0107 (1938\u20132021) \u017eeleo je da Galeriji Matice srpske pokloni jo\u0161 26 grafi\u010dkih listova, nove otiske sa starih matrica.","breadcrumb":{"@id":"http:\/\/www.galerijamaticesrpske.rs\/lat\/vesti-gms\/poklon-kao-nasledje\/#breadcrumb"},"inLanguage":"sr-LAT","potentialAction":[{"@type":"ReadAction","target":["http:\/\/www.galerijamaticesrpske.rs\/lat\/vesti-gms\/poklon-kao-nasledje\/"]}]},{"@type":"ImageObject","inLanguage":"sr-LAT","@id":"http:\/\/www.galerijamaticesrpske.rs\/lat\/vesti-gms\/poklon-kao-nasledje\/#primaryimage","url":"https:\/\/www.galerijamaticesrpske.rs\/wp-content\/uploads\/2022\/09\/petar-curcic-bakropis-akvatinta-ciglana-kod-kovilja-2003..jpg","contentUrl":"https:\/\/www.galerijamaticesrpske.rs\/wp-content\/uploads\/2022\/09\/petar-curcic-bakropis-akvatinta-ciglana-kod-kovilja-2003..jpg","width":2397,"height":2000},{"@type":"BreadcrumbList","@id":"http:\/\/www.galerijamaticesrpske.rs\/lat\/vesti-gms\/poklon-kao-nasledje\/#breadcrumb","itemListElement":[{"@type":"ListItem","position":1,"name":"\u041f\u043e\u0447\u0435\u0442\u043d\u0430","item":"http:\/\/www.galerijamaticesrpske.rs\/lat\/"},{"@type":"ListItem","position":2,"name":"Poklon kao nasle\u0111e"}]},{"@type":"WebSite","@id":"https:\/\/www.galerijamaticesrpske.rs\/#website","url":"https:\/\/www.galerijamaticesrpske.rs\/","name":"Galerija Matice srpske","description":"Muzej srpske nacionalne umetnosti u Novom Sadu","publisher":{"@id":"https:\/\/www.galerijamaticesrpske.rs\/#organization"},"potentialAction":[{"@type":"SearchAction","target":{"@type":"EntryPoint","urlTemplate":"https:\/\/www.galerijamaticesrpske.rs\/?s={search_term_string}"},"query-input":{"@type":"PropertyValueSpecification","valueRequired":true,"valueName":"search_term_string"}}],"inLanguage":"sr-LAT"},{"@type":"Organization","@id":"https:\/\/www.galerijamaticesrpske.rs\/#organization","name":"Galerija Matice srpske","url":"https:\/\/www.galerijamaticesrpske.rs\/","logo":{"@type":"ImageObject","inLanguage":"sr-LAT","@id":"https:\/\/www.galerijamaticesrpske.rs\/#\/schema\/logo\/image\/","url":"https:\/\/www.galerijamaticesrpske.rs\/wp-content\/uploads\/2021\/01\/gms-logo-za-sajt.svg","contentUrl":"https:\/\/www.galerijamaticesrpske.rs\/wp-content\/uploads\/2021\/01\/gms-logo-za-sajt.svg","width":1,"height":1,"caption":"Galerija Matice srpske"},"image":{"@id":"https:\/\/www.galerijamaticesrpske.rs\/#\/schema\/logo\/image\/"}},{"@type":"Person","@id":"https:\/\/www.galerijamaticesrpske.rs\/#\/schema\/person\/cd7cf801d7fcb10a165f8407e502944b","name":"Jelena GMS","image":{"@type":"ImageObject","inLanguage":"sr-LAT","@id":"https:\/\/secure.gravatar.com\/avatar\/d97cc9c9ff00ecfcae2d4161f8d50f74465676163393192de390634ca0095b9d?s=96&d=mm&r=g","url":"https:\/\/secure.gravatar.com\/avatar\/d97cc9c9ff00ecfcae2d4161f8d50f74465676163393192de390634ca0095b9d?s=96&d=mm&r=g","contentUrl":"https:\/\/secure.gravatar.com\/avatar\/d97cc9c9ff00ecfcae2d4161f8d50f74465676163393192de390634ca0095b9d?s=96&d=mm&r=g","caption":"Jelena GMS"}}]}},"_links":{"self":[{"href":"https:\/\/www.galerijamaticesrpske.rs\/lat\/wp-json\/wp\/v2\/posts\/10311","targetHints":{"allow":["GET"]}}],"collection":[{"href":"https:\/\/www.galerijamaticesrpske.rs\/lat\/wp-json\/wp\/v2\/posts"}],"about":[{"href":"https:\/\/www.galerijamaticesrpske.rs\/lat\/wp-json\/wp\/v2\/types\/post"}],"author":[{"embeddable":true,"href":"https:\/\/www.galerijamaticesrpske.rs\/lat\/wp-json\/wp\/v2\/users\/2"}],"replies":[{"embeddable":true,"href":"https:\/\/www.galerijamaticesrpske.rs\/lat\/wp-json\/wp\/v2\/comments?post=10311"}],"version-history":[{"count":1,"href":"https:\/\/www.galerijamaticesrpske.rs\/lat\/wp-json\/wp\/v2\/posts\/10311\/revisions"}],"predecessor-version":[{"id":10312,"href":"https:\/\/www.galerijamaticesrpske.rs\/lat\/wp-json\/wp\/v2\/posts\/10311\/revisions\/10312"}],"wp:featuredmedia":[{"embeddable":true,"href":"https:\/\/www.galerijamaticesrpske.rs\/lat\/wp-json\/wp\/v2\/media\/10309"}],"wp:attachment":[{"href":"https:\/\/www.galerijamaticesrpske.rs\/lat\/wp-json\/wp\/v2\/media?parent=10311"}],"wp:term":[{"taxonomy":"category","embeddable":true,"href":"https:\/\/www.galerijamaticesrpske.rs\/lat\/wp-json\/wp\/v2\/categories?post=10311"},{"taxonomy":"post_tag","embeddable":true,"href":"https:\/\/www.galerijamaticesrpske.rs\/lat\/wp-json\/wp\/v2\/tags?post=10311"}],"curies":[{"name":"wp","href":"https:\/\/api.w.org\/{rel}","templated":true}]}}