{"id":10525,"date":"2022-11-03T13:42:18","date_gmt":"2022-11-03T13:42:18","guid":{"rendered":"https:\/\/www.galerijamaticesrpske.rs\/?p=10525"},"modified":"2022-11-03T13:42:18","modified_gmt":"2022-11-03T13:42:18","slug":"hronika-jednog-muzeja-2022-godina","status":"publish","type":"post","link":"https:\/\/www.galerijamaticesrpske.rs\/lat\/vesti-gms\/hronika-jednog-muzeja-2022-godina\/","title":{"rendered":"Hronika jednog muzeja: 2022. godina"},"content":{"rendered":"<p><em>Obra\u0107anje dr Tijane Palkovljevi\u0107 Bugarski, upravnice Galerije Matice srpske, na Sve\u010danoj sednici povodom Dana Galerije i jubileja 175 godina od osnivanja Galerije Matice srpske, 14. oktobar 2022. godine<\/em><\/p>\n<p>Veliki jubileji su prilika za ustanove kulture da se osvrnu u pro\u0161lost, sagledaju svoju istoriju i kroz analizu delatnosti spoznaju svoje osobenosti i vrednosti. Samo tako, na temeljima ostvarenja svojih prethodnika, muzeji mogu razumeti svoj identitet i kroz dobro osmi\u0161ljene aktivnosti u aktuelnom trenutku odrediti budu\u0107e pravce svog delovanja.<\/p>\n<p>U godini u kojoj Galerija Matice srpske obele\u017eava 175 godina od osnivanja osmislili smo program u odmerenom spoju tradicije i inovacije, ukazuju\u0107i tako na najsvetlije ta\u010dke dosada\u0161njeg rada i ilustruju\u0107i moto koga smo se dr\u017eali poslednjih godina \u2013 <strong>Po\u0161tuju\u0107i tradiciju stvaramo tradiciju<\/strong>.<\/p>\n<p>Odlu\u010dili smo se da ove godine, ba\u0161 kao i na\u0161i prethodnici za jubilej 150 godina Galerije obele\u017een 1997. godine, priredimo izlo\u017ebu Uro\u0161a Predi\u0107a i tako jo\u0161 jednom odamo po\u010dast ovom izuzetnom srpskom slikaru. On je uzoriti predstavnik svih vrednosti koje je Matica srpska negovala od svog osnivanja. Uro\u0161 Predi\u0107 je bio prvi stipendista Matice srpske, \u0161to ukazuje na Mati\u010dino uverenje da je podsticaj mladima i podr\u0161ka njihovom obrazovanju siguran put ka boljitku nacije. Zatim, kao Mati\u010din privilegovani slikar nastavio je tradiciju slikanja njenih \u010dasnika i tako dao izuzetan doprinos formiranju Panteona znamenitih Srba \u2013 zbirke portreta \u010dije je formiranje zapo\u010delo jo\u0161 u vreme Save Tekelije. Kona\u010dno, u najboljoj tradiciji zadu\u017ebinarstva i dobro\u010dinstva, Predi\u0107 je Matici poklonio veliki broj svojih radova i tako postao njen veliki dobrotvor. Svest o va\u017enosti rada za op\u0161te dobro pokazao je aktivnim u\u010destvovanjem u radu Mati\u010dinih tela, naro\u010dito Muzejskog odbora u okviru kog je, svojim savetima i iskustvom, doprineo profesionalizaciji na\u010dina izlaganja ali i za\u0161tite umetni\u010dkih dela.<\/p>\n<p>Izlo\u017ebom <em><strong>Uro\u0161 Predi\u0107. \u017divot posve\u0107en lepoti i umetnosti<\/strong><\/em>, autorskog tima Igor Borozan i Sne\u017eana Mi\u0161i\u0107, \u017eeleli smo da uka\u017eemo na napredak struke i savremenim metodolo\u0161kim pristupom dopunimo predstavu o \u017eivotnom i stvarala\u010dkom putu Uro\u0161a Predi\u0107a kao i njegovom mestu u srpskoj ali i evropskoj umetnosti. Pored odabranih dela iz brojnih muzejskih ustanova na izlo\u017ebi su, zahvaljuju\u0107i savremenim tehnologijama, dati virtuelni i digitalni prikazi dela koja iz tehni\u010dkih razloga nisu mogla biti izlo\u017eena, poput slike kraljice Natalije Obrenovi\u0107, pojedinih crte\u017ea ili odabranih delova ikonostasa koje je izveo Uro\u0161 Predi\u0107. Paralelno s izlo\u017ebom, u saradnji sa rediteljem i scenaristom Bla\u017eom Popovi\u0107em, snimili smo dokumentarni film o ovoj sadr\u017eajnoj i jedinstvenoj li\u010dnosti srpske likovne umetnosti. Kona\u010dno, osmislili smo program <em><strong>Uro\u0161 Predi\u0107 za sve<\/strong><\/em> koji predstavlja poku\u0161aj da izlo\u017ebu pribli\u017eimo publici razli\u010ditog doba ali i posetiocima sa razli\u010ditim kategorijama invaliditeta. Osmislili smo de\u010dji program koji prati de\u010dja publikacija i porodi\u010dni vodi\u010d, strip o Predi\u0107u autora Milete Po\u0161ti\u0107a, kao i program namenjen osobama tre\u0107eg doba. Prilago\u0111avanjem izlo\u017ebe, prostora i prate\u0107eg programa osobama sa fizi\u010dkim, senzornim i intelektualnim invaliditetom ostvarili smo se kao participativni i pristupa\u010dni Muzej \u0161to je rezultat je na\u0161ih dvodecenijskih napora i najkrupniji iskorak u odnosu na prethodni jubilej!<\/p>\n<p>Nasle\u0111e prethodnika nastavili smo da unapre\u0111ujemo i kroz druge aspekte. Tradiciju izlivanja skulptura povodom jubileja ustanove nastavili smo i ovaj put. Ba\u0161 kao \u0161to je povodom 125-godi\u0161njice izlivena bista Teodora Pavlovi\u0107a, a povodom 150 godina bista Save Tekelije, mi smo se u okviru ovog jubileja odlu\u010dili da realizujemo dve nove skulpture i popunimo Panteon umetnika, \u010dije formiranje smo zapo\u010deli povodom obele\u017eavanja 170 godina od osnivanja Galerije Matice srpske. Na osnovu postoje\u0107eg gipsanog modela iz zbirke vajarskih radova izlili smo <strong><em>Autoportret<\/em> \u0110or\u0111a Jovanovi\u0107a<\/strong>, a od akademskog vajara <strong>Luke Kuli\u0107a<\/strong> naru\u010dili smo izradu <strong>biste Uro\u0161a Predi\u0107a<\/strong>. Ovim izborom \u017eeleli smo da uz osniva\u010de istaknemo dva umetnika i istovremeno dva prva velika dobrotvora Matice srpske, a njihove likove sa\u010duvamo za ve\u010dnost. I u tom izboru rukovodili smo se nasle\u0111em ustanove: sledili smo tradiciju kontinuiranog preno\u0161enje gipsanih skulptura iz fonda u trajan materijal izlivanjem u bronzi, s jedne, i ulaganje u aktuelne stvaraoce u nameri da podr\u017eimo savremenu umetnost, s druge strane. Obe skulpture danas premijerno predstavljamo javnosti, a uskoro \u0107e postati deo enterijera Galerije Matice srpske.<\/p>\n<p>U godini velikog jubileja odlu\u010dili smo da ostvarimo jedan nerealizovani poduhvat na\u0161ih prethodnika. Jo\u0161 1994. godine u bronzi je izlivena monumentalna skulptura \u0110or\u0111a Jovanovi\u0107a <strong><em>Guslar<\/em><\/strong> s namerom da se izlo\u017ei u prostoru ispred Galerije kao deo obele\u017eavanja jubileja 1997. godine. Ta zamisao, na\u017ealost, nije ostvarena. Po\u0161tuju\u0107i te\u017enje svojih prethodnika, u godini kada smo zavr\u0161ili rekonstrukciju fasade postavili smo dve skulpture u prostor ispred Galerije: rad Jovana Soldatovi\u0107a Milan Konjovi\u0107 i rad Radmile Graovac Ris <em>Akt devojke<\/em>. Ne\u0161to kasnije, 2021. godine, u okviru projekta \u201eNovi Sad \u2013 Evropska prestonica kulture\u201d, postavili smo tri skulpture iz tri Galerije sa Trga galerija na zelenu povr\u0161inu ispred zgrade, kreiraju\u0107i tako osnovu budu\u0107eg Parka skulptura. Danas, u okviru jubileja, izneli smo ve\u0107 ranije izlivenog Guslara, a namenski izlili <em><strong>\u017denski akt<\/strong><\/em>, rad <strong>Pavla Radovanovi\u0107a<\/strong>, jo\u0161 jednog va\u017enog i velikog dobrotvora Galerije Matice srpske iz poslednjih decenija XX veka. Ovom aktivno\u0161\u0107u nastavljamo ve\u0107 zapo\u010deti proces izno\u0161enja umetnosti izvan zidova zgrade i istovremeno najavljujemo slede\u0107i veliki projekat \u2013 preure\u0111enje Trga galerija, odnosno transformaciju parkinga u<strong> Park skulptura<\/strong>.<\/p>\n<p>Da su jubileji inspirativni i za nau\u010dnike i za umetnike potvr\u0111uje jo\u0161 jedan neplanirani poduhvat, realizovan tokom pripreme ovogodi\u0161nje proslave. Na temeljima dugogodi\u0161njih istra\u017eivanja, u godini u kojoj obele\u017eavamo 175 godina od osnivanja Galerije Matice srpske objavili smo monografiju <strong><em>Ponos nacije. 175 godina Galerije Matice srpske<\/em><\/strong> u kojoj govorimo o ljudima, doga\u0111ajima i trenucima iz bogate istorije na\u0161e ustanove koji su je nesporno odredili. Po\u0161tuju\u0107i savremeni nau\u010dni pristup, ova knjiga donosi istorijat ustanove i ukazuje na njenu ulogu u izgradnji nacionalnog kulturnog identiteta kroz prikupljanje, izlaganje i predstavljanje dela likovne umetnosti. Uz brojne reprodukcije umetni\u010dkih radova, dokumentarnih fotografija zgrade, izlo\u017ebenih postavki, doga\u0111aja i ljudi, poku\u0161ali smo da uka\u017eemo na jedinstvenu ulogu Galerije Matice srpske i njen doprinos nacionalnoj kulturi. Sadr\u017eaj ove knjige podstakao je umetnika Danila Vuksanovi\u0107a da uradi seriju grafi\u010dkih kola\u017ea na temu istorije ustanove, a mi vam danas ovom sve\u010danom prilikom darujemo monografiju <em>Ponos nacije<\/em> i <strong>Mapu grafika <\/strong><em><strong>Ponos nacije<\/strong>. U zbiru<\/em> nastalu u \u010dast jubileja.<\/p>\n<p>Sve navedeno \u2013 izlo\u017eba <em>Uro\u0161 Predi\u0107. \u017divot posve\u0107en lepoti i umetnosti<\/em>, program <em>Uro\u0161 Predi\u0107 za sve<\/em>, kao i ostali umetni\u010dki iskoraci samo su po\u010detak obele\u017eavanja jubileja. Predstoji nam niz programa i projekata do 14. oktobra 2023. Pre svega, do kraja godine \u0107emo preko objavljenih knjiga predstaviti dva va\u017ena segmenta na\u0161e delatnosti. Rad konzervatorsko-restauratorskog odeljenja kroz publikaciju <strong><em>(Re)konzervacije<\/em> autorke Daniele Korolije Crkvenjakov<\/strong>, a rad Odeljenja za programe i prezentaciju putem publikacije<strong><em> Odrastanje uz umetnost<\/em>, autorke Jelene Ognjanovi\u0107<\/strong>. Nakon zavr\u0161etka izlo\u017ebe Uro\u0161a Predi\u0107a i adaptacije izlo\u017ebenih sala, <strong>1. juna 2023. otvori\u0107emo novu stalnu postavku srpske umetnosti<\/strong> novijeg doba i izlo\u017ebu <strong><em>Poklon-zbirka Dragi\u0161e Bra\u0161ovana<\/em><\/strong>, na kojoj \u0107emo javnosti predstaviti izuzetan dar naslednic\u00e2 velikog arhitekte, koji je svojim gra\u0111evinama trajno obele\u017eio grad Novi Sad. I kona\u010dno, obele\u017eavanje jubileja zavr\u0161i\u0107emo <strong>retrospektivnom izlo\u017ebom slikara Vase Pomori\u0161ca<\/strong>, poslednjeg u nizu stipendista Matice srpske. Time \u0107emo zatvoriti krug i istovremeno, verujemo, otvoriti novu fazu u delovanju Galerije Matice srpske.<\/p>\n<p>Mi smo muzej koji sanja, ko\u0161nica u kojoj u zajedni\u0161tvu deluju vrhunski stru\u010dnjaci, umetnici, ljubitelji umetnosti i prijatelji ustanove. U proteklom periodu od 25 godina uspeli smo da napravimo brojne iskorake i ostvarimo razli\u010dite zacrtane ciljeve. Adaptirali smo i osavremenili zgradu i tako unapredili uslove \u010duvanja i izlaganja umetni\u010dkih dela. Obogatili smo umetni\u010dki fond sa <strong>3.330 zna\u010dajnih dela srpske umetnosti<\/strong>. Realizovali smo <strong>306 izlo\u017ebi<\/strong> i objavili <strong>224 publikacije<\/strong>. Kao novi vid aktivnosti pokrenuli smo programe za decu, mlade i bebe i tako u potpunosti uhvatili korak sa savremenim tokovima muzejske struke. Postali smo centar izvrsnosti za\u0161tite pokretnog kulturnog nasle\u0111a, digitalizacije predmeta likovne umetnosti i lider u primeni novih tehnologija u muzejskoj prezentaciji, o \u010demu svedo\u010di poslednji projekat koji smo realizovali a to je <strong>\u201eHololens \u2013 platforma me\u0161ovite realnosti\u201d<\/strong>. Nakon decenijskog prekida uspostavili smo me\u0111unarodna partnerstva sa srodnim muzejskim ustanovama i kroz njih predstavili srpsku nacionalnu umetnost u svetu i evropsku umetnost kod nas. I kona\u010dno, na temeljima svega u\u010dinjenog postali smo relevantna muzejska ustanova u zemlji i regionu o \u010demu svedo\u010de brojna odlikovanja koja smo primili u proteklom periodu, zaklju\u010dno sa <strong>Sretenjskim ordenom prvog reda<\/strong>, najzna\u010dajnijim odli\u010djem Republike Srbije koje smo primili ove godine. Zbog svega ovde pobrojanog ja slobodno mogu da ponovim re\u010di mog prethodnika, prvog direktora Muzeja Matice srpske Franje Malina, iz 1938. godine: \u201eOni koji budu do\u0161li posle nas mo\u017eda \u0107e na\u0161 rad kritikovati, pa mo\u017eda i osuditi, ali jedno ne\u0107e mo\u0107i pore\u0107i, da je postojala dobra volja i \u010dvrsta odluka, pa i nesebi\u010dan rad, da se stvori jedno lepo i trajno delo: Muzej Matice srpske.\u201d<\/p>\n<p>Galerija Matice srpske kao naslednik tog muzeja danas nije samo lepo i trajno delo. Ona je jedinstveno mesto prikupljanja, \u010duvanja i promovisanja srpske likovne umetnosti i na tim osnovama \u010duvar i tvorac nacionalnog identiteta. Galerija je postala prostor za dijalog i mesto obrazovanja i u\u017eivanja koje svojim brojnim aktivnostima doprinosi razvoju dru\u0161tva, boljem i kvalitetnijem \u017eivotu kako lokalne zajednice, tako i dr\u017eave Srbije u celini. Mi smo danas ustanova koje je, zahvaljuju\u0107i posve\u0107enom radu generacija stru\u010dnjaka, postala <strong>ponos nacije<\/strong>. A to je od samih po\u010detaka delovanja bio san o kome su sanjali na\u0161i osniva\u010di!<\/p>\n","protected":false},"excerpt":{"rendered":"<p>Obra\u0107anje dr Tijane Palkovljevi\u0107 Bugarski, upravnice Galerije Matice srpske, na Sve\u010danoj sednici povodom Dana Galerije i jubileja 175 godina od osnivanja Galerije Matice srpske, 14. oktobar 2022. godine Veliki jubileji su prilika za ustanove kulture da se osvrnu u pro\u0161lost, sagledaju svoju istoriju i kroz analizu delatnosti spoznaju svoje osobenosti i vrednosti. Samo tako, na<\/p>\n","protected":false},"author":2,"featured_media":10515,"comment_status":"closed","ping_status":"closed","sticky":false,"template":"","format":"standard","meta":{"_acf_changed":false,"footnotes":""},"categories":[92],"tags":[],"class_list":["post-10525","post","type-post","status-publish","format-standard","has-post-thumbnail","hentry","category-vesti-gms"],"acf":[],"yoast_head":"<!-- This site is optimized with the Yoast SEO plugin v27.3 - https:\/\/yoast.com\/product\/yoast-seo-wordpress\/ -->\n<title>Hronika jednog muzeja: 2022. godina | Galerija Matice srpske<\/title>\n<meta name=\"description\" content=\"Veliki jubileji su prilika za ustanove kulture da se osvrnu u pro\u0161lost, sagledaju svoju istoriju i kroz analizu delatnosti spoznaju svoje osobenosti i vrednosti. Samo tako, na temeljima ostvarenja svojih prethodnika, muzeji mogu razumeti svoj identitet i kroz dobro osmi\u0161ljene aktivnosti u aktuelnom trenutku odrediti budu\u0107e pravce svog delovanja.\" \/>\n<meta name=\"robots\" content=\"index, follow, max-snippet:-1, max-image-preview:large, max-video-preview:-1\" \/>\n<link rel=\"canonical\" href=\"https:\/\/www.galerijamaticesrpske.rs\/lat\/vesti-gms\/hronika-jednog-muzeja-2022-godina\/\" \/>\n<meta property=\"og:locale\" content=\"en_US\" \/>\n<meta property=\"og:type\" content=\"article\" \/>\n<meta property=\"og:title\" content=\"Hronika jednog muzeja: 2022. godina | Galerija Matice srpske\" \/>\n<meta property=\"og:description\" content=\"Veliki jubileji su prilika za ustanove kulture da se osvrnu u pro\u0161lost, sagledaju svoju istoriju i kroz analizu delatnosti spoznaju svoje osobenosti i vrednosti. Samo tako, na temeljima ostvarenja svojih prethodnika, muzeji mogu razumeti svoj identitet i kroz dobro osmi\u0161ljene aktivnosti u aktuelnom trenutku odrediti budu\u0107e pravce svog delovanja.\" \/>\n<meta property=\"og:url\" content=\"https:\/\/www.galerijamaticesrpske.rs\/lat\/vesti-gms\/hronika-jednog-muzeja-2022-godina\/\" \/>\n<meta property=\"og:site_name\" content=\"Galerija Matice srpske\" \/>\n<meta property=\"article:published_time\" content=\"2022-11-03T13:42:18+00:00\" \/>\n<meta property=\"og:image\" content=\"https:\/\/www.galerijamaticesrpske.rs\/wp-content\/uploads\/2022\/11\/310427296_5951649334865287_7957206770776044511_n.jpg\" \/>\n\t<meta property=\"og:image:width\" content=\"2048\" \/>\n\t<meta property=\"og:image:height\" content=\"1221\" \/>\n\t<meta property=\"og:image:type\" content=\"image\/jpeg\" \/>\n<meta name=\"author\" content=\"Jelena GMS\" \/>\n<meta name=\"twitter:card\" content=\"summary_large_image\" \/>\n<meta name=\"twitter:label1\" content=\"Written by\" \/>\n\t<meta name=\"twitter:data1\" content=\"Jelena GMS\" \/>\n\t<meta name=\"twitter:label2\" content=\"Est. reading time\" \/>\n\t<meta name=\"twitter:data2\" content=\"8 minutes\" \/>\n<script type=\"application\/ld+json\" class=\"yoast-schema-graph\">{\"@context\":\"https:\\\/\\\/schema.org\",\"@graph\":[{\"@type\":\"Article\",\"@id\":\"https:\\\/\\\/www.galerijamaticesrpske.rs\\\/lat\\\/vesti-gms\\\/hronika-jednog-muzeja-2022-godina\\\/#article\",\"isPartOf\":{\"@id\":\"https:\\\/\\\/www.galerijamaticesrpske.rs\\\/lat\\\/vesti-gms\\\/hronika-jednog-muzeja-2022-godina\\\/\"},\"author\":{\"name\":\"Jelena GMS\",\"@id\":\"https:\\\/\\\/www.galerijamaticesrpske.rs\\\/#\\\/schema\\\/person\\\/cd7cf801d7fcb10a165f8407e502944b\"},\"headline\":\"Hronika jednog muzeja: 2022. godina\",\"datePublished\":\"2022-11-03T13:42:18+00:00\",\"mainEntityOfPage\":{\"@id\":\"https:\\\/\\\/www.galerijamaticesrpske.rs\\\/lat\\\/vesti-gms\\\/hronika-jednog-muzeja-2022-godina\\\/\"},\"wordCount\":1654,\"publisher\":{\"@id\":\"https:\\\/\\\/www.galerijamaticesrpske.rs\\\/#organization\"},\"image\":{\"@id\":\"https:\\\/\\\/www.galerijamaticesrpske.rs\\\/lat\\\/vesti-gms\\\/hronika-jednog-muzeja-2022-godina\\\/#primaryimage\"},\"thumbnailUrl\":\"https:\\\/\\\/www.galerijamaticesrpske.rs\\\/wp-content\\\/uploads\\\/2022\\\/11\\\/310427296_5951649334865287_7957206770776044511_n.jpg\",\"articleSection\":[\"Vesti\"],\"inLanguage\":\"sr-LAT\"},{\"@type\":\"WebPage\",\"@id\":\"https:\\\/\\\/www.galerijamaticesrpske.rs\\\/lat\\\/vesti-gms\\\/hronika-jednog-muzeja-2022-godina\\\/\",\"url\":\"https:\\\/\\\/www.galerijamaticesrpske.rs\\\/lat\\\/vesti-gms\\\/hronika-jednog-muzeja-2022-godina\\\/\",\"name\":\"Hronika jednog muzeja: 2022. godina | Galerija Matice srpske\",\"isPartOf\":{\"@id\":\"https:\\\/\\\/www.galerijamaticesrpske.rs\\\/#website\"},\"primaryImageOfPage\":{\"@id\":\"https:\\\/\\\/www.galerijamaticesrpske.rs\\\/lat\\\/vesti-gms\\\/hronika-jednog-muzeja-2022-godina\\\/#primaryimage\"},\"image\":{\"@id\":\"https:\\\/\\\/www.galerijamaticesrpske.rs\\\/lat\\\/vesti-gms\\\/hronika-jednog-muzeja-2022-godina\\\/#primaryimage\"},\"thumbnailUrl\":\"https:\\\/\\\/www.galerijamaticesrpske.rs\\\/wp-content\\\/uploads\\\/2022\\\/11\\\/310427296_5951649334865287_7957206770776044511_n.jpg\",\"datePublished\":\"2022-11-03T13:42:18+00:00\",\"description\":\"Veliki jubileji su prilika za ustanove kulture da se osvrnu u pro\u0161lost, sagledaju svoju istoriju i kroz analizu delatnosti spoznaju svoje osobenosti i vrednosti. Samo tako, na temeljima ostvarenja svojih prethodnika, muzeji mogu razumeti svoj identitet i kroz dobro osmi\u0161ljene aktivnosti u aktuelnom trenutku odrediti budu\u0107e pravce svog delovanja.\",\"breadcrumb\":{\"@id\":\"https:\\\/\\\/www.galerijamaticesrpske.rs\\\/lat\\\/vesti-gms\\\/hronika-jednog-muzeja-2022-godina\\\/#breadcrumb\"},\"inLanguage\":\"sr-LAT\",\"potentialAction\":[{\"@type\":\"ReadAction\",\"target\":[\"https:\\\/\\\/www.galerijamaticesrpske.rs\\\/lat\\\/vesti-gms\\\/hronika-jednog-muzeja-2022-godina\\\/\"]}]},{\"@type\":\"ImageObject\",\"inLanguage\":\"sr-LAT\",\"@id\":\"https:\\\/\\\/www.galerijamaticesrpske.rs\\\/lat\\\/vesti-gms\\\/hronika-jednog-muzeja-2022-godina\\\/#primaryimage\",\"url\":\"https:\\\/\\\/www.galerijamaticesrpske.rs\\\/wp-content\\\/uploads\\\/2022\\\/11\\\/310427296_5951649334865287_7957206770776044511_n.jpg\",\"contentUrl\":\"https:\\\/\\\/www.galerijamaticesrpske.rs\\\/wp-content\\\/uploads\\\/2022\\\/11\\\/310427296_5951649334865287_7957206770776044511_n.jpg\",\"width\":2048,\"height\":1221,\"caption\":\"default\"},{\"@type\":\"BreadcrumbList\",\"@id\":\"https:\\\/\\\/www.galerijamaticesrpske.rs\\\/lat\\\/vesti-gms\\\/hronika-jednog-muzeja-2022-godina\\\/#breadcrumb\",\"itemListElement\":[{\"@type\":\"ListItem\",\"position\":1,\"name\":\"\u041f\u043e\u0447\u0435\u0442\u043d\u0430\",\"item\":\"http:\\\/\\\/www.galerijamaticesrpske.rs\\\/lat\\\/\"},{\"@type\":\"ListItem\",\"position\":2,\"name\":\"Hronika jednog muzeja: 2022. godina\"}]},{\"@type\":\"WebSite\",\"@id\":\"https:\\\/\\\/www.galerijamaticesrpske.rs\\\/#website\",\"url\":\"https:\\\/\\\/www.galerijamaticesrpske.rs\\\/\",\"name\":\"Galerija Matice srpske\",\"description\":\"Muzej srpske nacionalne umetnosti u Novom Sadu\",\"publisher\":{\"@id\":\"https:\\\/\\\/www.galerijamaticesrpske.rs\\\/#organization\"},\"potentialAction\":[{\"@type\":\"SearchAction\",\"target\":{\"@type\":\"EntryPoint\",\"urlTemplate\":\"https:\\\/\\\/www.galerijamaticesrpske.rs\\\/?s={search_term_string}\"},\"query-input\":{\"@type\":\"PropertyValueSpecification\",\"valueRequired\":true,\"valueName\":\"search_term_string\"}}],\"inLanguage\":\"sr-LAT\"},{\"@type\":\"Organization\",\"@id\":\"https:\\\/\\\/www.galerijamaticesrpske.rs\\\/#organization\",\"name\":\"Galerija Matice srpske\",\"url\":\"https:\\\/\\\/www.galerijamaticesrpske.rs\\\/\",\"logo\":{\"@type\":\"ImageObject\",\"inLanguage\":\"sr-LAT\",\"@id\":\"https:\\\/\\\/www.galerijamaticesrpske.rs\\\/#\\\/schema\\\/logo\\\/image\\\/\",\"url\":\"https:\\\/\\\/www.galerijamaticesrpske.rs\\\/wp-content\\\/uploads\\\/2021\\\/01\\\/gms-logo-za-sajt.svg\",\"contentUrl\":\"https:\\\/\\\/www.galerijamaticesrpske.rs\\\/wp-content\\\/uploads\\\/2021\\\/01\\\/gms-logo-za-sajt.svg\",\"width\":1,\"height\":1,\"caption\":\"Galerija Matice srpske\"},\"image\":{\"@id\":\"https:\\\/\\\/www.galerijamaticesrpske.rs\\\/#\\\/schema\\\/logo\\\/image\\\/\"}},{\"@type\":\"Person\",\"@id\":\"https:\\\/\\\/www.galerijamaticesrpske.rs\\\/#\\\/schema\\\/person\\\/cd7cf801d7fcb10a165f8407e502944b\",\"name\":\"Jelena GMS\",\"image\":{\"@type\":\"ImageObject\",\"inLanguage\":\"sr-LAT\",\"@id\":\"https:\\\/\\\/secure.gravatar.com\\\/avatar\\\/d97cc9c9ff00ecfcae2d4161f8d50f74465676163393192de390634ca0095b9d?s=96&d=mm&r=g\",\"url\":\"https:\\\/\\\/secure.gravatar.com\\\/avatar\\\/d97cc9c9ff00ecfcae2d4161f8d50f74465676163393192de390634ca0095b9d?s=96&d=mm&r=g\",\"contentUrl\":\"https:\\\/\\\/secure.gravatar.com\\\/avatar\\\/d97cc9c9ff00ecfcae2d4161f8d50f74465676163393192de390634ca0095b9d?s=96&d=mm&r=g\",\"caption\":\"Jelena GMS\"}}]}<\/script>\n<!-- \/ Yoast SEO plugin. -->","yoast_head_json":{"title":"Hronika jednog muzeja: 2022. godina | Galerija Matice srpske","description":"Veliki jubileji su prilika za ustanove kulture da se osvrnu u pro\u0161lost, sagledaju svoju istoriju i kroz analizu delatnosti spoznaju svoje osobenosti i vrednosti. Samo tako, na temeljima ostvarenja svojih prethodnika, muzeji mogu razumeti svoj identitet i kroz dobro osmi\u0161ljene aktivnosti u aktuelnom trenutku odrediti budu\u0107e pravce svog delovanja.","robots":{"index":"index","follow":"follow","max-snippet":"max-snippet:-1","max-image-preview":"max-image-preview:large","max-video-preview":"max-video-preview:-1"},"canonical":"https:\/\/www.galerijamaticesrpske.rs\/lat\/vesti-gms\/hronika-jednog-muzeja-2022-godina\/","og_locale":"en_US","og_type":"article","og_title":"Hronika jednog muzeja: 2022. godina | Galerija Matice srpske","og_description":"Veliki jubileji su prilika za ustanove kulture da se osvrnu u pro\u0161lost, sagledaju svoju istoriju i kroz analizu delatnosti spoznaju svoje osobenosti i vrednosti. Samo tako, na temeljima ostvarenja svojih prethodnika, muzeji mogu razumeti svoj identitet i kroz dobro osmi\u0161ljene aktivnosti u aktuelnom trenutku odrediti budu\u0107e pravce svog delovanja.","og_url":"https:\/\/www.galerijamaticesrpske.rs\/lat\/vesti-gms\/hronika-jednog-muzeja-2022-godina\/","og_site_name":"Galerija Matice srpske","article_published_time":"2022-11-03T13:42:18+00:00","og_image":[{"width":2048,"height":1221,"url":"https:\/\/www.galerijamaticesrpske.rs\/wp-content\/uploads\/2022\/11\/310427296_5951649334865287_7957206770776044511_n.jpg","type":"image\/jpeg"}],"author":"Jelena GMS","twitter_card":"summary_large_image","twitter_misc":{"Written by":"Jelena GMS","Est. reading time":"8 minutes"},"schema":{"@context":"https:\/\/schema.org","@graph":[{"@type":"Article","@id":"https:\/\/www.galerijamaticesrpske.rs\/lat\/vesti-gms\/hronika-jednog-muzeja-2022-godina\/#article","isPartOf":{"@id":"https:\/\/www.galerijamaticesrpske.rs\/lat\/vesti-gms\/hronika-jednog-muzeja-2022-godina\/"},"author":{"name":"Jelena GMS","@id":"https:\/\/www.galerijamaticesrpske.rs\/#\/schema\/person\/cd7cf801d7fcb10a165f8407e502944b"},"headline":"Hronika jednog muzeja: 2022. godina","datePublished":"2022-11-03T13:42:18+00:00","mainEntityOfPage":{"@id":"https:\/\/www.galerijamaticesrpske.rs\/lat\/vesti-gms\/hronika-jednog-muzeja-2022-godina\/"},"wordCount":1654,"publisher":{"@id":"https:\/\/www.galerijamaticesrpske.rs\/#organization"},"image":{"@id":"https:\/\/www.galerijamaticesrpske.rs\/lat\/vesti-gms\/hronika-jednog-muzeja-2022-godina\/#primaryimage"},"thumbnailUrl":"https:\/\/www.galerijamaticesrpske.rs\/wp-content\/uploads\/2022\/11\/310427296_5951649334865287_7957206770776044511_n.jpg","articleSection":["Vesti"],"inLanguage":"sr-LAT"},{"@type":"WebPage","@id":"https:\/\/www.galerijamaticesrpske.rs\/lat\/vesti-gms\/hronika-jednog-muzeja-2022-godina\/","url":"https:\/\/www.galerijamaticesrpske.rs\/lat\/vesti-gms\/hronika-jednog-muzeja-2022-godina\/","name":"Hronika jednog muzeja: 2022. godina | Galerija Matice srpske","isPartOf":{"@id":"https:\/\/www.galerijamaticesrpske.rs\/#website"},"primaryImageOfPage":{"@id":"https:\/\/www.galerijamaticesrpske.rs\/lat\/vesti-gms\/hronika-jednog-muzeja-2022-godina\/#primaryimage"},"image":{"@id":"https:\/\/www.galerijamaticesrpske.rs\/lat\/vesti-gms\/hronika-jednog-muzeja-2022-godina\/#primaryimage"},"thumbnailUrl":"https:\/\/www.galerijamaticesrpske.rs\/wp-content\/uploads\/2022\/11\/310427296_5951649334865287_7957206770776044511_n.jpg","datePublished":"2022-11-03T13:42:18+00:00","description":"Veliki jubileji su prilika za ustanove kulture da se osvrnu u pro\u0161lost, sagledaju svoju istoriju i kroz analizu delatnosti spoznaju svoje osobenosti i vrednosti. Samo tako, na temeljima ostvarenja svojih prethodnika, muzeji mogu razumeti svoj identitet i kroz dobro osmi\u0161ljene aktivnosti u aktuelnom trenutku odrediti budu\u0107e pravce svog delovanja.","breadcrumb":{"@id":"https:\/\/www.galerijamaticesrpske.rs\/lat\/vesti-gms\/hronika-jednog-muzeja-2022-godina\/#breadcrumb"},"inLanguage":"sr-LAT","potentialAction":[{"@type":"ReadAction","target":["https:\/\/www.galerijamaticesrpske.rs\/lat\/vesti-gms\/hronika-jednog-muzeja-2022-godina\/"]}]},{"@type":"ImageObject","inLanguage":"sr-LAT","@id":"https:\/\/www.galerijamaticesrpske.rs\/lat\/vesti-gms\/hronika-jednog-muzeja-2022-godina\/#primaryimage","url":"https:\/\/www.galerijamaticesrpske.rs\/wp-content\/uploads\/2022\/11\/310427296_5951649334865287_7957206770776044511_n.jpg","contentUrl":"https:\/\/www.galerijamaticesrpske.rs\/wp-content\/uploads\/2022\/11\/310427296_5951649334865287_7957206770776044511_n.jpg","width":2048,"height":1221,"caption":"default"},{"@type":"BreadcrumbList","@id":"https:\/\/www.galerijamaticesrpske.rs\/lat\/vesti-gms\/hronika-jednog-muzeja-2022-godina\/#breadcrumb","itemListElement":[{"@type":"ListItem","position":1,"name":"\u041f\u043e\u0447\u0435\u0442\u043d\u0430","item":"http:\/\/www.galerijamaticesrpske.rs\/lat\/"},{"@type":"ListItem","position":2,"name":"Hronika jednog muzeja: 2022. godina"}]},{"@type":"WebSite","@id":"https:\/\/www.galerijamaticesrpske.rs\/#website","url":"https:\/\/www.galerijamaticesrpske.rs\/","name":"Galerija Matice srpske","description":"Muzej srpske nacionalne umetnosti u Novom Sadu","publisher":{"@id":"https:\/\/www.galerijamaticesrpske.rs\/#organization"},"potentialAction":[{"@type":"SearchAction","target":{"@type":"EntryPoint","urlTemplate":"https:\/\/www.galerijamaticesrpske.rs\/?s={search_term_string}"},"query-input":{"@type":"PropertyValueSpecification","valueRequired":true,"valueName":"search_term_string"}}],"inLanguage":"sr-LAT"},{"@type":"Organization","@id":"https:\/\/www.galerijamaticesrpske.rs\/#organization","name":"Galerija Matice srpske","url":"https:\/\/www.galerijamaticesrpske.rs\/","logo":{"@type":"ImageObject","inLanguage":"sr-LAT","@id":"https:\/\/www.galerijamaticesrpske.rs\/#\/schema\/logo\/image\/","url":"https:\/\/www.galerijamaticesrpske.rs\/wp-content\/uploads\/2021\/01\/gms-logo-za-sajt.svg","contentUrl":"https:\/\/www.galerijamaticesrpske.rs\/wp-content\/uploads\/2021\/01\/gms-logo-za-sajt.svg","width":1,"height":1,"caption":"Galerija Matice srpske"},"image":{"@id":"https:\/\/www.galerijamaticesrpske.rs\/#\/schema\/logo\/image\/"}},{"@type":"Person","@id":"https:\/\/www.galerijamaticesrpske.rs\/#\/schema\/person\/cd7cf801d7fcb10a165f8407e502944b","name":"Jelena GMS","image":{"@type":"ImageObject","inLanguage":"sr-LAT","@id":"https:\/\/secure.gravatar.com\/avatar\/d97cc9c9ff00ecfcae2d4161f8d50f74465676163393192de390634ca0095b9d?s=96&d=mm&r=g","url":"https:\/\/secure.gravatar.com\/avatar\/d97cc9c9ff00ecfcae2d4161f8d50f74465676163393192de390634ca0095b9d?s=96&d=mm&r=g","contentUrl":"https:\/\/secure.gravatar.com\/avatar\/d97cc9c9ff00ecfcae2d4161f8d50f74465676163393192de390634ca0095b9d?s=96&d=mm&r=g","caption":"Jelena GMS"}}]}},"_links":{"self":[{"href":"https:\/\/www.galerijamaticesrpske.rs\/lat\/wp-json\/wp\/v2\/posts\/10525","targetHints":{"allow":["GET"]}}],"collection":[{"href":"https:\/\/www.galerijamaticesrpske.rs\/lat\/wp-json\/wp\/v2\/posts"}],"about":[{"href":"https:\/\/www.galerijamaticesrpske.rs\/lat\/wp-json\/wp\/v2\/types\/post"}],"author":[{"embeddable":true,"href":"https:\/\/www.galerijamaticesrpske.rs\/lat\/wp-json\/wp\/v2\/users\/2"}],"replies":[{"embeddable":true,"href":"https:\/\/www.galerijamaticesrpske.rs\/lat\/wp-json\/wp\/v2\/comments?post=10525"}],"version-history":[{"count":1,"href":"https:\/\/www.galerijamaticesrpske.rs\/lat\/wp-json\/wp\/v2\/posts\/10525\/revisions"}],"predecessor-version":[{"id":10526,"href":"https:\/\/www.galerijamaticesrpske.rs\/lat\/wp-json\/wp\/v2\/posts\/10525\/revisions\/10526"}],"wp:featuredmedia":[{"embeddable":true,"href":"https:\/\/www.galerijamaticesrpske.rs\/lat\/wp-json\/wp\/v2\/media\/10515"}],"wp:attachment":[{"href":"https:\/\/www.galerijamaticesrpske.rs\/lat\/wp-json\/wp\/v2\/media?parent=10525"}],"wp:term":[{"taxonomy":"category","embeddable":true,"href":"https:\/\/www.galerijamaticesrpske.rs\/lat\/wp-json\/wp\/v2\/categories?post=10525"},{"taxonomy":"post_tag","embeddable":true,"href":"https:\/\/www.galerijamaticesrpske.rs\/lat\/wp-json\/wp\/v2\/tags?post=10525"}],"curies":[{"name":"wp","href":"https:\/\/api.w.org\/{rel}","templated":true}]}}