{"id":10605,"date":"2022-11-24T11:55:17","date_gmt":"2022-11-24T11:55:17","guid":{"rendered":"https:\/\/www.galerijamaticesrpske.rs\/?p=10605"},"modified":"2022-11-26T09:13:53","modified_gmt":"2022-11-26T09:13:53","slug":"avanture-ucenja-izvan-zidova-vrtica-i-skola","status":"publish","type":"post","link":"https:\/\/www.galerijamaticesrpske.rs\/lat\/vesti-gms\/avanture-ucenja-izvan-zidova-vrtica-i-skola\/","title":{"rendered":"Avanture u\u010denja izvan zidova vrti\u0107a i \u0161kola"},"content":{"rendered":"<p>Dugogodi\u0161nja saradnja Galerije Matice srpske i Pred\u0161kolske ustanove \u201eMa\u0161tolend\u201d iznedrila je zajedni\u010dki projekat <em>Avanture u\u010denja izvan vrti\u0107a<\/em> u okviru programa \u201eErazmus +\u201d koji je trajao od novembra 2019. do juna 2022. godine. Cilj projekta bio je pru\u017eanje podr\u0161ke vaspita\u010dima, u\u010diteljima, edukatorima u radu sa decom pred\u0161kolskog i ni\u017ee\u0161kolskog uzrasta, s akcentom na igru i u\u010denje izvan zidova vrti\u0107a i \u0161kola. Kroz projekat se stvorila izuzetna saradnja sa kolegama iz partnerskih ustanova &#8211; Dje\u010djim vrti\u0107em \u201eMasla\u010dak\u201c iz Pule u Hrvatskoj, Osnovnom \u0161kolom \u201eDobje\u201c iz Dobja pri Planini u Sloveniji, Pred\u0161kolskom ustanovom \u201eMa\u0161tolend\u201c iz Novog Sada i Pred\u0161kolskom ustanovom \u201eV\u010dielka\u201c iz Ba\u010dkog Petrovca.<\/p>\n<p>Decenijski rad Galerije Matice srpske u radu na edukativnim programima za decu prepoznat je od strane vaspitno-obrazovnih ustanova kao primer dobre prakse, dok su muzejski edukatori Galerije kroz projekat dobili dragocena iskustva i znanja o radu sa decom. Preplitanje ovih znanja i iskustava rezultiralo je priru\u010dnikom <em>Avanture u\u010denja izvan zidova vrti\u0107a i \u0161kola<\/em> kao i me\u0111unarodnom konferencijom odr\u017eanom u Novom Sadu od 17. do 19 juna 2022. godine.<\/p>\n<p>Ideja priru\u010dnika jeste da pomogne prakti\u010darima da izlazak izvan zidova vrti\u0107a i \u0161kola postane uobi\u010dajen na\u010din podu\u010davanja dece. Poseban akcenat stavljen je na osna\u017eivanje odraslih da podr\u017ee de\u010dju potrebu za aktivnim dola\u017eenjem do saznanja, kroz aktivnosti koje za njih imaju smisla. Podr\u0161ka razvoju pozitivnih dispozicija za u\u010denja kroz istra\u017eiva\u010dke aktivnosti dece na razli\u010ditim mestima u zajednici, nasuprot pasivnom podu\u010davanju u u\u010dionicama, jeste jedna od najva\u017enijih vrednosti ove knjige. Profesionalne kompetencije za program <em>Avanture u\u010denja izvan zidova vrti\u0107a<\/em> i \u0161kola predstavljene su prakti\u010dnim primerima i refleksijama vaspita\u010da, u\u010ditelja, muzejskih pedagoga, stru\u010dnih saradnika i direktora, koji su autori ove knjige. Verujemo da \u0107e bogato iskustvo prakti\u010dara koji su je pisali, pomo\u0107i u sagledavanju dobrobiti koju za decu imaju izlasci izvan zidova vrti\u0107a i \u0161kola, te doprineti da u\u010de\u0161\u0107e roditelja, organizacija i pojedinaca iz zajednice u razvijanju obrazovnih programa postane rutina.<\/p>\n<p>Digitalno izdanje priru\u010dnika mo\u017eete <a href=\"https:\/\/drive.google.com\/file\/d\/1fFBqToGqEd7nNr2YVJdEQaniZDyHj5Rn\/view\" target=\"_blank\" rel=\"noopener\">preuzeti ovde<\/a>.<\/p>\n<p><em>\u00a0<\/em><\/p>\n<p><em>U\u010denje nije ne\u0161to \u0161to se \u010duva u kutiji, \u010dak i kada je kutija u obliku u\u010dionice. Sklonost u\u010denju, radoznalost i traganje za znanjem razvijaju se kada se ose\u0107amo inspirisanim. Svet izvan u\u010dionice jeste bogato inspirativan, stalno o\u017eivljava ono \u0161to se de\u0161ava u u\u010dionici. To je izvor svih na\u0161ih u\u010denja \u2013 o na\u0161oj istoriji, kulturi, na\u0161em mestu, prirodnom svetu oko nas i odnosima koje gradimo. Taj dvosmerni tok mo\u017ee se utkati u obrazovanje svakog deteta, potpuno se oslanjaju\u0107i na kulturu bilo koje \u0161kole.<\/em><\/p>\n<p>Out-of-Classroom Learning, Real World Learning Partnership (2003)<\/p>\n","protected":false},"excerpt":{"rendered":"<p>Dugogodi\u0161nja saradnja Galerije Matice srpske i Pred\u0161kolske ustanove \u201eMa\u0161tolend\u201d iznedrila je zajedni\u010dki projekat Avanture u\u010denja izvan vrti\u0107a u okviru programa \u201eErazmus +\u201d koji je trajao od novembra 2019. do juna 2022. godine. Cilj projekta bio je pru\u017eanje podr\u0161ke vaspita\u010dima, u\u010diteljima, edukatorima u radu sa decom pred\u0161kolskog i ni\u017ee\u0161kolskog uzrasta, s akcentom na igru i u\u010denje<\/p>\n","protected":false},"author":2,"featured_media":10603,"comment_status":"closed","ping_status":"closed","sticky":false,"template":"","format":"standard","meta":{"_acf_changed":false,"footnotes":""},"categories":[92],"tags":[],"class_list":["post-10605","post","type-post","status-publish","format-standard","has-post-thumbnail","hentry","category-vesti-gms"],"acf":[],"yoast_head":"<!-- This site is optimized with the Yoast SEO plugin v27.3 - https:\/\/yoast.com\/product\/yoast-seo-wordpress\/ -->\n<title>Avanture u\u010denja izvan zidova vrti\u0107a i \u0161kola | Galerija Matice srpske<\/title>\n<meta name=\"description\" content=\"Decenijski rad Galerije Matice srpske u radu na edukativnim programima za decu prepoznat je od strane vaspitno-obrazovnih ustanova kao primer dobre prakse, dok su muzejski edukatori Galerije kroz projekat dobili dragocena iskustva i znanja o radu sa decom. Preplitanje ovih znanja i iskustava rezultiralo je priru\u010dnikom Avanture u\u010denja izvan zidova vrti\u0107a i \u0161kola kao i me\u0111unarodnom konferencijom odr\u017eanom u Novom Sadu od 17. do 19 juna 2022. godine.\" \/>\n<meta name=\"robots\" content=\"index, follow, max-snippet:-1, max-image-preview:large, max-video-preview:-1\" \/>\n<link rel=\"canonical\" href=\"https:\/\/www.galerijamaticesrpske.rs\/lat\/vesti-gms\/avanture-ucenja-izvan-zidova-vrtica-i-skola\/\" \/>\n<meta property=\"og:locale\" content=\"en_US\" \/>\n<meta property=\"og:type\" content=\"article\" \/>\n<meta property=\"og:title\" content=\"Avanture u\u010denja izvan zidova vrti\u0107a i \u0161kola\" \/>\n<meta property=\"og:description\" content=\"Decenijski rad Galerije Matice srpske u radu na edukativnim programima za decu prepoznat je od strane vaspitno-obrazovnih ustanova kao primer dobre prakse, dok su muzejski edukatori Galerije kroz projekat dobili dragocena iskustva i znanja o radu sa decom. Preplitanje ovih znanja i iskustava rezultiralo je priru\u010dnikom Avanture u\u010denja izvan zidova vrti\u0107a i \u0161kola kao i me\u0111unarodnom konferencijom odr\u017eanom u Novom Sadu od 17. do 19 juna 2022. godine.\" \/>\n<meta property=\"og:url\" content=\"https:\/\/www.galerijamaticesrpske.rs\/lat\/vesti-gms\/avanture-ucenja-izvan-zidova-vrtica-i-skola\/\" \/>\n<meta property=\"og:site_name\" content=\"Galerija Matice srpske\" \/>\n<meta property=\"article:published_time\" content=\"2022-11-24T11:55:17+00:00\" \/>\n<meta property=\"article:modified_time\" content=\"2022-11-26T09:13:53+00:00\" \/>\n<meta property=\"og:image\" content=\"https:\/\/www.galerijamaticesrpske.rs\/wp-content\/uploads\/2022\/11\/mockup_korice.jpg\" \/>\n\t<meta property=\"og:image:width\" content=\"2000\" \/>\n\t<meta property=\"og:image:height\" content=\"1334\" \/>\n\t<meta property=\"og:image:type\" content=\"image\/jpeg\" \/>\n<meta name=\"author\" content=\"Jelena GMS\" \/>\n<meta name=\"twitter:card\" content=\"summary_large_image\" \/>\n<meta name=\"twitter:label1\" content=\"Written by\" \/>\n\t<meta name=\"twitter:data1\" content=\"Jelena GMS\" \/>\n\t<meta name=\"twitter:label2\" content=\"Est. reading time\" \/>\n\t<meta name=\"twitter:data2\" content=\"2 minutes\" \/>\n<script type=\"application\/ld+json\" class=\"yoast-schema-graph\">{\"@context\":\"https:\\\/\\\/schema.org\",\"@graph\":[{\"@type\":\"Article\",\"@id\":\"https:\\\/\\\/www.galerijamaticesrpske.rs\\\/lat\\\/vesti-gms\\\/avanture-ucenja-izvan-zidova-vrtica-i-skola\\\/#article\",\"isPartOf\":{\"@id\":\"https:\\\/\\\/www.galerijamaticesrpske.rs\\\/lat\\\/vesti-gms\\\/avanture-ucenja-izvan-zidova-vrtica-i-skola\\\/\"},\"author\":{\"name\":\"Jelena GMS\",\"@id\":\"http:\\\/\\\/www.galerijamaticesrpske.rs\\\/en\\\/#\\\/schema\\\/person\\\/cd7cf801d7fcb10a165f8407e502944b\"},\"headline\":\"Avanture u\u010denja izvan zidova vrti\u0107a i \u0161kola\",\"datePublished\":\"2022-11-24T11:55:17+00:00\",\"dateModified\":\"2022-11-26T09:13:53+00:00\",\"mainEntityOfPage\":{\"@id\":\"https:\\\/\\\/www.galerijamaticesrpske.rs\\\/lat\\\/vesti-gms\\\/avanture-ucenja-izvan-zidova-vrtica-i-skola\\\/\"},\"wordCount\":477,\"publisher\":{\"@id\":\"http:\\\/\\\/www.galerijamaticesrpske.rs\\\/en\\\/#organization\"},\"image\":{\"@id\":\"https:\\\/\\\/www.galerijamaticesrpske.rs\\\/lat\\\/vesti-gms\\\/avanture-ucenja-izvan-zidova-vrtica-i-skola\\\/#primaryimage\"},\"thumbnailUrl\":\"https:\\\/\\\/www.galerijamaticesrpske.rs\\\/wp-content\\\/uploads\\\/2022\\\/11\\\/mockup_korice.jpg\",\"articleSection\":[\"Vesti\"],\"inLanguage\":\"sr-LAT\"},{\"@type\":\"WebPage\",\"@id\":\"https:\\\/\\\/www.galerijamaticesrpske.rs\\\/lat\\\/vesti-gms\\\/avanture-ucenja-izvan-zidova-vrtica-i-skola\\\/\",\"url\":\"https:\\\/\\\/www.galerijamaticesrpske.rs\\\/lat\\\/vesti-gms\\\/avanture-ucenja-izvan-zidova-vrtica-i-skola\\\/\",\"name\":\"Avanture u\u010denja izvan zidova vrti\u0107a i \u0161kola | Galerija Matice srpske\",\"isPartOf\":{\"@id\":\"http:\\\/\\\/www.galerijamaticesrpske.rs\\\/en\\\/#website\"},\"primaryImageOfPage\":{\"@id\":\"https:\\\/\\\/www.galerijamaticesrpske.rs\\\/lat\\\/vesti-gms\\\/avanture-ucenja-izvan-zidova-vrtica-i-skola\\\/#primaryimage\"},\"image\":{\"@id\":\"https:\\\/\\\/www.galerijamaticesrpske.rs\\\/lat\\\/vesti-gms\\\/avanture-ucenja-izvan-zidova-vrtica-i-skola\\\/#primaryimage\"},\"thumbnailUrl\":\"https:\\\/\\\/www.galerijamaticesrpske.rs\\\/wp-content\\\/uploads\\\/2022\\\/11\\\/mockup_korice.jpg\",\"datePublished\":\"2022-11-24T11:55:17+00:00\",\"dateModified\":\"2022-11-26T09:13:53+00:00\",\"description\":\"Decenijski rad Galerije Matice srpske u radu na edukativnim programima za decu prepoznat je od strane vaspitno-obrazovnih ustanova kao primer dobre prakse, dok su muzejski edukatori Galerije kroz projekat dobili dragocena iskustva i znanja o radu sa decom. Preplitanje ovih znanja i iskustava rezultiralo je priru\u010dnikom Avanture u\u010denja izvan zidova vrti\u0107a i \u0161kola kao i me\u0111unarodnom konferencijom odr\u017eanom u Novom Sadu od 17. do 19 juna 2022. godine.\",\"breadcrumb\":{\"@id\":\"https:\\\/\\\/www.galerijamaticesrpske.rs\\\/lat\\\/vesti-gms\\\/avanture-ucenja-izvan-zidova-vrtica-i-skola\\\/#breadcrumb\"},\"inLanguage\":\"sr-LAT\",\"potentialAction\":[{\"@type\":\"ReadAction\",\"target\":[\"https:\\\/\\\/www.galerijamaticesrpske.rs\\\/lat\\\/vesti-gms\\\/avanture-ucenja-izvan-zidova-vrtica-i-skola\\\/\"]}]},{\"@type\":\"ImageObject\",\"inLanguage\":\"sr-LAT\",\"@id\":\"https:\\\/\\\/www.galerijamaticesrpske.rs\\\/lat\\\/vesti-gms\\\/avanture-ucenja-izvan-zidova-vrtica-i-skola\\\/#primaryimage\",\"url\":\"https:\\\/\\\/www.galerijamaticesrpske.rs\\\/wp-content\\\/uploads\\\/2022\\\/11\\\/mockup_korice.jpg\",\"contentUrl\":\"https:\\\/\\\/www.galerijamaticesrpske.rs\\\/wp-content\\\/uploads\\\/2022\\\/11\\\/mockup_korice.jpg\",\"width\":2000,\"height\":1334},{\"@type\":\"BreadcrumbList\",\"@id\":\"https:\\\/\\\/www.galerijamaticesrpske.rs\\\/lat\\\/vesti-gms\\\/avanture-ucenja-izvan-zidova-vrtica-i-skola\\\/#breadcrumb\",\"itemListElement\":[{\"@type\":\"ListItem\",\"position\":1,\"name\":\"\u041f\u043e\u0447\u0435\u0442\u043d\u0430\",\"item\":\"https:\\\/\\\/www.galerijamaticesrpske.rs\\\/lat\\\/\"},{\"@type\":\"ListItem\",\"position\":2,\"name\":\"Avanture u\u010denja izvan zidova vrti\u0107a i \u0161kola\"}]},{\"@type\":\"WebSite\",\"@id\":\"http:\\\/\\\/www.galerijamaticesrpske.rs\\\/en\\\/#website\",\"url\":\"http:\\\/\\\/www.galerijamaticesrpske.rs\\\/en\\\/\",\"name\":\"Galerija Matice srpske\",\"description\":\"Muzej srpske nacionalne umetnosti u Novom Sadu\",\"publisher\":{\"@id\":\"http:\\\/\\\/www.galerijamaticesrpske.rs\\\/en\\\/#organization\"},\"potentialAction\":[{\"@type\":\"SearchAction\",\"target\":{\"@type\":\"EntryPoint\",\"urlTemplate\":\"http:\\\/\\\/www.galerijamaticesrpske.rs\\\/en\\\/?s={search_term_string}\"},\"query-input\":{\"@type\":\"PropertyValueSpecification\",\"valueRequired\":true,\"valueName\":\"search_term_string\"}}],\"inLanguage\":\"sr-LAT\"},{\"@type\":\"Organization\",\"@id\":\"http:\\\/\\\/www.galerijamaticesrpske.rs\\\/en\\\/#organization\",\"name\":\"Galerija Matice srpske\",\"url\":\"http:\\\/\\\/www.galerijamaticesrpske.rs\\\/en\\\/\",\"logo\":{\"@type\":\"ImageObject\",\"inLanguage\":\"sr-LAT\",\"@id\":\"http:\\\/\\\/www.galerijamaticesrpske.rs\\\/en\\\/#\\\/schema\\\/logo\\\/image\\\/\",\"url\":\"https:\\\/\\\/www.galerijamaticesrpske.rs\\\/wp-content\\\/uploads\\\/2021\\\/01\\\/gms-logo-za-sajt.svg\",\"contentUrl\":\"https:\\\/\\\/www.galerijamaticesrpske.rs\\\/wp-content\\\/uploads\\\/2021\\\/01\\\/gms-logo-za-sajt.svg\",\"width\":1,\"height\":1,\"caption\":\"Galerija Matice srpske\"},\"image\":{\"@id\":\"http:\\\/\\\/www.galerijamaticesrpske.rs\\\/en\\\/#\\\/schema\\\/logo\\\/image\\\/\"}},{\"@type\":\"Person\",\"@id\":\"http:\\\/\\\/www.galerijamaticesrpske.rs\\\/en\\\/#\\\/schema\\\/person\\\/cd7cf801d7fcb10a165f8407e502944b\",\"name\":\"Jelena GMS\",\"image\":{\"@type\":\"ImageObject\",\"inLanguage\":\"sr-LAT\",\"@id\":\"https:\\\/\\\/secure.gravatar.com\\\/avatar\\\/d97cc9c9ff00ecfcae2d4161f8d50f74465676163393192de390634ca0095b9d?s=96&d=mm&r=g\",\"url\":\"https:\\\/\\\/secure.gravatar.com\\\/avatar\\\/d97cc9c9ff00ecfcae2d4161f8d50f74465676163393192de390634ca0095b9d?s=96&d=mm&r=g\",\"contentUrl\":\"https:\\\/\\\/secure.gravatar.com\\\/avatar\\\/d97cc9c9ff00ecfcae2d4161f8d50f74465676163393192de390634ca0095b9d?s=96&d=mm&r=g\",\"caption\":\"Jelena GMS\"}}]}<\/script>\n<!-- \/ Yoast SEO plugin. -->","yoast_head_json":{"title":"Avanture u\u010denja izvan zidova vrti\u0107a i \u0161kola | Galerija Matice srpske","description":"Decenijski rad Galerije Matice srpske u radu na edukativnim programima za decu prepoznat je od strane vaspitno-obrazovnih ustanova kao primer dobre prakse, dok su muzejski edukatori Galerije kroz projekat dobili dragocena iskustva i znanja o radu sa decom. Preplitanje ovih znanja i iskustava rezultiralo je priru\u010dnikom Avanture u\u010denja izvan zidova vrti\u0107a i \u0161kola kao i me\u0111unarodnom konferencijom odr\u017eanom u Novom Sadu od 17. do 19 juna 2022. godine.","robots":{"index":"index","follow":"follow","max-snippet":"max-snippet:-1","max-image-preview":"max-image-preview:large","max-video-preview":"max-video-preview:-1"},"canonical":"https:\/\/www.galerijamaticesrpske.rs\/lat\/vesti-gms\/avanture-ucenja-izvan-zidova-vrtica-i-skola\/","og_locale":"en_US","og_type":"article","og_title":"Avanture u\u010denja izvan zidova vrti\u0107a i \u0161kola","og_description":"Decenijski rad Galerije Matice srpske u radu na edukativnim programima za decu prepoznat je od strane vaspitno-obrazovnih ustanova kao primer dobre prakse, dok su muzejski edukatori Galerije kroz projekat dobili dragocena iskustva i znanja o radu sa decom. Preplitanje ovih znanja i iskustava rezultiralo je priru\u010dnikom Avanture u\u010denja izvan zidova vrti\u0107a i \u0161kola kao i me\u0111unarodnom konferencijom odr\u017eanom u Novom Sadu od 17. do 19 juna 2022. godine.","og_url":"https:\/\/www.galerijamaticesrpske.rs\/lat\/vesti-gms\/avanture-ucenja-izvan-zidova-vrtica-i-skola\/","og_site_name":"Galerija Matice srpske","article_published_time":"2022-11-24T11:55:17+00:00","article_modified_time":"2022-11-26T09:13:53+00:00","og_image":[{"width":2000,"height":1334,"url":"https:\/\/www.galerijamaticesrpske.rs\/wp-content\/uploads\/2022\/11\/mockup_korice.jpg","type":"image\/jpeg"}],"author":"Jelena GMS","twitter_card":"summary_large_image","twitter_misc":{"Written by":"Jelena GMS","Est. reading time":"2 minutes"},"schema":{"@context":"https:\/\/schema.org","@graph":[{"@type":"Article","@id":"https:\/\/www.galerijamaticesrpske.rs\/lat\/vesti-gms\/avanture-ucenja-izvan-zidova-vrtica-i-skola\/#article","isPartOf":{"@id":"https:\/\/www.galerijamaticesrpske.rs\/lat\/vesti-gms\/avanture-ucenja-izvan-zidova-vrtica-i-skola\/"},"author":{"name":"Jelena GMS","@id":"http:\/\/www.galerijamaticesrpske.rs\/en\/#\/schema\/person\/cd7cf801d7fcb10a165f8407e502944b"},"headline":"Avanture u\u010denja izvan zidova vrti\u0107a i \u0161kola","datePublished":"2022-11-24T11:55:17+00:00","dateModified":"2022-11-26T09:13:53+00:00","mainEntityOfPage":{"@id":"https:\/\/www.galerijamaticesrpske.rs\/lat\/vesti-gms\/avanture-ucenja-izvan-zidova-vrtica-i-skola\/"},"wordCount":477,"publisher":{"@id":"http:\/\/www.galerijamaticesrpske.rs\/en\/#organization"},"image":{"@id":"https:\/\/www.galerijamaticesrpske.rs\/lat\/vesti-gms\/avanture-ucenja-izvan-zidova-vrtica-i-skola\/#primaryimage"},"thumbnailUrl":"https:\/\/www.galerijamaticesrpske.rs\/wp-content\/uploads\/2022\/11\/mockup_korice.jpg","articleSection":["Vesti"],"inLanguage":"sr-LAT"},{"@type":"WebPage","@id":"https:\/\/www.galerijamaticesrpske.rs\/lat\/vesti-gms\/avanture-ucenja-izvan-zidova-vrtica-i-skola\/","url":"https:\/\/www.galerijamaticesrpske.rs\/lat\/vesti-gms\/avanture-ucenja-izvan-zidova-vrtica-i-skola\/","name":"Avanture u\u010denja izvan zidova vrti\u0107a i \u0161kola | Galerija Matice srpske","isPartOf":{"@id":"http:\/\/www.galerijamaticesrpske.rs\/en\/#website"},"primaryImageOfPage":{"@id":"https:\/\/www.galerijamaticesrpske.rs\/lat\/vesti-gms\/avanture-ucenja-izvan-zidova-vrtica-i-skola\/#primaryimage"},"image":{"@id":"https:\/\/www.galerijamaticesrpske.rs\/lat\/vesti-gms\/avanture-ucenja-izvan-zidova-vrtica-i-skola\/#primaryimage"},"thumbnailUrl":"https:\/\/www.galerijamaticesrpske.rs\/wp-content\/uploads\/2022\/11\/mockup_korice.jpg","datePublished":"2022-11-24T11:55:17+00:00","dateModified":"2022-11-26T09:13:53+00:00","description":"Decenijski rad Galerije Matice srpske u radu na edukativnim programima za decu prepoznat je od strane vaspitno-obrazovnih ustanova kao primer dobre prakse, dok su muzejski edukatori Galerije kroz projekat dobili dragocena iskustva i znanja o radu sa decom. Preplitanje ovih znanja i iskustava rezultiralo je priru\u010dnikom Avanture u\u010denja izvan zidova vrti\u0107a i \u0161kola kao i me\u0111unarodnom konferencijom odr\u017eanom u Novom Sadu od 17. do 19 juna 2022. godine.","breadcrumb":{"@id":"https:\/\/www.galerijamaticesrpske.rs\/lat\/vesti-gms\/avanture-ucenja-izvan-zidova-vrtica-i-skola\/#breadcrumb"},"inLanguage":"sr-LAT","potentialAction":[{"@type":"ReadAction","target":["https:\/\/www.galerijamaticesrpske.rs\/lat\/vesti-gms\/avanture-ucenja-izvan-zidova-vrtica-i-skola\/"]}]},{"@type":"ImageObject","inLanguage":"sr-LAT","@id":"https:\/\/www.galerijamaticesrpske.rs\/lat\/vesti-gms\/avanture-ucenja-izvan-zidova-vrtica-i-skola\/#primaryimage","url":"https:\/\/www.galerijamaticesrpske.rs\/wp-content\/uploads\/2022\/11\/mockup_korice.jpg","contentUrl":"https:\/\/www.galerijamaticesrpske.rs\/wp-content\/uploads\/2022\/11\/mockup_korice.jpg","width":2000,"height":1334},{"@type":"BreadcrumbList","@id":"https:\/\/www.galerijamaticesrpske.rs\/lat\/vesti-gms\/avanture-ucenja-izvan-zidova-vrtica-i-skola\/#breadcrumb","itemListElement":[{"@type":"ListItem","position":1,"name":"\u041f\u043e\u0447\u0435\u0442\u043d\u0430","item":"https:\/\/www.galerijamaticesrpske.rs\/lat\/"},{"@type":"ListItem","position":2,"name":"Avanture u\u010denja izvan zidova vrti\u0107a i \u0161kola"}]},{"@type":"WebSite","@id":"http:\/\/www.galerijamaticesrpske.rs\/en\/#website","url":"http:\/\/www.galerijamaticesrpske.rs\/en\/","name":"Galerija Matice srpske","description":"Muzej srpske nacionalne umetnosti u Novom Sadu","publisher":{"@id":"http:\/\/www.galerijamaticesrpske.rs\/en\/#organization"},"potentialAction":[{"@type":"SearchAction","target":{"@type":"EntryPoint","urlTemplate":"http:\/\/www.galerijamaticesrpske.rs\/en\/?s={search_term_string}"},"query-input":{"@type":"PropertyValueSpecification","valueRequired":true,"valueName":"search_term_string"}}],"inLanguage":"sr-LAT"},{"@type":"Organization","@id":"http:\/\/www.galerijamaticesrpske.rs\/en\/#organization","name":"Galerija Matice srpske","url":"http:\/\/www.galerijamaticesrpske.rs\/en\/","logo":{"@type":"ImageObject","inLanguage":"sr-LAT","@id":"http:\/\/www.galerijamaticesrpske.rs\/en\/#\/schema\/logo\/image\/","url":"https:\/\/www.galerijamaticesrpske.rs\/wp-content\/uploads\/2021\/01\/gms-logo-za-sajt.svg","contentUrl":"https:\/\/www.galerijamaticesrpske.rs\/wp-content\/uploads\/2021\/01\/gms-logo-za-sajt.svg","width":1,"height":1,"caption":"Galerija Matice srpske"},"image":{"@id":"http:\/\/www.galerijamaticesrpske.rs\/en\/#\/schema\/logo\/image\/"}},{"@type":"Person","@id":"http:\/\/www.galerijamaticesrpske.rs\/en\/#\/schema\/person\/cd7cf801d7fcb10a165f8407e502944b","name":"Jelena GMS","image":{"@type":"ImageObject","inLanguage":"sr-LAT","@id":"https:\/\/secure.gravatar.com\/avatar\/d97cc9c9ff00ecfcae2d4161f8d50f74465676163393192de390634ca0095b9d?s=96&d=mm&r=g","url":"https:\/\/secure.gravatar.com\/avatar\/d97cc9c9ff00ecfcae2d4161f8d50f74465676163393192de390634ca0095b9d?s=96&d=mm&r=g","contentUrl":"https:\/\/secure.gravatar.com\/avatar\/d97cc9c9ff00ecfcae2d4161f8d50f74465676163393192de390634ca0095b9d?s=96&d=mm&r=g","caption":"Jelena GMS"}}]}},"_links":{"self":[{"href":"https:\/\/www.galerijamaticesrpske.rs\/lat\/wp-json\/wp\/v2\/posts\/10605","targetHints":{"allow":["GET"]}}],"collection":[{"href":"https:\/\/www.galerijamaticesrpske.rs\/lat\/wp-json\/wp\/v2\/posts"}],"about":[{"href":"https:\/\/www.galerijamaticesrpske.rs\/lat\/wp-json\/wp\/v2\/types\/post"}],"author":[{"embeddable":true,"href":"https:\/\/www.galerijamaticesrpske.rs\/lat\/wp-json\/wp\/v2\/users\/2"}],"replies":[{"embeddable":true,"href":"https:\/\/www.galerijamaticesrpske.rs\/lat\/wp-json\/wp\/v2\/comments?post=10605"}],"version-history":[{"count":2,"href":"https:\/\/www.galerijamaticesrpske.rs\/lat\/wp-json\/wp\/v2\/posts\/10605\/revisions"}],"predecessor-version":[{"id":10612,"href":"https:\/\/www.galerijamaticesrpske.rs\/lat\/wp-json\/wp\/v2\/posts\/10605\/revisions\/10612"}],"wp:featuredmedia":[{"embeddable":true,"href":"https:\/\/www.galerijamaticesrpske.rs\/lat\/wp-json\/wp\/v2\/media\/10603"}],"wp:attachment":[{"href":"https:\/\/www.galerijamaticesrpske.rs\/lat\/wp-json\/wp\/v2\/media?parent=10605"}],"wp:term":[{"taxonomy":"category","embeddable":true,"href":"https:\/\/www.galerijamaticesrpske.rs\/lat\/wp-json\/wp\/v2\/categories?post=10605"},{"taxonomy":"post_tag","embeddable":true,"href":"https:\/\/www.galerijamaticesrpske.rs\/lat\/wp-json\/wp\/v2\/tags?post=10605"}],"curies":[{"name":"wp","href":"https:\/\/api.w.org\/{rel}","templated":true}]}}