{"id":15945,"date":"2025-12-09T12:32:22","date_gmt":"2025-12-09T12:32:22","guid":{"rendered":"https:\/\/www.galerijamaticesrpske.rs\/?p=15945"},"modified":"2025-12-09T12:32:22","modified_gmt":"2025-12-09T12:32:22","slug":"beleske-iz-depoa-ii-deo","status":"publish","type":"post","link":"https:\/\/www.galerijamaticesrpske.rs\/lat\/vesti-gms\/beleske-iz-depoa-ii-deo\/","title":{"rendered":"Bele\u0161ke iz depoa \u2013 II deo"},"content":{"rendered":"<p>Galerija Matice srpske je oduvek radila na unapre\u0111enju svojih depoa, sme\u0161taju umetni\u010dkih dela kao i uslovima koji su neophodni da ne do\u0111e do ugro\u017eavanja galerijskog fonda. Zato se uz pri\u010de o depou istog \u010dasa naslanjaju pravila preventivne konzervacije i restauracije. Za\u0161tita umetni\u010dkih dela, pre nego se desi ne\u0161to nepovoljno, zapravo je neprestani proces, stalna briga i monitoring. Budnost muzejskih zaposlenika mora se neprestano izo\u0161travati. Brojne odlike zgrade, prednosti i mane, smena godi\u0161njih doba ili kontrast centralnog grejanja, prilike u neposrednoj blizini ali i drugi faktori rizika poznati su nam sa duga\u010dkog spiska. Po\u010dev\u0161i od atmosferskog zaga\u0111enja, zemljotresa, poplave, po\u017eara pa do onog najopasnijeg \u2013 ljudskog \u010dinioca. Kroz istoriju \u010duvanja umetni\u010dkih dela poznata je podela na vreme pre alarmnog obezbe\u0111enja i na doba kada se iza debelih zidova i te\u0161kih vrata sa sigurnim klju\u010dem \u010duvalo umetni\u010dko blago. Ako je ispred vrata bio \u010dovek, takvo obezbe\u0111enje bilo je pokriveno i sigurno (ne totalno razume se!). Uprkos savremenim tehnolo\u0161kim alatima koji poma\u017eu slu\u017ebama da \u0161to bolje za\u0161tite sadr\u017eaj u depoima, ipak, najva\u017enije je prisustvo \u010doveka koji prati sav taj slo\u017eeni mehanizam. 24 sata \u010dovekovog nadzora sa okom kamere koje bi trebalo da pokriva svaki ugao unutra\u0161njosti kao i prilaze izvan zgrade, su\u0161tina je utiska u zenicama \u010duvara koji pru\u017ea sigurnost.<\/p>\n<p>Odavno je pro\u0161lo vreme kada su klju\u010devi kustosima i konzervatorima zaostajali u d\u017eepovima pantalona ili belih mantila, zabrinutost preko no\u0107i \u010dekala je jutro i trenutak olak\u0161anja posle mirne no\u0107i. Danas u ormari\u0107u pod \u0161ifrom svako vodi ra\u010duna o svom klju\u010du i svi znaju kad je uzet i vra\u0107en na mesto. Odgovornost je jednaka pa\u017enji a pa\u017enja se ozna\u010dava stalnim ulaskom u depoe i kada razlog za to nije istra\u017eivanje. Rutinski pregledi nisu samo automatske radnje prilikom izvla\u010denja re\u0161etki sa oka\u010denim slikama. U njima je mogu\u0107e otkriti do tada nepoznati detalj, ispucali bojeni sloj ili nedostatak gipsane pozla\u0107ene paste na ukrasnom ramu.<\/p>\n<p>U prvoj pri\u010di spominjali smo depo broj 4, nekada\u0161nju tzv. mra\u010dnu salu koja nas je upu\u0107ivala na \u010dinjenicu da svetlost ne sme biti u kontaktu sa umetni\u010dkim delima vi\u0161e nego \u0161to je dozvoljeno. Vi\u0161e stotina slika, ikona i oleografija u ovom depou borave u uslovima ujedna\u010dene vlage i temperature. Prilikom adaptacije suterenskih prostorija i depoa bilo je planirano da se oformi jo\u0161 nekoliko depoa u kojima bi predmeti bili sme\u0161teni po tehnikama. Tada je prostorija najvi\u0161e sklona vlazi, ina\u010de ni\u017ea za oko pola metra od ostalih, pretvorena i zvani\u010dno u depo velikih skulptura, u gliptoteku gipsanih modela. Prethodnih godina je obijen stari malter do cigle, dela su obele\u017eena bar kodovima, uvezana u elektronskom pretra\u017eivanju i na koncu pokrivena tajvekom (posebnim materijalom sa higroskopnim sposobnostima propu\u0161tanja vazduha). Fizi\u010dka manipulacija i stalno preme\u0161tanje skulptura velikih dimenzija neminovno je u\u010dinilo da bude minimalnih o\u0161te\u0107enja gipsanih ivica ili pucanja vremenom na\u010detih segmenata dotrajalih modela. Tada su razvijene specijalne tehnike koje su obuhvatale splet osmi\u0161ljavanja priru\u010dnih rampi, klizaju\u0107ih materijala poturenih ispod skulptura, uz pregr\u0161t tehnika podizanja pomo\u0107u gurtni, po\u0161to kori\u0161\u0107enje dizalica namenjene takvim potrebama nije bilo mogu\u0107e koristiti zbog uskog podrumskog hodnika i strmih stepenika. Naro\u010diti problem prilikom iseljavanja depoa radi adaptacije bio je taj \u0161to se kopije zidnih slika povu\u010dene iz stalne postavke nisu mogle lako preneti kroz niske prolaze pa je svaka kopija velikih dimenzija bila namotana na drvene rolne \u0161ireg pre\u010dnika. Jednostavno, sku\u010den prostor nije dozvoljavao lako kretanje.<\/p>\n<p>Dakle, nije bilo jednostavno do\u0107i do depoa 4, pre toga ga izmestiti, i potom ponovo naseliti po sasvim drugoj logici sme\u0161tanja shodno mogu\u0107nostima \u2013 pove\u0107anom broju re\u0161etki ili dubini polica u ni\u0161ama. Sinhronizacija zaposlenih je bila najva\u017enija, prenos preko mrtvih uglova zahtevao je odluke u trenutku, dovitljivost i tehni\u010dku razgibanost. Orman za kli\u0161ee kao i visoki orman iz dva dela braon boje koga su starije koleginice i kolege nazivale Dinkovim ormanom (po \u010duvenom istori\u010daru umetnosti i kustosu Gms Dinku Davidovu) morali su biti izme\u0161teni iz svog dugogodi\u0161njeg sme\u0161taja mra\u010dne sale, budu\u0107e \u010detvorke.<\/p>\n<p>Izdvajanje neumetni\u010dkog materijala, halkografskih otisaka i \u0161tamparskih kli\u0161ea od slika na platnu, pomalo je li\u010dilo na diskriminaciju dokumentarnog materijala. \u010cisto umetni\u010dko jo\u0161 jednom je uzdignuto nad dokumentarnim, i to u muzeju koji je za taj materijal predvideo drugo re\u0161enje. Orman za kli\u0161e dobio je svoj zasebni depo, blizak sanducima i starim kasama preostalim iz inventara Produktne berze a halkografski otisci grafika iz 18. veka pohranjei su u novi fiokar boje slonova\u010de. Tako je, kolokvijalno nazivani, Dinkov visoki braonski orman na sprat, morao da bude iseljen kako bi prona\u0161ao svoj novi \u017eivot izvan sale u kojoj ga je mrak opkoljavao gotovo pola veka. Depo 4 prestao je da bude mra\u010dna sala iako svetlost i tada nikako nije mogla dopreti do njega.<\/p>\n<p style=\"text-align: right;\"><strong>Dr Danilo Vuksanovi\u0107<\/strong>, pomo\u0107nik upravnika<\/p>\n","protected":false},"excerpt":{"rendered":"<p>Galerija Matice srpske je oduvek radila na unapre\u0111enju svojih depoa, sme\u0161taju umetni\u010dkih dela kao i uslovima koji su neophodni da ne do\u0111e do ugro\u017eavanja galerijskog fonda. Zato se uz pri\u010de o depou istog \u010dasa naslanjaju pravila preventivne konzervacije i restauracije. Za\u0161tita umetni\u010dkih dela, pre nego se desi ne\u0161to nepovoljno, zapravo je neprestani proces, stalna briga<\/p>\n","protected":false},"author":2,"featured_media":15943,"comment_status":"closed","ping_status":"closed","sticky":false,"template":"","format":"standard","meta":{"_acf_changed":false,"footnotes":""},"categories":[92],"tags":[],"class_list":["post-15945","post","type-post","status-publish","format-standard","has-post-thumbnail","hentry","category-vesti-gms"],"acf":[],"yoast_head":"<!-- This site is optimized with the Yoast SEO plugin v27.3 - https:\/\/yoast.com\/product\/yoast-seo-wordpress\/ -->\n<title>Bele\u0161ke iz depoa \u2013 II deo | Galerija Matice srpske<\/title>\n<meta name=\"description\" content=\"Galerija Matice srpske je oduvek radila na unapre\u0111enju svojih depoa, sme\u0161taju umetni\u010dkih dela kao i uslovima koji su neophodni da ne do\u0111e do ugro\u017eavanja galerijskog fonda.\" \/>\n<meta name=\"robots\" content=\"index, follow, max-snippet:-1, max-image-preview:large, max-video-preview:-1\" \/>\n<link rel=\"canonical\" href=\"https:\/\/www.galerijamaticesrpske.rs\/lat\/vesti-gms\/beleske-iz-depoa-ii-deo\/\" \/>\n<meta property=\"og:locale\" content=\"en_US\" \/>\n<meta property=\"og:type\" content=\"article\" \/>\n<meta property=\"og:title\" content=\"Bele\u0161ke iz depoa \u2013 II deo | Galerija Matice srpske\" \/>\n<meta property=\"og:description\" content=\"Galerija Matice srpske je oduvek radila na unapre\u0111enju svojih depoa, sme\u0161taju umetni\u010dkih dela kao i uslovima koji su neophodni da ne do\u0111e do ugro\u017eavanja galerijskog fonda.\" \/>\n<meta property=\"og:url\" content=\"https:\/\/www.galerijamaticesrpske.rs\/lat\/vesti-gms\/beleske-iz-depoa-ii-deo\/\" \/>\n<meta property=\"og:site_name\" content=\"Galerija Matice srpske\" \/>\n<meta property=\"article:published_time\" content=\"2025-12-09T12:32:22+00:00\" \/>\n<meta property=\"og:image\" content=\"https:\/\/www.galerijamaticesrpske.rs\/wp-content\/uploads\/2025\/12\/dsc9156-scaled.jpg\" \/>\n\t<meta property=\"og:image:width\" content=\"2560\" \/>\n\t<meta property=\"og:image:height\" content=\"1696\" \/>\n\t<meta property=\"og:image:type\" content=\"image\/jpeg\" \/>\n<meta name=\"author\" content=\"Jelena GMS\" \/>\n<meta name=\"twitter:card\" content=\"summary_large_image\" \/>\n<meta name=\"twitter:label1\" content=\"Written by\" \/>\n\t<meta name=\"twitter:data1\" content=\"Jelena GMS\" \/>\n\t<meta name=\"twitter:label2\" content=\"Est. reading time\" \/>\n\t<meta name=\"twitter:data2\" content=\"4 minutes\" \/>\n<script type=\"application\/ld+json\" class=\"yoast-schema-graph\">{\"@context\":\"https:\\\/\\\/schema.org\",\"@graph\":[{\"@type\":\"Article\",\"@id\":\"https:\\\/\\\/www.galerijamaticesrpske.rs\\\/lat\\\/vesti-gms\\\/beleske-iz-depoa-ii-deo\\\/#article\",\"isPartOf\":{\"@id\":\"https:\\\/\\\/www.galerijamaticesrpske.rs\\\/lat\\\/vesti-gms\\\/beleske-iz-depoa-ii-deo\\\/\"},\"author\":{\"name\":\"Jelena GMS\",\"@id\":\"http:\\\/\\\/www.galerijamaticesrpske.rs\\\/#\\\/schema\\\/person\\\/cd7cf801d7fcb10a165f8407e502944b\"},\"headline\":\"Bele\u0161ke iz depoa \u2013 II deo\",\"datePublished\":\"2025-12-09T12:32:22+00:00\",\"mainEntityOfPage\":{\"@id\":\"https:\\\/\\\/www.galerijamaticesrpske.rs\\\/lat\\\/vesti-gms\\\/beleske-iz-depoa-ii-deo\\\/\"},\"wordCount\":870,\"publisher\":{\"@id\":\"http:\\\/\\\/www.galerijamaticesrpske.rs\\\/#organization\"},\"image\":{\"@id\":\"https:\\\/\\\/www.galerijamaticesrpske.rs\\\/lat\\\/vesti-gms\\\/beleske-iz-depoa-ii-deo\\\/#primaryimage\"},\"thumbnailUrl\":\"https:\\\/\\\/www.galerijamaticesrpske.rs\\\/wp-content\\\/uploads\\\/2025\\\/12\\\/dsc9156-scaled.jpg\",\"articleSection\":[\"Vesti\"],\"inLanguage\":\"sr-LAT\"},{\"@type\":\"WebPage\",\"@id\":\"https:\\\/\\\/www.galerijamaticesrpske.rs\\\/lat\\\/vesti-gms\\\/beleske-iz-depoa-ii-deo\\\/\",\"url\":\"https:\\\/\\\/www.galerijamaticesrpske.rs\\\/lat\\\/vesti-gms\\\/beleske-iz-depoa-ii-deo\\\/\",\"name\":\"Bele\u0161ke iz depoa \u2013 II deo | Galerija Matice srpske\",\"isPartOf\":{\"@id\":\"http:\\\/\\\/www.galerijamaticesrpske.rs\\\/#website\"},\"primaryImageOfPage\":{\"@id\":\"https:\\\/\\\/www.galerijamaticesrpske.rs\\\/lat\\\/vesti-gms\\\/beleske-iz-depoa-ii-deo\\\/#primaryimage\"},\"image\":{\"@id\":\"https:\\\/\\\/www.galerijamaticesrpske.rs\\\/lat\\\/vesti-gms\\\/beleske-iz-depoa-ii-deo\\\/#primaryimage\"},\"thumbnailUrl\":\"https:\\\/\\\/www.galerijamaticesrpske.rs\\\/wp-content\\\/uploads\\\/2025\\\/12\\\/dsc9156-scaled.jpg\",\"datePublished\":\"2025-12-09T12:32:22+00:00\",\"description\":\"Galerija Matice srpske je oduvek radila na unapre\u0111enju svojih depoa, sme\u0161taju umetni\u010dkih dela kao i uslovima koji su neophodni da ne do\u0111e do ugro\u017eavanja galerijskog fonda.\",\"breadcrumb\":{\"@id\":\"https:\\\/\\\/www.galerijamaticesrpske.rs\\\/lat\\\/vesti-gms\\\/beleske-iz-depoa-ii-deo\\\/#breadcrumb\"},\"inLanguage\":\"sr-LAT\",\"potentialAction\":[{\"@type\":\"ReadAction\",\"target\":[\"https:\\\/\\\/www.galerijamaticesrpske.rs\\\/lat\\\/vesti-gms\\\/beleske-iz-depoa-ii-deo\\\/\"]}]},{\"@type\":\"ImageObject\",\"inLanguage\":\"sr-LAT\",\"@id\":\"https:\\\/\\\/www.galerijamaticesrpske.rs\\\/lat\\\/vesti-gms\\\/beleske-iz-depoa-ii-deo\\\/#primaryimage\",\"url\":\"https:\\\/\\\/www.galerijamaticesrpske.rs\\\/wp-content\\\/uploads\\\/2025\\\/12\\\/dsc9156-scaled.jpg\",\"contentUrl\":\"https:\\\/\\\/www.galerijamaticesrpske.rs\\\/wp-content\\\/uploads\\\/2025\\\/12\\\/dsc9156-scaled.jpg\",\"width\":2560,\"height\":1696},{\"@type\":\"BreadcrumbList\",\"@id\":\"https:\\\/\\\/www.galerijamaticesrpske.rs\\\/lat\\\/vesti-gms\\\/beleske-iz-depoa-ii-deo\\\/#breadcrumb\",\"itemListElement\":[{\"@type\":\"ListItem\",\"position\":1,\"name\":\"\u041f\u043e\u0447\u0435\u0442\u043d\u0430\",\"item\":\"http:\\\/\\\/www.galerijamaticesrpske.rs\\\/lat\\\/\"},{\"@type\":\"ListItem\",\"position\":2,\"name\":\"Bele\u0161ke iz depoa \u2013 II deo\"}]},{\"@type\":\"WebSite\",\"@id\":\"http:\\\/\\\/www.galerijamaticesrpske.rs\\\/#website\",\"url\":\"http:\\\/\\\/www.galerijamaticesrpske.rs\\\/\",\"name\":\"Galerija Matice srpske\",\"description\":\"Muzej srpske nacionalne umetnosti u Novom Sadu\",\"publisher\":{\"@id\":\"http:\\\/\\\/www.galerijamaticesrpske.rs\\\/#organization\"},\"potentialAction\":[{\"@type\":\"SearchAction\",\"target\":{\"@type\":\"EntryPoint\",\"urlTemplate\":\"http:\\\/\\\/www.galerijamaticesrpske.rs\\\/?s={search_term_string}\"},\"query-input\":{\"@type\":\"PropertyValueSpecification\",\"valueRequired\":true,\"valueName\":\"search_term_string\"}}],\"inLanguage\":\"sr-LAT\"},{\"@type\":\"Organization\",\"@id\":\"http:\\\/\\\/www.galerijamaticesrpske.rs\\\/#organization\",\"name\":\"Galerija Matice srpske\",\"url\":\"http:\\\/\\\/www.galerijamaticesrpske.rs\\\/\",\"logo\":{\"@type\":\"ImageObject\",\"inLanguage\":\"sr-LAT\",\"@id\":\"http:\\\/\\\/www.galerijamaticesrpske.rs\\\/#\\\/schema\\\/logo\\\/image\\\/\",\"url\":\"https:\\\/\\\/www.galerijamaticesrpske.rs\\\/wp-content\\\/uploads\\\/2021\\\/01\\\/gms-logo-za-sajt.svg\",\"contentUrl\":\"https:\\\/\\\/www.galerijamaticesrpske.rs\\\/wp-content\\\/uploads\\\/2021\\\/01\\\/gms-logo-za-sajt.svg\",\"width\":1,\"height\":1,\"caption\":\"Galerija Matice srpske\"},\"image\":{\"@id\":\"http:\\\/\\\/www.galerijamaticesrpske.rs\\\/#\\\/schema\\\/logo\\\/image\\\/\"}},{\"@type\":\"Person\",\"@id\":\"http:\\\/\\\/www.galerijamaticesrpske.rs\\\/#\\\/schema\\\/person\\\/cd7cf801d7fcb10a165f8407e502944b\",\"name\":\"Jelena GMS\",\"image\":{\"@type\":\"ImageObject\",\"inLanguage\":\"sr-LAT\",\"@id\":\"https:\\\/\\\/secure.gravatar.com\\\/avatar\\\/d97cc9c9ff00ecfcae2d4161f8d50f74465676163393192de390634ca0095b9d?s=96&d=mm&r=g\",\"url\":\"https:\\\/\\\/secure.gravatar.com\\\/avatar\\\/d97cc9c9ff00ecfcae2d4161f8d50f74465676163393192de390634ca0095b9d?s=96&d=mm&r=g\",\"contentUrl\":\"https:\\\/\\\/secure.gravatar.com\\\/avatar\\\/d97cc9c9ff00ecfcae2d4161f8d50f74465676163393192de390634ca0095b9d?s=96&d=mm&r=g\",\"caption\":\"Jelena GMS\"}}]}<\/script>\n<!-- \/ Yoast SEO plugin. -->","yoast_head_json":{"title":"Bele\u0161ke iz depoa \u2013 II deo | Galerija Matice srpske","description":"Galerija Matice srpske je oduvek radila na unapre\u0111enju svojih depoa, sme\u0161taju umetni\u010dkih dela kao i uslovima koji su neophodni da ne do\u0111e do ugro\u017eavanja galerijskog fonda.","robots":{"index":"index","follow":"follow","max-snippet":"max-snippet:-1","max-image-preview":"max-image-preview:large","max-video-preview":"max-video-preview:-1"},"canonical":"https:\/\/www.galerijamaticesrpske.rs\/lat\/vesti-gms\/beleske-iz-depoa-ii-deo\/","og_locale":"en_US","og_type":"article","og_title":"Bele\u0161ke iz depoa \u2013 II deo | Galerija Matice srpske","og_description":"Galerija Matice srpske je oduvek radila na unapre\u0111enju svojih depoa, sme\u0161taju umetni\u010dkih dela kao i uslovima koji su neophodni da ne do\u0111e do ugro\u017eavanja galerijskog fonda.","og_url":"https:\/\/www.galerijamaticesrpske.rs\/lat\/vesti-gms\/beleske-iz-depoa-ii-deo\/","og_site_name":"Galerija Matice srpske","article_published_time":"2025-12-09T12:32:22+00:00","og_image":[{"width":2560,"height":1696,"url":"https:\/\/www.galerijamaticesrpske.rs\/wp-content\/uploads\/2025\/12\/dsc9156-scaled.jpg","type":"image\/jpeg"}],"author":"Jelena GMS","twitter_card":"summary_large_image","twitter_misc":{"Written by":"Jelena GMS","Est. reading time":"4 minutes"},"schema":{"@context":"https:\/\/schema.org","@graph":[{"@type":"Article","@id":"https:\/\/www.galerijamaticesrpske.rs\/lat\/vesti-gms\/beleske-iz-depoa-ii-deo\/#article","isPartOf":{"@id":"https:\/\/www.galerijamaticesrpske.rs\/lat\/vesti-gms\/beleske-iz-depoa-ii-deo\/"},"author":{"name":"Jelena GMS","@id":"http:\/\/www.galerijamaticesrpske.rs\/#\/schema\/person\/cd7cf801d7fcb10a165f8407e502944b"},"headline":"Bele\u0161ke iz depoa \u2013 II deo","datePublished":"2025-12-09T12:32:22+00:00","mainEntityOfPage":{"@id":"https:\/\/www.galerijamaticesrpske.rs\/lat\/vesti-gms\/beleske-iz-depoa-ii-deo\/"},"wordCount":870,"publisher":{"@id":"http:\/\/www.galerijamaticesrpske.rs\/#organization"},"image":{"@id":"https:\/\/www.galerijamaticesrpske.rs\/lat\/vesti-gms\/beleske-iz-depoa-ii-deo\/#primaryimage"},"thumbnailUrl":"https:\/\/www.galerijamaticesrpske.rs\/wp-content\/uploads\/2025\/12\/dsc9156-scaled.jpg","articleSection":["Vesti"],"inLanguage":"sr-LAT"},{"@type":"WebPage","@id":"https:\/\/www.galerijamaticesrpske.rs\/lat\/vesti-gms\/beleske-iz-depoa-ii-deo\/","url":"https:\/\/www.galerijamaticesrpske.rs\/lat\/vesti-gms\/beleske-iz-depoa-ii-deo\/","name":"Bele\u0161ke iz depoa \u2013 II deo | Galerija Matice srpske","isPartOf":{"@id":"http:\/\/www.galerijamaticesrpske.rs\/#website"},"primaryImageOfPage":{"@id":"https:\/\/www.galerijamaticesrpske.rs\/lat\/vesti-gms\/beleske-iz-depoa-ii-deo\/#primaryimage"},"image":{"@id":"https:\/\/www.galerijamaticesrpske.rs\/lat\/vesti-gms\/beleske-iz-depoa-ii-deo\/#primaryimage"},"thumbnailUrl":"https:\/\/www.galerijamaticesrpske.rs\/wp-content\/uploads\/2025\/12\/dsc9156-scaled.jpg","datePublished":"2025-12-09T12:32:22+00:00","description":"Galerija Matice srpske je oduvek radila na unapre\u0111enju svojih depoa, sme\u0161taju umetni\u010dkih dela kao i uslovima koji su neophodni da ne do\u0111e do ugro\u017eavanja galerijskog fonda.","breadcrumb":{"@id":"https:\/\/www.galerijamaticesrpske.rs\/lat\/vesti-gms\/beleske-iz-depoa-ii-deo\/#breadcrumb"},"inLanguage":"sr-LAT","potentialAction":[{"@type":"ReadAction","target":["https:\/\/www.galerijamaticesrpske.rs\/lat\/vesti-gms\/beleske-iz-depoa-ii-deo\/"]}]},{"@type":"ImageObject","inLanguage":"sr-LAT","@id":"https:\/\/www.galerijamaticesrpske.rs\/lat\/vesti-gms\/beleske-iz-depoa-ii-deo\/#primaryimage","url":"https:\/\/www.galerijamaticesrpske.rs\/wp-content\/uploads\/2025\/12\/dsc9156-scaled.jpg","contentUrl":"https:\/\/www.galerijamaticesrpske.rs\/wp-content\/uploads\/2025\/12\/dsc9156-scaled.jpg","width":2560,"height":1696},{"@type":"BreadcrumbList","@id":"https:\/\/www.galerijamaticesrpske.rs\/lat\/vesti-gms\/beleske-iz-depoa-ii-deo\/#breadcrumb","itemListElement":[{"@type":"ListItem","position":1,"name":"\u041f\u043e\u0447\u0435\u0442\u043d\u0430","item":"http:\/\/www.galerijamaticesrpske.rs\/lat\/"},{"@type":"ListItem","position":2,"name":"Bele\u0161ke iz depoa \u2013 II deo"}]},{"@type":"WebSite","@id":"http:\/\/www.galerijamaticesrpske.rs\/#website","url":"http:\/\/www.galerijamaticesrpske.rs\/","name":"Galerija Matice srpske","description":"Muzej srpske nacionalne umetnosti u Novom Sadu","publisher":{"@id":"http:\/\/www.galerijamaticesrpske.rs\/#organization"},"potentialAction":[{"@type":"SearchAction","target":{"@type":"EntryPoint","urlTemplate":"http:\/\/www.galerijamaticesrpske.rs\/?s={search_term_string}"},"query-input":{"@type":"PropertyValueSpecification","valueRequired":true,"valueName":"search_term_string"}}],"inLanguage":"sr-LAT"},{"@type":"Organization","@id":"http:\/\/www.galerijamaticesrpske.rs\/#organization","name":"Galerija Matice srpske","url":"http:\/\/www.galerijamaticesrpske.rs\/","logo":{"@type":"ImageObject","inLanguage":"sr-LAT","@id":"http:\/\/www.galerijamaticesrpske.rs\/#\/schema\/logo\/image\/","url":"https:\/\/www.galerijamaticesrpske.rs\/wp-content\/uploads\/2021\/01\/gms-logo-za-sajt.svg","contentUrl":"https:\/\/www.galerijamaticesrpske.rs\/wp-content\/uploads\/2021\/01\/gms-logo-za-sajt.svg","width":1,"height":1,"caption":"Galerija Matice srpske"},"image":{"@id":"http:\/\/www.galerijamaticesrpske.rs\/#\/schema\/logo\/image\/"}},{"@type":"Person","@id":"http:\/\/www.galerijamaticesrpske.rs\/#\/schema\/person\/cd7cf801d7fcb10a165f8407e502944b","name":"Jelena GMS","image":{"@type":"ImageObject","inLanguage":"sr-LAT","@id":"https:\/\/secure.gravatar.com\/avatar\/d97cc9c9ff00ecfcae2d4161f8d50f74465676163393192de390634ca0095b9d?s=96&d=mm&r=g","url":"https:\/\/secure.gravatar.com\/avatar\/d97cc9c9ff00ecfcae2d4161f8d50f74465676163393192de390634ca0095b9d?s=96&d=mm&r=g","contentUrl":"https:\/\/secure.gravatar.com\/avatar\/d97cc9c9ff00ecfcae2d4161f8d50f74465676163393192de390634ca0095b9d?s=96&d=mm&r=g","caption":"Jelena GMS"}}]}},"_links":{"self":[{"href":"https:\/\/www.galerijamaticesrpske.rs\/lat\/wp-json\/wp\/v2\/posts\/15945","targetHints":{"allow":["GET"]}}],"collection":[{"href":"https:\/\/www.galerijamaticesrpske.rs\/lat\/wp-json\/wp\/v2\/posts"}],"about":[{"href":"https:\/\/www.galerijamaticesrpske.rs\/lat\/wp-json\/wp\/v2\/types\/post"}],"author":[{"embeddable":true,"href":"https:\/\/www.galerijamaticesrpske.rs\/lat\/wp-json\/wp\/v2\/users\/2"}],"replies":[{"embeddable":true,"href":"https:\/\/www.galerijamaticesrpske.rs\/lat\/wp-json\/wp\/v2\/comments?post=15945"}],"version-history":[{"count":1,"href":"https:\/\/www.galerijamaticesrpske.rs\/lat\/wp-json\/wp\/v2\/posts\/15945\/revisions"}],"predecessor-version":[{"id":15946,"href":"https:\/\/www.galerijamaticesrpske.rs\/lat\/wp-json\/wp\/v2\/posts\/15945\/revisions\/15946"}],"wp:featuredmedia":[{"embeddable":true,"href":"https:\/\/www.galerijamaticesrpske.rs\/lat\/wp-json\/wp\/v2\/media\/15943"}],"wp:attachment":[{"href":"https:\/\/www.galerijamaticesrpske.rs\/lat\/wp-json\/wp\/v2\/media?parent=15945"}],"wp:term":[{"taxonomy":"category","embeddable":true,"href":"https:\/\/www.galerijamaticesrpske.rs\/lat\/wp-json\/wp\/v2\/categories?post=15945"},{"taxonomy":"post_tag","embeddable":true,"href":"https:\/\/www.galerijamaticesrpske.rs\/lat\/wp-json\/wp\/v2\/tags?post=15945"}],"curies":[{"name":"wp","href":"https:\/\/api.w.org\/{rel}","templated":true}]}}