{"id":16194,"date":"2026-01-26T12:51:05","date_gmt":"2026-01-26T12:51:05","guid":{"rendered":"https:\/\/www.galerijamaticesrpske.rs\/?p=16194"},"modified":"2026-02-25T09:05:44","modified_gmt":"2026-02-25T09:05:44","slug":"ogledalo-iz-nekog-drugog-vremena-pronadjite-vaseg-dvojnika-na-delima-u-gms","status":"publish","type":"post","link":"https:\/\/www.galerijamaticesrpske.rs\/lat\/vesti-gms\/ogledalo-iz-nekog-drugog-vremena-pronadjite-vaseg-dvojnika-na-delima-u-gms\/","title":{"rendered":"Ogledalo iz nekog drugog vremena: Prona\u0111ite va\u0161eg dvojnika na delima u GMS!"},"content":{"rendered":"<p>Muzej je dom mnogobrojnih li\u010dnosti koje stanuju u portretima. Lica iz pro\u0161losti ovekove\u010dena su upravo u njima, kako bi ostala sa\u010duvana od zaborava. Da li ste, \u0161etaju\u0107i kroz Galeriju Matice srpske, uo\u010dili portret koji je vi\u0161e li\u010dio na Va\u0161 lik u ogledalu nego na nepozantog stranca? Neki od na\u0161ih posetilaca su upravo to primetili.<\/p>\n<p>U okviru <strong>saradnje sa Francuskim institutom u Novom Sadu<\/strong>, pokrenuli smo<strong> projekat<\/strong> koji ohrabruje na\u0161e posetioce da <strong>prona\u0111u svog dvojnika u muzeju<\/strong>. Jedan od na\u0161ih prvih u\u010desnika, bio je <strong>Simon \u0160onbrot<\/strong>, direktor instituta, koji podse\u0107a na portret Jovana Jovanovi\u0107a Zmaja, rad Novaka Radoni\u0107a. Galerija Matice srpske Vas poziva da i Vi u\u010destvujete i tako doprinesete spajanju pro\u0161losti i sada\u0161njosti u Galerijskom prostoru, a za najsli\u010dnije dvojnike obezbe\u0111ene su i nagrade \u2013 prvo mesto osvaja kurs francuskog jezika u Francuskom institutu u Novom Sadu! Najbolju fotografiju bira\u0107e na\u0161i posetioci, a pobednik \u0107e biti progla\u0161en u okviru Meseca frankofonije koji se tradicionalno obele\u017eava u martu.<\/p>\n<p>Kada prona\u0111ete Va\u0161eg muzejskog dvojnika, fotografi\u0161ite se pored portreta i po\u0161aljite na mejl dvojnikumuzeju@galerijamaticesrpske.rs. Fotografije dvojnika \u0107e biti predstavljene u obliku virtuelne izlo\u017ebe u okviru stalne postavke GMS.<\/p>\n<p>Ne zaboravite da ozna\u010dite GMS na dru\u0161tvenim mre\u017eama i obavezno nas posetite da vidite Va\u0161u fotografiju upravo na na\u0161oj digitalnoj izlo\u017ebi.<\/p>\n<p>Galerija Matice srpske Vas poziva da prona\u0111ete svoje ogledalo iz nekog drugog vremena!<\/p>\n<p style=\"text-align: center;\"><strong>PRAVILNIK<\/strong><\/p>\n<p>U okviru partnerstva izme\u0111u Galerije i Francuskog instituta, organizuje se takmi\u010denje za pronala\u017eenje dvojnika portreta izlo\u017eenih u Galeriji. Posetioci su pozvani da se fotografi\u0161u pored portreta sa kojim smatraju da imaju sli\u010dnosti.<\/p>\n<p>Datumi konkursa<br \/>\n\u2022 Prijave otvorene do 31. marta 2026.<br \/>\n\u2022 Rezultati \u0107e biti objavljeni najkasnije do 15. aprila 2026.<\/p>\n<p>Uslovi za u\u010de\u0161\u0107e<br \/>\n\u2022 Takmi\u010denje je otvoreno za sve osobe koje posete Galeriju Matice srpske u nazna\u010denom periodu<br \/>\n\u2022 U\u010de\u0161\u0107e je besplatno<br \/>\n\u2022 Maloletnici mogu u\u010destvovati uz odobrenje roditelja<\/p>\n<p>Na\u010din u\u010de\u0161\u0107a<br \/>\n1. Posetite Galeriju<br \/>\n2. Fotografi\u0161ite se pored izlo\u017eenog portreta<br \/>\n3. Po\u0161aljite fotografiju isklju\u010divo putem e-po\u0161te na slede\u0107u adresu: dvojnikumuzeju@galerijamaticesrpske.rs<br \/>\n4. U poruci navedite: ime i prezime, mejl adresu za kontakt<\/p>\n<p>Odabir pobednika<br \/>\nBi\u0107e dodeljena samo jedna nagrada za najvernijeg dvojnika.<br \/>\nPobednika bira \u017eiri sastavljen od predstavnika Galerije i Francuskog instituta, koji \u0107e uzeti u obzir mi\u0161lenje javnosti izra\u017eeno lajkovima fotografija na dru\u0161tvenim mre\u017eama.<\/p>\n<p>Nagrada: Pobednik dobija besplatan kurs jezika, koji obezbe\u0111uje Francuski institut (21 \u010das u ve\u0107 postoje\u0107oj grupi). Potrebno je nagradu iskoristiti do kraja 2026. godine.<\/p>\n<p>Digitalna izlo\u017eba: Odabrane fotografije bi\u0107e predstavljene u digitalnoj izlo\u017ebi, koju je mogu\u0107e pogledati u Galeriji, na posebnim ekranima.<\/p>\n<p>Objavljivanje rezultata: Rezultat takmi\u010denja bi\u0107e objavljen najkasnije do 15. aprila na kanalima Galerije i Francsukog instituta.<\/p>\n<p>Dozvola: U\u010de\u0161\u0107e u takmi\u010denju podrazumeva saglasnost za kori\u0161\u0107enje fotografija u promotivne svrhe (njeb sajt, dru\u0161tvene mre\u017ee, digitalna izlo\u017eba), bez komercijalne upotrebe.<\/p>\n","protected":false},"excerpt":{"rendered":"<p>Muzej je dom mnogobrojnih li\u010dnosti koje stanuju u portretima. Lica iz pro\u0161losti ovekove\u010dena su upravo u njima, kako bi ostala sa\u010duvana od zaborava. Da li ste, \u0161etaju\u0107i kroz Galeriju Matice srpske, uo\u010dili portret koji je vi\u0161e li\u010dio na Va\u0161 lik u ogledalu nego na nepozantog stranca? Neki od na\u0161ih posetilaca su upravo to primetili. U<\/p>\n","protected":false},"author":2,"featured_media":16173,"comment_status":"closed","ping_status":"closed","sticky":false,"template":"","format":"standard","meta":{"_acf_changed":false,"footnotes":""},"categories":[92],"tags":[],"class_list":["post-16194","post","type-post","status-publish","format-standard","has-post-thumbnail","hentry","category-vesti-gms"],"acf":[],"yoast_head":"<!-- This site is optimized with the Yoast SEO plugin v27.3 - https:\/\/yoast.com\/product\/yoast-seo-wordpress\/ -->\n<title>Ogledalo iz nekog drugog vremena: Prona\u0111ite va\u0161eg dvojnika na delima u GMS! | Galerija Matice srpske<\/title>\n<meta name=\"description\" content=\"Muzej je dom mnogobrojnih li\u010dnosti koje stanuju u portretima. Lica iz pro\u0161losti ovekove\u010dena su upravo u njima, kako bi ostala sa\u010duvana od zaborava. Da li ste, \u0161etaju\u0107i kroz Galeriju Matice srpske, uo\u010dili portret koji je vi\u0161e li\u010dio na Va\u0161 lik u ogledalu nego na nepozantog stranca? Neki od na\u0161ih posetilaca su upravo to primetili.\" \/>\n<meta name=\"robots\" content=\"index, follow, max-snippet:-1, max-image-preview:large, max-video-preview:-1\" \/>\n<link rel=\"canonical\" href=\"https:\/\/www.galerijamaticesrpske.rs\/lat\/vesti-gms\/ogledalo-iz-nekog-drugog-vremena-pronadjite-vaseg-dvojnika-na-delima-u-gms\/\" \/>\n<meta property=\"og:locale\" content=\"en_US\" \/>\n<meta property=\"og:type\" content=\"article\" \/>\n<meta property=\"og:title\" content=\"Ogledalo iz nekog drugog vremena: Prona\u0111ite va\u0161eg dvojnika na delima u GMS! | Galerija Matice srpske\" \/>\n<meta property=\"og:description\" content=\"Muzej je dom mnogobrojnih li\u010dnosti koje stanuju u portretima. Lica iz pro\u0161losti ovekove\u010dena su upravo u njima, kako bi ostala sa\u010duvana od zaborava. Da li ste, \u0161etaju\u0107i kroz Galeriju Matice srpske, uo\u010dili portret koji je vi\u0161e li\u010dio na Va\u0161 lik u ogledalu nego na nepozantog stranca? Neki od na\u0161ih posetilaca su upravo to primetili.\" \/>\n<meta property=\"og:url\" content=\"https:\/\/www.galerijamaticesrpske.rs\/lat\/vesti-gms\/ogledalo-iz-nekog-drugog-vremena-pronadjite-vaseg-dvojnika-na-delima-u-gms\/\" \/>\n<meta property=\"og:site_name\" content=\"Galerija Matice srpske\" \/>\n<meta property=\"article:published_time\" content=\"2026-01-26T12:51:05+00:00\" \/>\n<meta property=\"article:modified_time\" content=\"2026-02-25T09:05:44+00:00\" \/>\n<meta property=\"og:image\" content=\"https:\/\/www.galerijamaticesrpske.rs\/wp-content\/uploads\/2026\/01\/1-1-scaled.jpg\" \/>\n\t<meta property=\"og:image:width\" content=\"2560\" \/>\n\t<meta property=\"og:image:height\" content=\"1752\" \/>\n\t<meta property=\"og:image:type\" content=\"image\/jpeg\" \/>\n<meta name=\"author\" content=\"Jelena GMS\" \/>\n<meta name=\"twitter:card\" content=\"summary_large_image\" \/>\n<meta name=\"twitter:label1\" content=\"Written by\" \/>\n\t<meta name=\"twitter:data1\" content=\"Jelena GMS\" \/>\n\t<meta name=\"twitter:label2\" content=\"Est. reading time\" \/>\n\t<meta name=\"twitter:data2\" content=\"3 minutes\" \/>\n<script type=\"application\/ld+json\" class=\"yoast-schema-graph\">{\"@context\":\"https:\\\/\\\/schema.org\",\"@graph\":[{\"@type\":\"Article\",\"@id\":\"https:\\\/\\\/www.galerijamaticesrpske.rs\\\/lat\\\/vesti-gms\\\/ogledalo-iz-nekog-drugog-vremena-pronadjite-vaseg-dvojnika-na-delima-u-gms\\\/#article\",\"isPartOf\":{\"@id\":\"https:\\\/\\\/www.galerijamaticesrpske.rs\\\/lat\\\/vesti-gms\\\/ogledalo-iz-nekog-drugog-vremena-pronadjite-vaseg-dvojnika-na-delima-u-gms\\\/\"},\"author\":{\"name\":\"Jelena GMS\",\"@id\":\"http:\\\/\\\/www.galerijamaticesrpske.rs\\\/#\\\/schema\\\/person\\\/cd7cf801d7fcb10a165f8407e502944b\"},\"headline\":\"Ogledalo iz nekog drugog vremena: Prona\u0111ite va\u0161eg dvojnika na delima u GMS!\",\"datePublished\":\"2026-01-26T12:51:05+00:00\",\"dateModified\":\"2026-02-25T09:05:44+00:00\",\"mainEntityOfPage\":{\"@id\":\"https:\\\/\\\/www.galerijamaticesrpske.rs\\\/lat\\\/vesti-gms\\\/ogledalo-iz-nekog-drugog-vremena-pronadjite-vaseg-dvojnika-na-delima-u-gms\\\/\"},\"wordCount\":524,\"publisher\":{\"@id\":\"http:\\\/\\\/www.galerijamaticesrpske.rs\\\/#organization\"},\"image\":{\"@id\":\"https:\\\/\\\/www.galerijamaticesrpske.rs\\\/lat\\\/vesti-gms\\\/ogledalo-iz-nekog-drugog-vremena-pronadjite-vaseg-dvojnika-na-delima-u-gms\\\/#primaryimage\"},\"thumbnailUrl\":\"https:\\\/\\\/www.galerijamaticesrpske.rs\\\/wp-content\\\/uploads\\\/2026\\\/01\\\/1-1-scaled.jpg\",\"articleSection\":[\"Vesti\"],\"inLanguage\":\"sr-LAT\"},{\"@type\":\"WebPage\",\"@id\":\"https:\\\/\\\/www.galerijamaticesrpske.rs\\\/lat\\\/vesti-gms\\\/ogledalo-iz-nekog-drugog-vremena-pronadjite-vaseg-dvojnika-na-delima-u-gms\\\/\",\"url\":\"https:\\\/\\\/www.galerijamaticesrpske.rs\\\/lat\\\/vesti-gms\\\/ogledalo-iz-nekog-drugog-vremena-pronadjite-vaseg-dvojnika-na-delima-u-gms\\\/\",\"name\":\"Ogledalo iz nekog drugog vremena: Prona\u0111ite va\u0161eg dvojnika na delima u GMS! | Galerija Matice srpske\",\"isPartOf\":{\"@id\":\"http:\\\/\\\/www.galerijamaticesrpske.rs\\\/#website\"},\"primaryImageOfPage\":{\"@id\":\"https:\\\/\\\/www.galerijamaticesrpske.rs\\\/lat\\\/vesti-gms\\\/ogledalo-iz-nekog-drugog-vremena-pronadjite-vaseg-dvojnika-na-delima-u-gms\\\/#primaryimage\"},\"image\":{\"@id\":\"https:\\\/\\\/www.galerijamaticesrpske.rs\\\/lat\\\/vesti-gms\\\/ogledalo-iz-nekog-drugog-vremena-pronadjite-vaseg-dvojnika-na-delima-u-gms\\\/#primaryimage\"},\"thumbnailUrl\":\"https:\\\/\\\/www.galerijamaticesrpske.rs\\\/wp-content\\\/uploads\\\/2026\\\/01\\\/1-1-scaled.jpg\",\"datePublished\":\"2026-01-26T12:51:05+00:00\",\"dateModified\":\"2026-02-25T09:05:44+00:00\",\"description\":\"Muzej je dom mnogobrojnih li\u010dnosti koje stanuju u portretima. Lica iz pro\u0161losti ovekove\u010dena su upravo u njima, kako bi ostala sa\u010duvana od zaborava. Da li ste, \u0161etaju\u0107i kroz Galeriju Matice srpske, uo\u010dili portret koji je vi\u0161e li\u010dio na Va\u0161 lik u ogledalu nego na nepozantog stranca? Neki od na\u0161ih posetilaca su upravo to primetili.\",\"breadcrumb\":{\"@id\":\"https:\\\/\\\/www.galerijamaticesrpske.rs\\\/lat\\\/vesti-gms\\\/ogledalo-iz-nekog-drugog-vremena-pronadjite-vaseg-dvojnika-na-delima-u-gms\\\/#breadcrumb\"},\"inLanguage\":\"sr-LAT\",\"potentialAction\":[{\"@type\":\"ReadAction\",\"target\":[\"https:\\\/\\\/www.galerijamaticesrpske.rs\\\/lat\\\/vesti-gms\\\/ogledalo-iz-nekog-drugog-vremena-pronadjite-vaseg-dvojnika-na-delima-u-gms\\\/\"]}]},{\"@type\":\"ImageObject\",\"inLanguage\":\"sr-LAT\",\"@id\":\"https:\\\/\\\/www.galerijamaticesrpske.rs\\\/lat\\\/vesti-gms\\\/ogledalo-iz-nekog-drugog-vremena-pronadjite-vaseg-dvojnika-na-delima-u-gms\\\/#primaryimage\",\"url\":\"https:\\\/\\\/www.galerijamaticesrpske.rs\\\/wp-content\\\/uploads\\\/2026\\\/01\\\/1-1-scaled.jpg\",\"contentUrl\":\"https:\\\/\\\/www.galerijamaticesrpske.rs\\\/wp-content\\\/uploads\\\/2026\\\/01\\\/1-1-scaled.jpg\",\"width\":2560,\"height\":1752},{\"@type\":\"BreadcrumbList\",\"@id\":\"https:\\\/\\\/www.galerijamaticesrpske.rs\\\/lat\\\/vesti-gms\\\/ogledalo-iz-nekog-drugog-vremena-pronadjite-vaseg-dvojnika-na-delima-u-gms\\\/#breadcrumb\",\"itemListElement\":[{\"@type\":\"ListItem\",\"position\":1,\"name\":\"\u041f\u043e\u0447\u0435\u0442\u043d\u0430\",\"item\":\"http:\\\/\\\/www.galerijamaticesrpske.rs\\\/lat\\\/\"},{\"@type\":\"ListItem\",\"position\":2,\"name\":\"Ogledalo iz nekog drugog vremena: Prona\u0111ite va\u0161eg dvojnika na delima u GMS!\"}]},{\"@type\":\"WebSite\",\"@id\":\"http:\\\/\\\/www.galerijamaticesrpske.rs\\\/#website\",\"url\":\"http:\\\/\\\/www.galerijamaticesrpske.rs\\\/\",\"name\":\"Galerija Matice srpske\",\"description\":\"Muzej srpske nacionalne umetnosti u Novom Sadu\",\"publisher\":{\"@id\":\"http:\\\/\\\/www.galerijamaticesrpske.rs\\\/#organization\"},\"potentialAction\":[{\"@type\":\"SearchAction\",\"target\":{\"@type\":\"EntryPoint\",\"urlTemplate\":\"http:\\\/\\\/www.galerijamaticesrpske.rs\\\/?s={search_term_string}\"},\"query-input\":{\"@type\":\"PropertyValueSpecification\",\"valueRequired\":true,\"valueName\":\"search_term_string\"}}],\"inLanguage\":\"sr-LAT\"},{\"@type\":\"Organization\",\"@id\":\"http:\\\/\\\/www.galerijamaticesrpske.rs\\\/#organization\",\"name\":\"Galerija Matice srpske\",\"url\":\"http:\\\/\\\/www.galerijamaticesrpske.rs\\\/\",\"logo\":{\"@type\":\"ImageObject\",\"inLanguage\":\"sr-LAT\",\"@id\":\"http:\\\/\\\/www.galerijamaticesrpske.rs\\\/#\\\/schema\\\/logo\\\/image\\\/\",\"url\":\"https:\\\/\\\/www.galerijamaticesrpske.rs\\\/wp-content\\\/uploads\\\/2021\\\/01\\\/gms-logo-za-sajt.svg\",\"contentUrl\":\"https:\\\/\\\/www.galerijamaticesrpske.rs\\\/wp-content\\\/uploads\\\/2021\\\/01\\\/gms-logo-za-sajt.svg\",\"width\":1,\"height\":1,\"caption\":\"Galerija Matice srpske\"},\"image\":{\"@id\":\"http:\\\/\\\/www.galerijamaticesrpske.rs\\\/#\\\/schema\\\/logo\\\/image\\\/\"}},{\"@type\":\"Person\",\"@id\":\"http:\\\/\\\/www.galerijamaticesrpske.rs\\\/#\\\/schema\\\/person\\\/cd7cf801d7fcb10a165f8407e502944b\",\"name\":\"Jelena GMS\",\"image\":{\"@type\":\"ImageObject\",\"inLanguage\":\"sr-LAT\",\"@id\":\"https:\\\/\\\/secure.gravatar.com\\\/avatar\\\/d97cc9c9ff00ecfcae2d4161f8d50f74465676163393192de390634ca0095b9d?s=96&d=mm&r=g\",\"url\":\"https:\\\/\\\/secure.gravatar.com\\\/avatar\\\/d97cc9c9ff00ecfcae2d4161f8d50f74465676163393192de390634ca0095b9d?s=96&d=mm&r=g\",\"contentUrl\":\"https:\\\/\\\/secure.gravatar.com\\\/avatar\\\/d97cc9c9ff00ecfcae2d4161f8d50f74465676163393192de390634ca0095b9d?s=96&d=mm&r=g\",\"caption\":\"Jelena GMS\"}}]}<\/script>\n<!-- \/ Yoast SEO plugin. -->","yoast_head_json":{"title":"Ogledalo iz nekog drugog vremena: Prona\u0111ite va\u0161eg dvojnika na delima u GMS! | Galerija Matice srpske","description":"Muzej je dom mnogobrojnih li\u010dnosti koje stanuju u portretima. Lica iz pro\u0161losti ovekove\u010dena su upravo u njima, kako bi ostala sa\u010duvana od zaborava. Da li ste, \u0161etaju\u0107i kroz Galeriju Matice srpske, uo\u010dili portret koji je vi\u0161e li\u010dio na Va\u0161 lik u ogledalu nego na nepozantog stranca? Neki od na\u0161ih posetilaca su upravo to primetili.","robots":{"index":"index","follow":"follow","max-snippet":"max-snippet:-1","max-image-preview":"max-image-preview:large","max-video-preview":"max-video-preview:-1"},"canonical":"https:\/\/www.galerijamaticesrpske.rs\/lat\/vesti-gms\/ogledalo-iz-nekog-drugog-vremena-pronadjite-vaseg-dvojnika-na-delima-u-gms\/","og_locale":"en_US","og_type":"article","og_title":"Ogledalo iz nekog drugog vremena: Prona\u0111ite va\u0161eg dvojnika na delima u GMS! | Galerija Matice srpske","og_description":"Muzej je dom mnogobrojnih li\u010dnosti koje stanuju u portretima. Lica iz pro\u0161losti ovekove\u010dena su upravo u njima, kako bi ostala sa\u010duvana od zaborava. Da li ste, \u0161etaju\u0107i kroz Galeriju Matice srpske, uo\u010dili portret koji je vi\u0161e li\u010dio na Va\u0161 lik u ogledalu nego na nepozantog stranca? Neki od na\u0161ih posetilaca su upravo to primetili.","og_url":"https:\/\/www.galerijamaticesrpske.rs\/lat\/vesti-gms\/ogledalo-iz-nekog-drugog-vremena-pronadjite-vaseg-dvojnika-na-delima-u-gms\/","og_site_name":"Galerija Matice srpske","article_published_time":"2026-01-26T12:51:05+00:00","article_modified_time":"2026-02-25T09:05:44+00:00","og_image":[{"width":2560,"height":1752,"url":"https:\/\/www.galerijamaticesrpske.rs\/wp-content\/uploads\/2026\/01\/1-1-scaled.jpg","type":"image\/jpeg"}],"author":"Jelena GMS","twitter_card":"summary_large_image","twitter_misc":{"Written by":"Jelena GMS","Est. reading time":"3 minutes"},"schema":{"@context":"https:\/\/schema.org","@graph":[{"@type":"Article","@id":"https:\/\/www.galerijamaticesrpske.rs\/lat\/vesti-gms\/ogledalo-iz-nekog-drugog-vremena-pronadjite-vaseg-dvojnika-na-delima-u-gms\/#article","isPartOf":{"@id":"https:\/\/www.galerijamaticesrpske.rs\/lat\/vesti-gms\/ogledalo-iz-nekog-drugog-vremena-pronadjite-vaseg-dvojnika-na-delima-u-gms\/"},"author":{"name":"Jelena GMS","@id":"http:\/\/www.galerijamaticesrpske.rs\/#\/schema\/person\/cd7cf801d7fcb10a165f8407e502944b"},"headline":"Ogledalo iz nekog drugog vremena: Prona\u0111ite va\u0161eg dvojnika na delima u GMS!","datePublished":"2026-01-26T12:51:05+00:00","dateModified":"2026-02-25T09:05:44+00:00","mainEntityOfPage":{"@id":"https:\/\/www.galerijamaticesrpske.rs\/lat\/vesti-gms\/ogledalo-iz-nekog-drugog-vremena-pronadjite-vaseg-dvojnika-na-delima-u-gms\/"},"wordCount":524,"publisher":{"@id":"http:\/\/www.galerijamaticesrpske.rs\/#organization"},"image":{"@id":"https:\/\/www.galerijamaticesrpske.rs\/lat\/vesti-gms\/ogledalo-iz-nekog-drugog-vremena-pronadjite-vaseg-dvojnika-na-delima-u-gms\/#primaryimage"},"thumbnailUrl":"https:\/\/www.galerijamaticesrpske.rs\/wp-content\/uploads\/2026\/01\/1-1-scaled.jpg","articleSection":["Vesti"],"inLanguage":"sr-LAT"},{"@type":"WebPage","@id":"https:\/\/www.galerijamaticesrpske.rs\/lat\/vesti-gms\/ogledalo-iz-nekog-drugog-vremena-pronadjite-vaseg-dvojnika-na-delima-u-gms\/","url":"https:\/\/www.galerijamaticesrpske.rs\/lat\/vesti-gms\/ogledalo-iz-nekog-drugog-vremena-pronadjite-vaseg-dvojnika-na-delima-u-gms\/","name":"Ogledalo iz nekog drugog vremena: Prona\u0111ite va\u0161eg dvojnika na delima u GMS! | Galerija Matice srpske","isPartOf":{"@id":"http:\/\/www.galerijamaticesrpske.rs\/#website"},"primaryImageOfPage":{"@id":"https:\/\/www.galerijamaticesrpske.rs\/lat\/vesti-gms\/ogledalo-iz-nekog-drugog-vremena-pronadjite-vaseg-dvojnika-na-delima-u-gms\/#primaryimage"},"image":{"@id":"https:\/\/www.galerijamaticesrpske.rs\/lat\/vesti-gms\/ogledalo-iz-nekog-drugog-vremena-pronadjite-vaseg-dvojnika-na-delima-u-gms\/#primaryimage"},"thumbnailUrl":"https:\/\/www.galerijamaticesrpske.rs\/wp-content\/uploads\/2026\/01\/1-1-scaled.jpg","datePublished":"2026-01-26T12:51:05+00:00","dateModified":"2026-02-25T09:05:44+00:00","description":"Muzej je dom mnogobrojnih li\u010dnosti koje stanuju u portretima. Lica iz pro\u0161losti ovekove\u010dena su upravo u njima, kako bi ostala sa\u010duvana od zaborava. Da li ste, \u0161etaju\u0107i kroz Galeriju Matice srpske, uo\u010dili portret koji je vi\u0161e li\u010dio na Va\u0161 lik u ogledalu nego na nepozantog stranca? Neki od na\u0161ih posetilaca su upravo to primetili.","breadcrumb":{"@id":"https:\/\/www.galerijamaticesrpske.rs\/lat\/vesti-gms\/ogledalo-iz-nekog-drugog-vremena-pronadjite-vaseg-dvojnika-na-delima-u-gms\/#breadcrumb"},"inLanguage":"sr-LAT","potentialAction":[{"@type":"ReadAction","target":["https:\/\/www.galerijamaticesrpske.rs\/lat\/vesti-gms\/ogledalo-iz-nekog-drugog-vremena-pronadjite-vaseg-dvojnika-na-delima-u-gms\/"]}]},{"@type":"ImageObject","inLanguage":"sr-LAT","@id":"https:\/\/www.galerijamaticesrpske.rs\/lat\/vesti-gms\/ogledalo-iz-nekog-drugog-vremena-pronadjite-vaseg-dvojnika-na-delima-u-gms\/#primaryimage","url":"https:\/\/www.galerijamaticesrpske.rs\/wp-content\/uploads\/2026\/01\/1-1-scaled.jpg","contentUrl":"https:\/\/www.galerijamaticesrpske.rs\/wp-content\/uploads\/2026\/01\/1-1-scaled.jpg","width":2560,"height":1752},{"@type":"BreadcrumbList","@id":"https:\/\/www.galerijamaticesrpske.rs\/lat\/vesti-gms\/ogledalo-iz-nekog-drugog-vremena-pronadjite-vaseg-dvojnika-na-delima-u-gms\/#breadcrumb","itemListElement":[{"@type":"ListItem","position":1,"name":"\u041f\u043e\u0447\u0435\u0442\u043d\u0430","item":"http:\/\/www.galerijamaticesrpske.rs\/lat\/"},{"@type":"ListItem","position":2,"name":"Ogledalo iz nekog drugog vremena: Prona\u0111ite va\u0161eg dvojnika na delima u GMS!"}]},{"@type":"WebSite","@id":"http:\/\/www.galerijamaticesrpske.rs\/#website","url":"http:\/\/www.galerijamaticesrpske.rs\/","name":"Galerija Matice srpske","description":"Muzej srpske nacionalne umetnosti u Novom Sadu","publisher":{"@id":"http:\/\/www.galerijamaticesrpske.rs\/#organization"},"potentialAction":[{"@type":"SearchAction","target":{"@type":"EntryPoint","urlTemplate":"http:\/\/www.galerijamaticesrpske.rs\/?s={search_term_string}"},"query-input":{"@type":"PropertyValueSpecification","valueRequired":true,"valueName":"search_term_string"}}],"inLanguage":"sr-LAT"},{"@type":"Organization","@id":"http:\/\/www.galerijamaticesrpske.rs\/#organization","name":"Galerija Matice srpske","url":"http:\/\/www.galerijamaticesrpske.rs\/","logo":{"@type":"ImageObject","inLanguage":"sr-LAT","@id":"http:\/\/www.galerijamaticesrpske.rs\/#\/schema\/logo\/image\/","url":"https:\/\/www.galerijamaticesrpske.rs\/wp-content\/uploads\/2021\/01\/gms-logo-za-sajt.svg","contentUrl":"https:\/\/www.galerijamaticesrpske.rs\/wp-content\/uploads\/2021\/01\/gms-logo-za-sajt.svg","width":1,"height":1,"caption":"Galerija Matice srpske"},"image":{"@id":"http:\/\/www.galerijamaticesrpske.rs\/#\/schema\/logo\/image\/"}},{"@type":"Person","@id":"http:\/\/www.galerijamaticesrpske.rs\/#\/schema\/person\/cd7cf801d7fcb10a165f8407e502944b","name":"Jelena GMS","image":{"@type":"ImageObject","inLanguage":"sr-LAT","@id":"https:\/\/secure.gravatar.com\/avatar\/d97cc9c9ff00ecfcae2d4161f8d50f74465676163393192de390634ca0095b9d?s=96&d=mm&r=g","url":"https:\/\/secure.gravatar.com\/avatar\/d97cc9c9ff00ecfcae2d4161f8d50f74465676163393192de390634ca0095b9d?s=96&d=mm&r=g","contentUrl":"https:\/\/secure.gravatar.com\/avatar\/d97cc9c9ff00ecfcae2d4161f8d50f74465676163393192de390634ca0095b9d?s=96&d=mm&r=g","caption":"Jelena GMS"}}]}},"_links":{"self":[{"href":"https:\/\/www.galerijamaticesrpske.rs\/lat\/wp-json\/wp\/v2\/posts\/16194","targetHints":{"allow":["GET"]}}],"collection":[{"href":"https:\/\/www.galerijamaticesrpske.rs\/lat\/wp-json\/wp\/v2\/posts"}],"about":[{"href":"https:\/\/www.galerijamaticesrpske.rs\/lat\/wp-json\/wp\/v2\/types\/post"}],"author":[{"embeddable":true,"href":"https:\/\/www.galerijamaticesrpske.rs\/lat\/wp-json\/wp\/v2\/users\/2"}],"replies":[{"embeddable":true,"href":"https:\/\/www.galerijamaticesrpske.rs\/lat\/wp-json\/wp\/v2\/comments?post=16194"}],"version-history":[{"count":2,"href":"https:\/\/www.galerijamaticesrpske.rs\/lat\/wp-json\/wp\/v2\/posts\/16194\/revisions"}],"predecessor-version":[{"id":16354,"href":"https:\/\/www.galerijamaticesrpske.rs\/lat\/wp-json\/wp\/v2\/posts\/16194\/revisions\/16354"}],"wp:featuredmedia":[{"embeddable":true,"href":"https:\/\/www.galerijamaticesrpske.rs\/lat\/wp-json\/wp\/v2\/media\/16173"}],"wp:attachment":[{"href":"https:\/\/www.galerijamaticesrpske.rs\/lat\/wp-json\/wp\/v2\/media?parent=16194"}],"wp:term":[{"taxonomy":"category","embeddable":true,"href":"https:\/\/www.galerijamaticesrpske.rs\/lat\/wp-json\/wp\/v2\/categories?post=16194"},{"taxonomy":"post_tag","embeddable":true,"href":"https:\/\/www.galerijamaticesrpske.rs\/lat\/wp-json\/wp\/v2\/tags?post=16194"}],"curies":[{"name":"wp","href":"https:\/\/api.w.org\/{rel}","templated":true}]}}