{"id":3237,"date":"2021-03-02T13:41:47","date_gmt":"2021-03-02T13:41:47","guid":{"rendered":"https:\/\/www.galerijamaticesrpske.rs\/vesti-gms\/inspirisani-francuskom-mesec-frankofonije-u-gms\/"},"modified":"2021-03-02T15:18:33","modified_gmt":"2021-03-02T15:18:33","slug":"inspirisani-francuskom-mesec-frankofonije-u-gms","status":"publish","type":"post","link":"https:\/\/www.galerijamaticesrpske.rs\/lat\/vesti-gms\/inspirisani-francuskom-mesec-frankofonije-u-gms\/","title":{"rendered":"Inspirisani francuskom Mesec Frankofonije u Galeriji Matice srpske"},"content":{"rendered":"\n<p>Otvaranje: 5. mart 2021.<br>Traje do: 27. mart 2021.<br>Mesto: Galerija Matice srpske<\/p>\n\n\n\n<p>Namenjeno: svim uzrastima<\/p>\n\n\n\n<p>Programom&nbsp;<em>Inspirisani Francuskom<\/em>&nbsp;\u017eelimo da uka\u017eemo na vi\u0161edecenijske neraskidive veze francuske i srpske kulture i umetnosti. Kroz predavanja, koncert, stru\u010dna vo\u0111enja, edukativni program i kreativne radionice za decu upoznajemo se sa dru\u0161tveno-umetni\u010dkim prilikama u Francuskoj krajem XIX i na po\u010detku XX veka, sa likovnom i muzi\u010dkom umetno\u0161\u0107u toga doba, kao i sa zna\u010dajem koji su Pariz i Francuska imali za srpske umetnike i razvoj srpskog slikarstva.<\/p>\n\n\n\n<p><strong>5. mart\u00a0u 19.00 sati<br><\/strong><a href=\"https:\/\/www.galerijamaticesrpske.rs\/lat\/events\/druga-strana-ulepsane-stvarnosti\/\"><strong><em>Druga\u00a0strana\u00a0ulep\u0161ane stvarnosti<\/em><\/strong><\/a><br>Msr Nikola Ivanovi\u0107, kustos Galerije Matice srpske<\/p>\n\n\n\n<p><strong>12. mart<\/strong><strong>&nbsp;u 19.00 sati<br><\/strong><a href=\"https:\/\/www.galerijamaticesrpske.rs\/lat\/events\/olga-keseljevic-i-mark-barbeza\/\"><strong>Promocija<\/strong><strong>&nbsp;knjige<\/strong><strong>&nbsp;<em>Olga<\/em><\/strong><strong><em>&nbsp;Ke\u0161eljevi\u0107<\/em><\/strong><strong><em>&nbsp;i<\/em><\/strong><strong><em>&nbsp;Mark<\/em><\/strong><strong><em>&nbsp;Barbeza<\/em><\/strong><strong><em>. Jedna<\/em><\/strong><strong><em>&nbsp;sasvim<\/em><\/strong><strong><em>&nbsp;(ne<\/em><\/strong><strong><em>)obi\u010dna<\/em><\/strong><strong><em>&nbsp;srpsko<\/em><\/strong><strong><em>-francuska veza<br><\/em><\/strong><\/a><strong><\/strong>Govore: dr Tijana P. Bugarski, upravnica GMS, recenzenti prof. emer. Irina Suboti\u0107, prof. dr Simona \u010cupi\u0107 i prof. dr Pavle Sekeru\u0161, i autorka prof. dr Dijana Metli\u0107<\/p>\n\n\n\n<p><strong>19. mart\u00a0u 19.00 sati<br><\/strong><a href=\"https:\/\/www.galerijamaticesrpske.rs\/lat\/events\/sarm-francuske-muzike-u-delima-pisanim-za-duvacki-kvintet\/\"><strong><em>\u0160arm\u00a0francuske\u00a0muzike\u00a0u\u00a0delima\u00a0pisanim\u00a0za\u00a0duva\u010dki kvintet<\/em><\/strong><\/a><br>Novosadski duva\u010dki kvintet: Mirko Mari\u0107 \u2013 horna, Ksenija Mijatovi\u0107 Korom \u2013 flauta, Veronika Antunovi\u0107 Mari\u0107 \u2013 oboa, Kristijan Boro\u0161 \u2013 klarinet i Goran Marinkovi\u0107 \u2013 fagot.<\/p>\n\n\n\n<p><strong>26. mart\u00a0u 19.00 sati<br><\/strong><a href=\"https:\/\/www.galerijamaticesrpske.rs\/lat\/events\/pariz-save-sumanovica\/\"><strong><em>Pariz\u00a0Save \u0160umanovi\u0107a<\/em><\/strong><\/a><br>Stanislava Jovanovi\u0107 Mindi\u0107, kustos Galerije Matice srpske<\/p>\n\n\n\n<p><strong>Subotom od&nbsp;<\/strong><strong>11.00 do<\/strong><strong>&nbsp;12.30 sati<br><\/strong><strong>Kreativne radionice za decu&nbsp;<em>Za\u010darani<\/em><\/strong><strong><em>&nbsp;magijom<\/em><\/strong><strong><em>&nbsp;Pariza<br><\/em><\/strong>6, 13, 20. i 27. mart od 11.00 do 12.30 sati<\/p>\n\n\n\n<p><strong><a href=\"https:\/\/www.galerijamaticesrpske.rs\/lat\/program-za-decu\/predskolske-i-skolske-grupe\/\" data-type=\"page\" data-id=\"3030\">Edukativne radionice za decu osnovno\u0161kolskog uzrasta<\/a><br><em>Moj\u00a0Grad.\u00a0Novosadske umetni\u010dke pri\u010de<\/em><\/strong><\/p>\n\n\n\n<p>* Dolazak \u0161kolske grupe je potrebno zakazati na 021 4899 017 ili na&nbsp;<a href=\"mailto:decjiprogrami@galerijamaticesrpske.rs\">decjiprogrami@galerijamaticesrpske.rs<\/a><\/p>\n\n\n\n<p>* u okviru edukativnog programa, u subotu 20. marta muzejski edukatori i nastavnici Francuskog instituta u Srbiji \u2013 Novi Sad kroz razgovor i radionicu predstavi\u0107e publikaciju&nbsp;<em>Ma ville<\/em>&nbsp;i ukazati na njen zna\u010daj u u\u010denju i savladavnju stranog jezika kroz kulturu i umetnost.<\/p>\n\n\n\n<p>Tokom Meseca frankofonije u Galeriji Matice srpske posetioci \u0107e mo\u0107i da u\u017eivaju u kratkim video pri\u010dama&nbsp;<em>Inspirisani Francuskom<\/em>&nbsp;nastalim kroz saradnju Francuskog instituta u Srbiji i muzejskih stru\u010dnjaka. Dvominutnim pri\u010dama publika \u0107e mo\u0107i da sazna vi\u0161e o poznatim srpskim umetnicima koji su \u017eiveli i radili u Francuskoj, a \u010dija se dela nalaze u muzejima Srbije.<\/p>\n\n\n\n<p>Tako\u0111e, Mesec frankofonije bi\u0107e povod da objavimo internet prezentaciju Galerije Matice srpske na francuskom jeziku i tako u\u010dinimo pribli\u017eimo kolekciju i rad Galerije publici sa francuskog govornog podru\u010dja.<\/p>\n\n\n\n<p>Program je realizovan u saradnji sa Francuskim institutom u Srbiji, i uz podr\u0161ku Ministarstva kulture i informisanja Republike Srbije.<\/p>\n","protected":false},"excerpt":{"rendered":"<p>Otvaranje: 5. mart 2021.Traje do: 27. mart 2021.Mesto: Galerija Matice srpske Namenjeno: svim uzrastima Programom&nbsp;Inspirisani Francuskom&nbsp;\u017eelimo da uka\u017eemo na vi\u0161edecenijske neraskidive veze francuske i srpske kulture i umetnosti. Kroz predavanja, koncert, stru\u010dna vo\u0111enja, edukativni program i kreativne radionice za decu upoznajemo se sa dru\u0161tveno-umetni\u010dkim prilikama u Francuskoj krajem XIX i na po\u010detku XX veka, sa<\/p>\n","protected":false},"author":1,"featured_media":3170,"comment_status":"closed","ping_status":"closed","sticky":false,"template":"","format":"standard","meta":{"_acf_changed":false,"footnotes":""},"categories":[92],"tags":[],"class_list":["post-3237","post","type-post","status-publish","format-standard","has-post-thumbnail","hentry","category-vesti-gms"],"acf":[],"yoast_head":"<!-- This site is optimized with the Yoast SEO plugin v27.3 - https:\/\/yoast.com\/product\/yoast-seo-wordpress\/ -->\n<title>Inspirisani francuskom Mesec Frankofonije u Galeriji Matice srpske | Galerija Matice srpske<\/title>\n<meta name=\"robots\" content=\"index, follow, max-snippet:-1, max-image-preview:large, max-video-preview:-1\" \/>\n<link rel=\"canonical\" href=\"http:\/\/www.galerijamaticesrpske.rs\/lat\/vesti-gms\/inspirisani-francuskom-mesec-frankofonije-u-gms\/\" \/>\n<meta property=\"og:locale\" content=\"en_US\" \/>\n<meta property=\"og:type\" content=\"article\" \/>\n<meta property=\"og:title\" content=\"Inspirisani francuskom Mesec Frankofonije u Galeriji Matice srpske | Galerija Matice srpske\" \/>\n<meta property=\"og:description\" content=\"Otvaranje: 5. mart 2021.Traje do: 27. mart 2021.Mesto: Galerija Matice srpske Namenjeno: svim uzrastima Programom&nbsp;Inspirisani Francuskom&nbsp;\u017eelimo da uka\u017eemo na vi\u0161edecenijske neraskidive veze francuske i srpske kulture i umetnosti. Kroz predavanja, koncert, stru\u010dna vo\u0111enja, edukativni program i kreativne radionice za decu upoznajemo se sa dru\u0161tveno-umetni\u010dkim prilikama u Francuskoj krajem XIX i na po\u010detku XX veka, sa\" \/>\n<meta property=\"og:url\" content=\"http:\/\/www.galerijamaticesrpske.rs\/lat\/vesti-gms\/inspirisani-francuskom-mesec-frankofonije-u-gms\/\" \/>\n<meta property=\"og:site_name\" content=\"Galerija Matice srpske\" \/>\n<meta property=\"article:published_time\" content=\"2021-03-02T13:41:47+00:00\" \/>\n<meta property=\"article:modified_time\" content=\"2021-03-02T15:18:33+00:00\" \/>\n<meta property=\"og:image\" content=\"http:\/\/www.galerijamaticesrpske.rs\/wp-content\/uploads\/2021\/02\/slajder_mesec-frankofonije_1920.jpg\" \/>\n\t<meta property=\"og:image:width\" content=\"1920\" \/>\n\t<meta property=\"og:image:height\" content=\"800\" \/>\n\t<meta property=\"og:image:type\" content=\"image\/jpeg\" \/>\n<meta name=\"author\" content=\"Dragana Web\" \/>\n<meta name=\"twitter:card\" content=\"summary_large_image\" \/>\n<meta name=\"twitter:label1\" content=\"Written by\" \/>\n\t<meta name=\"twitter:data1\" content=\"Dragana Web\" \/>\n\t<meta name=\"twitter:label2\" content=\"Est. reading time\" \/>\n\t<meta name=\"twitter:data2\" content=\"2 minutes\" \/>\n<script type=\"application\/ld+json\" class=\"yoast-schema-graph\">{\"@context\":\"https:\\\/\\\/schema.org\",\"@graph\":[{\"@type\":\"Article\",\"@id\":\"http:\\\/\\\/www.galerijamaticesrpske.rs\\\/lat\\\/vesti-gms\\\/inspirisani-francuskom-mesec-frankofonije-u-gms\\\/#article\",\"isPartOf\":{\"@id\":\"http:\\\/\\\/www.galerijamaticesrpske.rs\\\/lat\\\/vesti-gms\\\/inspirisani-francuskom-mesec-frankofonije-u-gms\\\/\"},\"author\":{\"name\":\"Dragana Web\",\"@id\":\"https:\\\/\\\/www.galerijamaticesrpske.rs\\\/#\\\/schema\\\/person\\\/b3a5440eb4e1460995926ada1fe50f30\"},\"headline\":\"Inspirisani francuskom Mesec Frankofonije u Galeriji Matice srpske\",\"datePublished\":\"2021-03-02T13:41:47+00:00\",\"dateModified\":\"2021-03-02T15:18:33+00:00\",\"mainEntityOfPage\":{\"@id\":\"http:\\\/\\\/www.galerijamaticesrpske.rs\\\/lat\\\/vesti-gms\\\/inspirisani-francuskom-mesec-frankofonije-u-gms\\\/\"},\"wordCount\":429,\"publisher\":{\"@id\":\"https:\\\/\\\/www.galerijamaticesrpske.rs\\\/#organization\"},\"image\":{\"@id\":\"http:\\\/\\\/www.galerijamaticesrpske.rs\\\/lat\\\/vesti-gms\\\/inspirisani-francuskom-mesec-frankofonije-u-gms\\\/#primaryimage\"},\"thumbnailUrl\":\"https:\\\/\\\/www.galerijamaticesrpske.rs\\\/wp-content\\\/uploads\\\/2021\\\/02\\\/slajder_mesec-frankofonije_1920.jpg\",\"articleSection\":[\"Vesti\"],\"inLanguage\":\"sr-LAT\"},{\"@type\":\"WebPage\",\"@id\":\"http:\\\/\\\/www.galerijamaticesrpske.rs\\\/lat\\\/vesti-gms\\\/inspirisani-francuskom-mesec-frankofonije-u-gms\\\/\",\"url\":\"http:\\\/\\\/www.galerijamaticesrpske.rs\\\/lat\\\/vesti-gms\\\/inspirisani-francuskom-mesec-frankofonije-u-gms\\\/\",\"name\":\"Inspirisani francuskom Mesec Frankofonije u Galeriji Matice srpske | Galerija Matice srpske\",\"isPartOf\":{\"@id\":\"https:\\\/\\\/www.galerijamaticesrpske.rs\\\/#website\"},\"primaryImageOfPage\":{\"@id\":\"http:\\\/\\\/www.galerijamaticesrpske.rs\\\/lat\\\/vesti-gms\\\/inspirisani-francuskom-mesec-frankofonije-u-gms\\\/#primaryimage\"},\"image\":{\"@id\":\"http:\\\/\\\/www.galerijamaticesrpske.rs\\\/lat\\\/vesti-gms\\\/inspirisani-francuskom-mesec-frankofonije-u-gms\\\/#primaryimage\"},\"thumbnailUrl\":\"https:\\\/\\\/www.galerijamaticesrpske.rs\\\/wp-content\\\/uploads\\\/2021\\\/02\\\/slajder_mesec-frankofonije_1920.jpg\",\"datePublished\":\"2021-03-02T13:41:47+00:00\",\"dateModified\":\"2021-03-02T15:18:33+00:00\",\"breadcrumb\":{\"@id\":\"http:\\\/\\\/www.galerijamaticesrpske.rs\\\/lat\\\/vesti-gms\\\/inspirisani-francuskom-mesec-frankofonije-u-gms\\\/#breadcrumb\"},\"inLanguage\":\"sr-LAT\",\"potentialAction\":[{\"@type\":\"ReadAction\",\"target\":[\"http:\\\/\\\/www.galerijamaticesrpske.rs\\\/lat\\\/vesti-gms\\\/inspirisani-francuskom-mesec-frankofonije-u-gms\\\/\"]}]},{\"@type\":\"ImageObject\",\"inLanguage\":\"sr-LAT\",\"@id\":\"http:\\\/\\\/www.galerijamaticesrpske.rs\\\/lat\\\/vesti-gms\\\/inspirisani-francuskom-mesec-frankofonije-u-gms\\\/#primaryimage\",\"url\":\"https:\\\/\\\/www.galerijamaticesrpske.rs\\\/wp-content\\\/uploads\\\/2021\\\/02\\\/slajder_mesec-frankofonije_1920.jpg\",\"contentUrl\":\"https:\\\/\\\/www.galerijamaticesrpske.rs\\\/wp-content\\\/uploads\\\/2021\\\/02\\\/slajder_mesec-frankofonije_1920.jpg\",\"width\":1920,\"height\":800},{\"@type\":\"BreadcrumbList\",\"@id\":\"http:\\\/\\\/www.galerijamaticesrpske.rs\\\/lat\\\/vesti-gms\\\/inspirisani-francuskom-mesec-frankofonije-u-gms\\\/#breadcrumb\",\"itemListElement\":[{\"@type\":\"ListItem\",\"position\":1,\"name\":\"\u041f\u043e\u0447\u0435\u0442\u043d\u0430\",\"item\":\"http:\\\/\\\/www.galerijamaticesrpske.rs\\\/lat\\\/\"},{\"@type\":\"ListItem\",\"position\":2,\"name\":\"Inspirisani francuskom Mesec Frankofonije u Galeriji Matice srpske\"}]},{\"@type\":\"WebSite\",\"@id\":\"https:\\\/\\\/www.galerijamaticesrpske.rs\\\/#website\",\"url\":\"https:\\\/\\\/www.galerijamaticesrpske.rs\\\/\",\"name\":\"Galerija Matice srpske\",\"description\":\"Muzej srpske nacionalne umetnosti u Novom Sadu\",\"publisher\":{\"@id\":\"https:\\\/\\\/www.galerijamaticesrpske.rs\\\/#organization\"},\"potentialAction\":[{\"@type\":\"SearchAction\",\"target\":{\"@type\":\"EntryPoint\",\"urlTemplate\":\"https:\\\/\\\/www.galerijamaticesrpske.rs\\\/?s={search_term_string}\"},\"query-input\":{\"@type\":\"PropertyValueSpecification\",\"valueRequired\":true,\"valueName\":\"search_term_string\"}}],\"inLanguage\":\"sr-LAT\"},{\"@type\":\"Organization\",\"@id\":\"https:\\\/\\\/www.galerijamaticesrpske.rs\\\/#organization\",\"name\":\"Galerija Matice srpske\",\"url\":\"https:\\\/\\\/www.galerijamaticesrpske.rs\\\/\",\"logo\":{\"@type\":\"ImageObject\",\"inLanguage\":\"sr-LAT\",\"@id\":\"https:\\\/\\\/www.galerijamaticesrpske.rs\\\/#\\\/schema\\\/logo\\\/image\\\/\",\"url\":\"https:\\\/\\\/www.galerijamaticesrpske.rs\\\/wp-content\\\/uploads\\\/2021\\\/01\\\/gms-logo-za-sajt.svg\",\"contentUrl\":\"https:\\\/\\\/www.galerijamaticesrpske.rs\\\/wp-content\\\/uploads\\\/2021\\\/01\\\/gms-logo-za-sajt.svg\",\"width\":1,\"height\":1,\"caption\":\"Galerija Matice srpske\"},\"image\":{\"@id\":\"https:\\\/\\\/www.galerijamaticesrpske.rs\\\/#\\\/schema\\\/logo\\\/image\\\/\"}},{\"@type\":\"Person\",\"@id\":\"https:\\\/\\\/www.galerijamaticesrpske.rs\\\/#\\\/schema\\\/person\\\/b3a5440eb4e1460995926ada1fe50f30\",\"name\":\"Dragana Web\",\"image\":{\"@type\":\"ImageObject\",\"inLanguage\":\"sr-LAT\",\"@id\":\"https:\\\/\\\/secure.gravatar.com\\\/avatar\\\/c91dc399e4ee6d8cd440fa180a43b65d0e3f00eb1097af7e60b4e8350b44cbdd?s=96&d=mm&r=g\",\"url\":\"https:\\\/\\\/secure.gravatar.com\\\/avatar\\\/c91dc399e4ee6d8cd440fa180a43b65d0e3f00eb1097af7e60b4e8350b44cbdd?s=96&d=mm&r=g\",\"contentUrl\":\"https:\\\/\\\/secure.gravatar.com\\\/avatar\\\/c91dc399e4ee6d8cd440fa180a43b65d0e3f00eb1097af7e60b4e8350b44cbdd?s=96&d=mm&r=g\",\"caption\":\"Dragana Web\"},\"sameAs\":[\"http:\\\/\\\/www.galerijamaticesrpske.rs\\\/staging\"]}]}<\/script>\n<!-- \/ Yoast SEO plugin. -->","yoast_head_json":{"title":"Inspirisani francuskom Mesec Frankofonije u Galeriji Matice srpske | Galerija Matice srpske","robots":{"index":"index","follow":"follow","max-snippet":"max-snippet:-1","max-image-preview":"max-image-preview:large","max-video-preview":"max-video-preview:-1"},"canonical":"http:\/\/www.galerijamaticesrpske.rs\/lat\/vesti-gms\/inspirisani-francuskom-mesec-frankofonije-u-gms\/","og_locale":"en_US","og_type":"article","og_title":"Inspirisani francuskom Mesec Frankofonije u Galeriji Matice srpske | Galerija Matice srpske","og_description":"Otvaranje: 5. mart 2021.Traje do: 27. mart 2021.Mesto: Galerija Matice srpske Namenjeno: svim uzrastima Programom&nbsp;Inspirisani Francuskom&nbsp;\u017eelimo da uka\u017eemo na vi\u0161edecenijske neraskidive veze francuske i srpske kulture i umetnosti. Kroz predavanja, koncert, stru\u010dna vo\u0111enja, edukativni program i kreativne radionice za decu upoznajemo se sa dru\u0161tveno-umetni\u010dkim prilikama u Francuskoj krajem XIX i na po\u010detku XX veka, sa","og_url":"http:\/\/www.galerijamaticesrpske.rs\/lat\/vesti-gms\/inspirisani-francuskom-mesec-frankofonije-u-gms\/","og_site_name":"Galerija Matice srpske","article_published_time":"2021-03-02T13:41:47+00:00","article_modified_time":"2021-03-02T15:18:33+00:00","og_image":[{"width":1920,"height":800,"url":"http:\/\/www.galerijamaticesrpske.rs\/wp-content\/uploads\/2021\/02\/slajder_mesec-frankofonije_1920.jpg","type":"image\/jpeg"}],"author":"Dragana Web","twitter_card":"summary_large_image","twitter_misc":{"Written by":"Dragana Web","Est. reading time":"2 minutes"},"schema":{"@context":"https:\/\/schema.org","@graph":[{"@type":"Article","@id":"http:\/\/www.galerijamaticesrpske.rs\/lat\/vesti-gms\/inspirisani-francuskom-mesec-frankofonije-u-gms\/#article","isPartOf":{"@id":"http:\/\/www.galerijamaticesrpske.rs\/lat\/vesti-gms\/inspirisani-francuskom-mesec-frankofonije-u-gms\/"},"author":{"name":"Dragana Web","@id":"https:\/\/www.galerijamaticesrpske.rs\/#\/schema\/person\/b3a5440eb4e1460995926ada1fe50f30"},"headline":"Inspirisani francuskom Mesec Frankofonije u Galeriji Matice srpske","datePublished":"2021-03-02T13:41:47+00:00","dateModified":"2021-03-02T15:18:33+00:00","mainEntityOfPage":{"@id":"http:\/\/www.galerijamaticesrpske.rs\/lat\/vesti-gms\/inspirisani-francuskom-mesec-frankofonije-u-gms\/"},"wordCount":429,"publisher":{"@id":"https:\/\/www.galerijamaticesrpske.rs\/#organization"},"image":{"@id":"http:\/\/www.galerijamaticesrpske.rs\/lat\/vesti-gms\/inspirisani-francuskom-mesec-frankofonije-u-gms\/#primaryimage"},"thumbnailUrl":"https:\/\/www.galerijamaticesrpske.rs\/wp-content\/uploads\/2021\/02\/slajder_mesec-frankofonije_1920.jpg","articleSection":["Vesti"],"inLanguage":"sr-LAT"},{"@type":"WebPage","@id":"http:\/\/www.galerijamaticesrpske.rs\/lat\/vesti-gms\/inspirisani-francuskom-mesec-frankofonije-u-gms\/","url":"http:\/\/www.galerijamaticesrpske.rs\/lat\/vesti-gms\/inspirisani-francuskom-mesec-frankofonije-u-gms\/","name":"Inspirisani francuskom Mesec Frankofonije u Galeriji Matice srpske | Galerija Matice srpske","isPartOf":{"@id":"https:\/\/www.galerijamaticesrpske.rs\/#website"},"primaryImageOfPage":{"@id":"http:\/\/www.galerijamaticesrpske.rs\/lat\/vesti-gms\/inspirisani-francuskom-mesec-frankofonije-u-gms\/#primaryimage"},"image":{"@id":"http:\/\/www.galerijamaticesrpske.rs\/lat\/vesti-gms\/inspirisani-francuskom-mesec-frankofonije-u-gms\/#primaryimage"},"thumbnailUrl":"https:\/\/www.galerijamaticesrpske.rs\/wp-content\/uploads\/2021\/02\/slajder_mesec-frankofonije_1920.jpg","datePublished":"2021-03-02T13:41:47+00:00","dateModified":"2021-03-02T15:18:33+00:00","breadcrumb":{"@id":"http:\/\/www.galerijamaticesrpske.rs\/lat\/vesti-gms\/inspirisani-francuskom-mesec-frankofonije-u-gms\/#breadcrumb"},"inLanguage":"sr-LAT","potentialAction":[{"@type":"ReadAction","target":["http:\/\/www.galerijamaticesrpske.rs\/lat\/vesti-gms\/inspirisani-francuskom-mesec-frankofonije-u-gms\/"]}]},{"@type":"ImageObject","inLanguage":"sr-LAT","@id":"http:\/\/www.galerijamaticesrpske.rs\/lat\/vesti-gms\/inspirisani-francuskom-mesec-frankofonije-u-gms\/#primaryimage","url":"https:\/\/www.galerijamaticesrpske.rs\/wp-content\/uploads\/2021\/02\/slajder_mesec-frankofonije_1920.jpg","contentUrl":"https:\/\/www.galerijamaticesrpske.rs\/wp-content\/uploads\/2021\/02\/slajder_mesec-frankofonije_1920.jpg","width":1920,"height":800},{"@type":"BreadcrumbList","@id":"http:\/\/www.galerijamaticesrpske.rs\/lat\/vesti-gms\/inspirisani-francuskom-mesec-frankofonije-u-gms\/#breadcrumb","itemListElement":[{"@type":"ListItem","position":1,"name":"\u041f\u043e\u0447\u0435\u0442\u043d\u0430","item":"http:\/\/www.galerijamaticesrpske.rs\/lat\/"},{"@type":"ListItem","position":2,"name":"Inspirisani francuskom Mesec Frankofonije u Galeriji Matice srpske"}]},{"@type":"WebSite","@id":"https:\/\/www.galerijamaticesrpske.rs\/#website","url":"https:\/\/www.galerijamaticesrpske.rs\/","name":"Galerija Matice srpske","description":"Muzej srpske nacionalne umetnosti u Novom Sadu","publisher":{"@id":"https:\/\/www.galerijamaticesrpske.rs\/#organization"},"potentialAction":[{"@type":"SearchAction","target":{"@type":"EntryPoint","urlTemplate":"https:\/\/www.galerijamaticesrpske.rs\/?s={search_term_string}"},"query-input":{"@type":"PropertyValueSpecification","valueRequired":true,"valueName":"search_term_string"}}],"inLanguage":"sr-LAT"},{"@type":"Organization","@id":"https:\/\/www.galerijamaticesrpske.rs\/#organization","name":"Galerija Matice srpske","url":"https:\/\/www.galerijamaticesrpske.rs\/","logo":{"@type":"ImageObject","inLanguage":"sr-LAT","@id":"https:\/\/www.galerijamaticesrpske.rs\/#\/schema\/logo\/image\/","url":"https:\/\/www.galerijamaticesrpske.rs\/wp-content\/uploads\/2021\/01\/gms-logo-za-sajt.svg","contentUrl":"https:\/\/www.galerijamaticesrpske.rs\/wp-content\/uploads\/2021\/01\/gms-logo-za-sajt.svg","width":1,"height":1,"caption":"Galerija Matice srpske"},"image":{"@id":"https:\/\/www.galerijamaticesrpske.rs\/#\/schema\/logo\/image\/"}},{"@type":"Person","@id":"https:\/\/www.galerijamaticesrpske.rs\/#\/schema\/person\/b3a5440eb4e1460995926ada1fe50f30","name":"Dragana Web","image":{"@type":"ImageObject","inLanguage":"sr-LAT","@id":"https:\/\/secure.gravatar.com\/avatar\/c91dc399e4ee6d8cd440fa180a43b65d0e3f00eb1097af7e60b4e8350b44cbdd?s=96&d=mm&r=g","url":"https:\/\/secure.gravatar.com\/avatar\/c91dc399e4ee6d8cd440fa180a43b65d0e3f00eb1097af7e60b4e8350b44cbdd?s=96&d=mm&r=g","contentUrl":"https:\/\/secure.gravatar.com\/avatar\/c91dc399e4ee6d8cd440fa180a43b65d0e3f00eb1097af7e60b4e8350b44cbdd?s=96&d=mm&r=g","caption":"Dragana Web"},"sameAs":["http:\/\/www.galerijamaticesrpske.rs\/staging"]}]}},"_links":{"self":[{"href":"https:\/\/www.galerijamaticesrpske.rs\/lat\/wp-json\/wp\/v2\/posts\/3237","targetHints":{"allow":["GET"]}}],"collection":[{"href":"https:\/\/www.galerijamaticesrpske.rs\/lat\/wp-json\/wp\/v2\/posts"}],"about":[{"href":"https:\/\/www.galerijamaticesrpske.rs\/lat\/wp-json\/wp\/v2\/types\/post"}],"author":[{"embeddable":true,"href":"https:\/\/www.galerijamaticesrpske.rs\/lat\/wp-json\/wp\/v2\/users\/1"}],"replies":[{"embeddable":true,"href":"https:\/\/www.galerijamaticesrpske.rs\/lat\/wp-json\/wp\/v2\/comments?post=3237"}],"version-history":[{"count":1,"href":"https:\/\/www.galerijamaticesrpske.rs\/lat\/wp-json\/wp\/v2\/posts\/3237\/revisions"}],"predecessor-version":[{"id":3238,"href":"https:\/\/www.galerijamaticesrpske.rs\/lat\/wp-json\/wp\/v2\/posts\/3237\/revisions\/3238"}],"wp:featuredmedia":[{"embeddable":true,"href":"https:\/\/www.galerijamaticesrpske.rs\/lat\/wp-json\/wp\/v2\/media\/3170"}],"wp:attachment":[{"href":"https:\/\/www.galerijamaticesrpske.rs\/lat\/wp-json\/wp\/v2\/media?parent=3237"}],"wp:term":[{"taxonomy":"category","embeddable":true,"href":"https:\/\/www.galerijamaticesrpske.rs\/lat\/wp-json\/wp\/v2\/categories?post=3237"},{"taxonomy":"post_tag","embeddable":true,"href":"https:\/\/www.galerijamaticesrpske.rs\/lat\/wp-json\/wp\/v2\/tags?post=3237"}],"curies":[{"name":"wp","href":"https:\/\/api.w.org\/{rel}","templated":true}]}}