{"id":4059,"date":"2021-03-31T06:21:56","date_gmt":"2021-03-31T06:21:56","guid":{"rendered":"https:\/\/www.galerijamaticesrpske.rs\/vesti-gms\/produzenje-adaptacije-dela-enterijera\/"},"modified":"2021-04-01T11:25:34","modified_gmt":"2021-04-01T11:25:34","slug":"produzenje-adaptacije-dela-enterijera","status":"publish","type":"post","link":"https:\/\/www.galerijamaticesrpske.rs\/lat\/vesti-gms\/produzenje-adaptacije-dela-enterijera\/","title":{"rendered":"Adaptacija dela enterijera Galerije Matice srpske"},"content":{"rendered":"\n<p>U Galeriji Matice srpske trenutno se radi adaptacija dela enterijera. Kako radovi ne bi remetili u\u017eivanje u umetni\u010dkim delima i prostoru Galerije, bi\u0107emo zatvoreni za publiku do 6. aprila.<\/p>\n\n\n\n<p>Me\u0111utim, ne\u0107emo vam uskratiti priliku da u\u017eivate u doga\u0111ajima koje smo za vas pripremili za vikend. <\/p>\n\n\n\n<p>U petak, 2. aprila u 19.00 sati izlo\u017eba <a href=\"https:\/\/www.galerijamaticesrpske.rs\/lat\/events\/matrica-monologija-danila-vuksanovica\/\" data-type=\"mec-events\" data-id=\"3163\">Matrica. Monologija Danila Vuksanovi\u0107a<\/a> bi\u0107e sve\u010dano zatvorena predstavljanjem kataloga i poslednjim autorskim tuma\u010denjem, dok \u0107e u subotu 3. aprila u 11.00 sati kreativna radionica za decu\u00a0<em><a href=\"https:\/\/www.galerijamaticesrpske.rs\/lat\/events\/u-centru-grada-gde-priroda-vlada\/\" data-type=\"mec-events\" data-id=\"4079\">U centru grada, gde priroda vlada<\/a><\/em>\u00a0biti odr\u017eana u Dunavskom parku, u prisustvu roditelja.<\/p>\n\n\n\n<p>Vi\u0161e o programu GMS pogledajte na stranici&nbsp;<a href=\"https:\/\/www.galerijamaticesrpske.rs\/lat\/pretraga-dogadjaja\/\">Pretraga doga\u0111aja<\/a>.<\/p>\n","protected":false},"excerpt":{"rendered":"<p>U Galeriji Matice srpske trenutno se radi adaptacija dela enterijera. Kako radovi ne bi remetili u\u017eivanje u umetni\u010dkim delima i prostoru Galerije, bi\u0107emo zatvoreni za publiku do 6. aprila. Me\u0111utim, ne\u0107emo vam uskratiti priliku da u\u017eivate u doga\u0111ajima koje smo za vas pripremili za vikend. U petak, 2. aprila u 19.00 sati izlo\u017eba Matrica. Monologija<\/p>\n","protected":false},"author":1,"featured_media":3966,"comment_status":"closed","ping_status":"closed","sticky":false,"template":"","format":"standard","meta":{"_acf_changed":false,"footnotes":""},"categories":[92],"tags":[],"class_list":["post-4059","post","type-post","status-publish","format-standard","has-post-thumbnail","hentry","category-vesti-gms"],"acf":[],"yoast_head":"<!-- This site is optimized with the Yoast SEO plugin v27.3 - https:\/\/yoast.com\/product\/yoast-seo-wordpress\/ -->\n<title>Adaptacija dela enterijera Galerije Matice srpske | Galerija Matice srpske<\/title>\n<meta name=\"robots\" content=\"index, follow, max-snippet:-1, max-image-preview:large, max-video-preview:-1\" \/>\n<link rel=\"canonical\" href=\"http:\/\/www.galerijamaticesrpske.rs\/lat\/vesti-gms\/produzenje-adaptacije-dela-enterijera\/\" \/>\n<meta property=\"og:locale\" content=\"en_US\" \/>\n<meta property=\"og:type\" content=\"article\" \/>\n<meta property=\"og:title\" content=\"Adaptacija dela enterijera Galerije Matice srpske | Galerija Matice srpske\" \/>\n<meta property=\"og:description\" content=\"U Galeriji Matice srpske trenutno se radi adaptacija dela enterijera. Kako radovi ne bi remetili u\u017eivanje u umetni\u010dkim delima i prostoru Galerije, bi\u0107emo zatvoreni za publiku do 6. aprila. Me\u0111utim, ne\u0107emo vam uskratiti priliku da u\u017eivate u doga\u0111ajima koje smo za vas pripremili za vikend. U petak, 2. aprila u 19.00 sati izlo\u017eba Matrica. Monologija\" \/>\n<meta property=\"og:url\" content=\"http:\/\/www.galerijamaticesrpske.rs\/lat\/vesti-gms\/produzenje-adaptacije-dela-enterijera\/\" \/>\n<meta property=\"og:site_name\" content=\"Galerija Matice srpske\" \/>\n<meta property=\"article:published_time\" content=\"2021-03-31T06:21:56+00:00\" \/>\n<meta property=\"article:modified_time\" content=\"2021-04-01T11:25:34+00:00\" \/>\n<meta property=\"og:image\" content=\"http:\/\/www.galerijamaticesrpske.rs\/wp-content\/uploads\/2021\/02\/teme-i-ideje-2.jpg\" \/>\n\t<meta property=\"og:image:width\" content=\"1600\" \/>\n\t<meta property=\"og:image:height\" content=\"1067\" \/>\n\t<meta property=\"og:image:type\" content=\"image\/jpeg\" \/>\n<meta name=\"author\" content=\"Dragana Web\" \/>\n<meta name=\"twitter:card\" content=\"summary_large_image\" \/>\n<meta name=\"twitter:label1\" content=\"Written by\" \/>\n\t<meta name=\"twitter:data1\" content=\"Dragana Web\" \/>\n\t<meta name=\"twitter:label2\" content=\"Est. reading time\" \/>\n\t<meta name=\"twitter:data2\" content=\"1 minute\" \/>\n<script type=\"application\/ld+json\" class=\"yoast-schema-graph\">{\"@context\":\"https:\\\/\\\/schema.org\",\"@graph\":[{\"@type\":\"Article\",\"@id\":\"http:\\\/\\\/www.galerijamaticesrpske.rs\\\/lat\\\/vesti-gms\\\/produzenje-adaptacije-dela-enterijera\\\/#article\",\"isPartOf\":{\"@id\":\"http:\\\/\\\/www.galerijamaticesrpske.rs\\\/lat\\\/vesti-gms\\\/produzenje-adaptacije-dela-enterijera\\\/\"},\"author\":{\"name\":\"Dragana Web\",\"@id\":\"https:\\\/\\\/www.galerijamaticesrpske.rs\\\/#\\\/schema\\\/person\\\/b3a5440eb4e1460995926ada1fe50f30\"},\"headline\":\"Adaptacija dela enterijera Galerije Matice srpske\",\"datePublished\":\"2021-03-31T06:21:56+00:00\",\"dateModified\":\"2021-04-01T11:25:34+00:00\",\"mainEntityOfPage\":{\"@id\":\"http:\\\/\\\/www.galerijamaticesrpske.rs\\\/lat\\\/vesti-gms\\\/produzenje-adaptacije-dela-enterijera\\\/\"},\"wordCount\":119,\"publisher\":{\"@id\":\"https:\\\/\\\/www.galerijamaticesrpske.rs\\\/#organization\"},\"image\":{\"@id\":\"http:\\\/\\\/www.galerijamaticesrpske.rs\\\/lat\\\/vesti-gms\\\/produzenje-adaptacije-dela-enterijera\\\/#primaryimage\"},\"thumbnailUrl\":\"https:\\\/\\\/www.galerijamaticesrpske.rs\\\/wp-content\\\/uploads\\\/2021\\\/02\\\/teme-i-ideje-2.jpg\",\"articleSection\":[\"Vesti\"],\"inLanguage\":\"sr-LAT\"},{\"@type\":\"WebPage\",\"@id\":\"http:\\\/\\\/www.galerijamaticesrpske.rs\\\/lat\\\/vesti-gms\\\/produzenje-adaptacije-dela-enterijera\\\/\",\"url\":\"http:\\\/\\\/www.galerijamaticesrpske.rs\\\/lat\\\/vesti-gms\\\/produzenje-adaptacije-dela-enterijera\\\/\",\"name\":\"Adaptacija dela enterijera Galerije Matice srpske | Galerija Matice srpske\",\"isPartOf\":{\"@id\":\"https:\\\/\\\/www.galerijamaticesrpske.rs\\\/#website\"},\"primaryImageOfPage\":{\"@id\":\"http:\\\/\\\/www.galerijamaticesrpske.rs\\\/lat\\\/vesti-gms\\\/produzenje-adaptacije-dela-enterijera\\\/#primaryimage\"},\"image\":{\"@id\":\"http:\\\/\\\/www.galerijamaticesrpske.rs\\\/lat\\\/vesti-gms\\\/produzenje-adaptacije-dela-enterijera\\\/#primaryimage\"},\"thumbnailUrl\":\"https:\\\/\\\/www.galerijamaticesrpske.rs\\\/wp-content\\\/uploads\\\/2021\\\/02\\\/teme-i-ideje-2.jpg\",\"datePublished\":\"2021-03-31T06:21:56+00:00\",\"dateModified\":\"2021-04-01T11:25:34+00:00\",\"breadcrumb\":{\"@id\":\"http:\\\/\\\/www.galerijamaticesrpske.rs\\\/lat\\\/vesti-gms\\\/produzenje-adaptacije-dela-enterijera\\\/#breadcrumb\"},\"inLanguage\":\"sr-LAT\",\"potentialAction\":[{\"@type\":\"ReadAction\",\"target\":[\"http:\\\/\\\/www.galerijamaticesrpske.rs\\\/lat\\\/vesti-gms\\\/produzenje-adaptacije-dela-enterijera\\\/\"]}]},{\"@type\":\"ImageObject\",\"inLanguage\":\"sr-LAT\",\"@id\":\"http:\\\/\\\/www.galerijamaticesrpske.rs\\\/lat\\\/vesti-gms\\\/produzenje-adaptacije-dela-enterijera\\\/#primaryimage\",\"url\":\"https:\\\/\\\/www.galerijamaticesrpske.rs\\\/wp-content\\\/uploads\\\/2021\\\/02\\\/teme-i-ideje-2.jpg\",\"contentUrl\":\"https:\\\/\\\/www.galerijamaticesrpske.rs\\\/wp-content\\\/uploads\\\/2021\\\/02\\\/teme-i-ideje-2.jpg\",\"width\":1600,\"height\":1067,\"caption\":\"\u0422\u0435\u043c\u0435 \u0438 \u0438\u0434\u0435\u0458\u0435\"},{\"@type\":\"BreadcrumbList\",\"@id\":\"http:\\\/\\\/www.galerijamaticesrpske.rs\\\/lat\\\/vesti-gms\\\/produzenje-adaptacije-dela-enterijera\\\/#breadcrumb\",\"itemListElement\":[{\"@type\":\"ListItem\",\"position\":1,\"name\":\"\u041f\u043e\u0447\u0435\u0442\u043d\u0430\",\"item\":\"http:\\\/\\\/www.galerijamaticesrpske.rs\\\/lat\\\/\"},{\"@type\":\"ListItem\",\"position\":2,\"name\":\"Adaptacija dela enterijera Galerije Matice srpske\"}]},{\"@type\":\"WebSite\",\"@id\":\"https:\\\/\\\/www.galerijamaticesrpske.rs\\\/#website\",\"url\":\"https:\\\/\\\/www.galerijamaticesrpske.rs\\\/\",\"name\":\"Galerija Matice srpske\",\"description\":\"Muzej srpske nacionalne umetnosti u Novom Sadu\",\"publisher\":{\"@id\":\"https:\\\/\\\/www.galerijamaticesrpske.rs\\\/#organization\"},\"potentialAction\":[{\"@type\":\"SearchAction\",\"target\":{\"@type\":\"EntryPoint\",\"urlTemplate\":\"https:\\\/\\\/www.galerijamaticesrpske.rs\\\/?s={search_term_string}\"},\"query-input\":{\"@type\":\"PropertyValueSpecification\",\"valueRequired\":true,\"valueName\":\"search_term_string\"}}],\"inLanguage\":\"sr-LAT\"},{\"@type\":\"Organization\",\"@id\":\"https:\\\/\\\/www.galerijamaticesrpske.rs\\\/#organization\",\"name\":\"Galerija Matice srpske\",\"url\":\"https:\\\/\\\/www.galerijamaticesrpske.rs\\\/\",\"logo\":{\"@type\":\"ImageObject\",\"inLanguage\":\"sr-LAT\",\"@id\":\"https:\\\/\\\/www.galerijamaticesrpske.rs\\\/#\\\/schema\\\/logo\\\/image\\\/\",\"url\":\"https:\\\/\\\/www.galerijamaticesrpske.rs\\\/wp-content\\\/uploads\\\/2021\\\/01\\\/gms-logo-za-sajt.svg\",\"contentUrl\":\"https:\\\/\\\/www.galerijamaticesrpske.rs\\\/wp-content\\\/uploads\\\/2021\\\/01\\\/gms-logo-za-sajt.svg\",\"width\":1,\"height\":1,\"caption\":\"Galerija Matice srpske\"},\"image\":{\"@id\":\"https:\\\/\\\/www.galerijamaticesrpske.rs\\\/#\\\/schema\\\/logo\\\/image\\\/\"}},{\"@type\":\"Person\",\"@id\":\"https:\\\/\\\/www.galerijamaticesrpske.rs\\\/#\\\/schema\\\/person\\\/b3a5440eb4e1460995926ada1fe50f30\",\"name\":\"Dragana Web\",\"image\":{\"@type\":\"ImageObject\",\"inLanguage\":\"sr-LAT\",\"@id\":\"https:\\\/\\\/secure.gravatar.com\\\/avatar\\\/c91dc399e4ee6d8cd440fa180a43b65d0e3f00eb1097af7e60b4e8350b44cbdd?s=96&d=mm&r=g\",\"url\":\"https:\\\/\\\/secure.gravatar.com\\\/avatar\\\/c91dc399e4ee6d8cd440fa180a43b65d0e3f00eb1097af7e60b4e8350b44cbdd?s=96&d=mm&r=g\",\"contentUrl\":\"https:\\\/\\\/secure.gravatar.com\\\/avatar\\\/c91dc399e4ee6d8cd440fa180a43b65d0e3f00eb1097af7e60b4e8350b44cbdd?s=96&d=mm&r=g\",\"caption\":\"Dragana Web\"},\"sameAs\":[\"http:\\\/\\\/www.galerijamaticesrpske.rs\\\/staging\"]}]}<\/script>\n<!-- \/ Yoast SEO plugin. -->","yoast_head_json":{"title":"Adaptacija dela enterijera Galerije Matice srpske | Galerija Matice srpske","robots":{"index":"index","follow":"follow","max-snippet":"max-snippet:-1","max-image-preview":"max-image-preview:large","max-video-preview":"max-video-preview:-1"},"canonical":"http:\/\/www.galerijamaticesrpske.rs\/lat\/vesti-gms\/produzenje-adaptacije-dela-enterijera\/","og_locale":"en_US","og_type":"article","og_title":"Adaptacija dela enterijera Galerije Matice srpske | Galerija Matice srpske","og_description":"U Galeriji Matice srpske trenutno se radi adaptacija dela enterijera. Kako radovi ne bi remetili u\u017eivanje u umetni\u010dkim delima i prostoru Galerije, bi\u0107emo zatvoreni za publiku do 6. aprila. Me\u0111utim, ne\u0107emo vam uskratiti priliku da u\u017eivate u doga\u0111ajima koje smo za vas pripremili za vikend. U petak, 2. aprila u 19.00 sati izlo\u017eba Matrica. Monologija","og_url":"http:\/\/www.galerijamaticesrpske.rs\/lat\/vesti-gms\/produzenje-adaptacije-dela-enterijera\/","og_site_name":"Galerija Matice srpske","article_published_time":"2021-03-31T06:21:56+00:00","article_modified_time":"2021-04-01T11:25:34+00:00","og_image":[{"width":1600,"height":1067,"url":"http:\/\/www.galerijamaticesrpske.rs\/wp-content\/uploads\/2021\/02\/teme-i-ideje-2.jpg","type":"image\/jpeg"}],"author":"Dragana Web","twitter_card":"summary_large_image","twitter_misc":{"Written by":"Dragana Web","Est. reading time":"1 minute"},"schema":{"@context":"https:\/\/schema.org","@graph":[{"@type":"Article","@id":"http:\/\/www.galerijamaticesrpske.rs\/lat\/vesti-gms\/produzenje-adaptacije-dela-enterijera\/#article","isPartOf":{"@id":"http:\/\/www.galerijamaticesrpske.rs\/lat\/vesti-gms\/produzenje-adaptacije-dela-enterijera\/"},"author":{"name":"Dragana Web","@id":"https:\/\/www.galerijamaticesrpske.rs\/#\/schema\/person\/b3a5440eb4e1460995926ada1fe50f30"},"headline":"Adaptacija dela enterijera Galerije Matice srpske","datePublished":"2021-03-31T06:21:56+00:00","dateModified":"2021-04-01T11:25:34+00:00","mainEntityOfPage":{"@id":"http:\/\/www.galerijamaticesrpske.rs\/lat\/vesti-gms\/produzenje-adaptacije-dela-enterijera\/"},"wordCount":119,"publisher":{"@id":"https:\/\/www.galerijamaticesrpske.rs\/#organization"},"image":{"@id":"http:\/\/www.galerijamaticesrpske.rs\/lat\/vesti-gms\/produzenje-adaptacije-dela-enterijera\/#primaryimage"},"thumbnailUrl":"https:\/\/www.galerijamaticesrpske.rs\/wp-content\/uploads\/2021\/02\/teme-i-ideje-2.jpg","articleSection":["Vesti"],"inLanguage":"sr-LAT"},{"@type":"WebPage","@id":"http:\/\/www.galerijamaticesrpske.rs\/lat\/vesti-gms\/produzenje-adaptacije-dela-enterijera\/","url":"http:\/\/www.galerijamaticesrpske.rs\/lat\/vesti-gms\/produzenje-adaptacije-dela-enterijera\/","name":"Adaptacija dela enterijera Galerije Matice srpske | Galerija Matice srpske","isPartOf":{"@id":"https:\/\/www.galerijamaticesrpske.rs\/#website"},"primaryImageOfPage":{"@id":"http:\/\/www.galerijamaticesrpske.rs\/lat\/vesti-gms\/produzenje-adaptacije-dela-enterijera\/#primaryimage"},"image":{"@id":"http:\/\/www.galerijamaticesrpske.rs\/lat\/vesti-gms\/produzenje-adaptacije-dela-enterijera\/#primaryimage"},"thumbnailUrl":"https:\/\/www.galerijamaticesrpske.rs\/wp-content\/uploads\/2021\/02\/teme-i-ideje-2.jpg","datePublished":"2021-03-31T06:21:56+00:00","dateModified":"2021-04-01T11:25:34+00:00","breadcrumb":{"@id":"http:\/\/www.galerijamaticesrpske.rs\/lat\/vesti-gms\/produzenje-adaptacije-dela-enterijera\/#breadcrumb"},"inLanguage":"sr-LAT","potentialAction":[{"@type":"ReadAction","target":["http:\/\/www.galerijamaticesrpske.rs\/lat\/vesti-gms\/produzenje-adaptacije-dela-enterijera\/"]}]},{"@type":"ImageObject","inLanguage":"sr-LAT","@id":"http:\/\/www.galerijamaticesrpske.rs\/lat\/vesti-gms\/produzenje-adaptacije-dela-enterijera\/#primaryimage","url":"https:\/\/www.galerijamaticesrpske.rs\/wp-content\/uploads\/2021\/02\/teme-i-ideje-2.jpg","contentUrl":"https:\/\/www.galerijamaticesrpske.rs\/wp-content\/uploads\/2021\/02\/teme-i-ideje-2.jpg","width":1600,"height":1067,"caption":"\u0422\u0435\u043c\u0435 \u0438 \u0438\u0434\u0435\u0458\u0435"},{"@type":"BreadcrumbList","@id":"http:\/\/www.galerijamaticesrpske.rs\/lat\/vesti-gms\/produzenje-adaptacije-dela-enterijera\/#breadcrumb","itemListElement":[{"@type":"ListItem","position":1,"name":"\u041f\u043e\u0447\u0435\u0442\u043d\u0430","item":"http:\/\/www.galerijamaticesrpske.rs\/lat\/"},{"@type":"ListItem","position":2,"name":"Adaptacija dela enterijera Galerije Matice srpske"}]},{"@type":"WebSite","@id":"https:\/\/www.galerijamaticesrpske.rs\/#website","url":"https:\/\/www.galerijamaticesrpske.rs\/","name":"Galerija Matice srpske","description":"Muzej srpske nacionalne umetnosti u Novom Sadu","publisher":{"@id":"https:\/\/www.galerijamaticesrpske.rs\/#organization"},"potentialAction":[{"@type":"SearchAction","target":{"@type":"EntryPoint","urlTemplate":"https:\/\/www.galerijamaticesrpske.rs\/?s={search_term_string}"},"query-input":{"@type":"PropertyValueSpecification","valueRequired":true,"valueName":"search_term_string"}}],"inLanguage":"sr-LAT"},{"@type":"Organization","@id":"https:\/\/www.galerijamaticesrpske.rs\/#organization","name":"Galerija Matice srpske","url":"https:\/\/www.galerijamaticesrpske.rs\/","logo":{"@type":"ImageObject","inLanguage":"sr-LAT","@id":"https:\/\/www.galerijamaticesrpske.rs\/#\/schema\/logo\/image\/","url":"https:\/\/www.galerijamaticesrpske.rs\/wp-content\/uploads\/2021\/01\/gms-logo-za-sajt.svg","contentUrl":"https:\/\/www.galerijamaticesrpske.rs\/wp-content\/uploads\/2021\/01\/gms-logo-za-sajt.svg","width":1,"height":1,"caption":"Galerija Matice srpske"},"image":{"@id":"https:\/\/www.galerijamaticesrpske.rs\/#\/schema\/logo\/image\/"}},{"@type":"Person","@id":"https:\/\/www.galerijamaticesrpske.rs\/#\/schema\/person\/b3a5440eb4e1460995926ada1fe50f30","name":"Dragana Web","image":{"@type":"ImageObject","inLanguage":"sr-LAT","@id":"https:\/\/secure.gravatar.com\/avatar\/c91dc399e4ee6d8cd440fa180a43b65d0e3f00eb1097af7e60b4e8350b44cbdd?s=96&d=mm&r=g","url":"https:\/\/secure.gravatar.com\/avatar\/c91dc399e4ee6d8cd440fa180a43b65d0e3f00eb1097af7e60b4e8350b44cbdd?s=96&d=mm&r=g","contentUrl":"https:\/\/secure.gravatar.com\/avatar\/c91dc399e4ee6d8cd440fa180a43b65d0e3f00eb1097af7e60b4e8350b44cbdd?s=96&d=mm&r=g","caption":"Dragana Web"},"sameAs":["http:\/\/www.galerijamaticesrpske.rs\/staging"]}]}},"_links":{"self":[{"href":"https:\/\/www.galerijamaticesrpske.rs\/lat\/wp-json\/wp\/v2\/posts\/4059","targetHints":{"allow":["GET"]}}],"collection":[{"href":"https:\/\/www.galerijamaticesrpske.rs\/lat\/wp-json\/wp\/v2\/posts"}],"about":[{"href":"https:\/\/www.galerijamaticesrpske.rs\/lat\/wp-json\/wp\/v2\/types\/post"}],"author":[{"embeddable":true,"href":"https:\/\/www.galerijamaticesrpske.rs\/lat\/wp-json\/wp\/v2\/users\/1"}],"replies":[{"embeddable":true,"href":"https:\/\/www.galerijamaticesrpske.rs\/lat\/wp-json\/wp\/v2\/comments?post=4059"}],"version-history":[{"count":3,"href":"https:\/\/www.galerijamaticesrpske.rs\/lat\/wp-json\/wp\/v2\/posts\/4059\/revisions"}],"predecessor-version":[{"id":4092,"href":"https:\/\/www.galerijamaticesrpske.rs\/lat\/wp-json\/wp\/v2\/posts\/4059\/revisions\/4092"}],"wp:featuredmedia":[{"embeddable":true,"href":"https:\/\/www.galerijamaticesrpske.rs\/lat\/wp-json\/wp\/v2\/media\/3966"}],"wp:attachment":[{"href":"https:\/\/www.galerijamaticesrpske.rs\/lat\/wp-json\/wp\/v2\/media?parent=4059"}],"wp:term":[{"taxonomy":"category","embeddable":true,"href":"https:\/\/www.galerijamaticesrpske.rs\/lat\/wp-json\/wp\/v2\/categories?post=4059"},{"taxonomy":"post_tag","embeddable":true,"href":"https:\/\/www.galerijamaticesrpske.rs\/lat\/wp-json\/wp\/v2\/tags?post=4059"}],"curies":[{"name":"wp","href":"https:\/\/api.w.org\/{rel}","templated":true}]}}