{"id":4750,"date":"2021-05-20T07:57:56","date_gmt":"2021-05-20T07:57:56","guid":{"rendered":"https:\/\/www.galerijamaticesrpske.rs\/vesti-gms\/upravnica-galerije-matice-srpske-dobitnik-priznanja-muzejski-strucnjak-godine\/"},"modified":"2021-05-20T08:41:20","modified_gmt":"2021-05-20T08:41:20","slug":"upravnica-galerije-matice-srpske-dobitnik-priznanja-muzejski-strucnjak-godine","status":"publish","type":"post","link":"https:\/\/www.galerijamaticesrpske.rs\/lat\/vesti-gms\/upravnica-galerije-matice-srpske-dobitnik-priznanja-muzejski-strucnjak-godine\/","title":{"rendered":"Upravnica Galerije Matice srpske dobitnik priznanja Muzejski stru\u010dnjak godine"},"content":{"rendered":"\n<p>Na sve\u010danoj skup\u0161tini <strong>Nacionalnog komiteta ICOM Srbija<\/strong> odr\u017eanoj <strong>18. maja u Muzeju savremene umetnosti u Beogradu<\/strong>, dodeljene su godi\u0161nje nagrade za izuzetan doprinos razvoju muzejske delatnosti u Srbiji, tokom krizne 2020. godine. &nbsp;<\/p>\n\n\n\n<p>Me\u0111u pet nominovanih, koji su svojom delatno\u0161\u0107u postavili nove standarde muzejske delatnosti, titulu <strong>najboljeg muzejskog stru\u010dnjaka<\/strong> <strong>godine<\/strong> ponela je <strong>dr Tijana Palkovljevi\u0107 Bugarski, upravnica Galerije Matice srpske<\/strong>. Ovom prilikom istakla je \u201ekanidovanjem za nagradu \u017eelela sam da razbijem predsrasudu da se direktori ne bave stru\u010dnim poslovima u muzejima i da istovremeno uka\u017eem na raznolikost i diverzitet aktivnosti u savremenom muzeju\u201c Tako\u0111e, istakla je da je iako te\u0161ka, \u201eprethodna godina bila izazovna za sve, jer je otvorila mogu\u0107nost za posve\u0107ivanje razli\u010ditim oblicima muzejske delatnosti \u2013 od me\u0111unarodnih izlo\u017ebi, preko revizije muzejskog fonda, u\u010de\u0161\u0107a na me\u0111unarodnim konferencijama do izrade Zakona o muzejskoj delatnosti\u201c. Pored dr Tijane Palkovljevi\u0107 Bugarski, me\u0111u nominovanim iz Galerije Matice srpske bili su i Danilo Vuksanovi\u0107, vi\u0161i konzervator-restaurator u kategoriji <em>Muzejski stru\u010dnjak godine<\/em>, kao i publikacija <em>\u010ci\u0161\u0107enje slika i drugih polihromnih povr\u0161ina<\/em>, dr Daniele Korolije Crkvenjakov i dr Slobodana Gad\u017euri\u0107a u kategoriji <em>Publikacija godine<\/em>.<\/p>\n\n\n\n<p>Me\u0111u 46 prijavljenih kandidata u \u010detiri kategorije \u2013 Muzej (7), Muzejski stru\u010dnjak (5), Projekat (24) i Publikacija godine (9), Komisija za dodeljivanje nagrada je nominovala i usmerila pa\u017enju na 20 najkvalitetnijih i najinovativnijih pojedinca i muzejskih praksi. S obzirom da svrha dodele nagrada nije bila samo izabrati najbolje, ve\u0107 i usmeriti pa\u017enju na ljude i doga\u0111aje koji su obele\u017eili prethodnu godinu, kao i otvoriti mogu\u0107nosti za bolje upoznavanje muzejske scene u Srbiji, tokom aprila usledila je promocija nominovanih na dru\u0161tvenim mre\u017eama i na sajtu ICOM-a. Nakon promocije, svi aktivni \u010dlanovi ICOM-a, imali su pravo da glasaju u svakoj od kategorija, \u010dime je glasanje tokom ove godine demokratizovano i postavljeno kao iskaz profesionalne odgovornosti i svesti.<\/p>\n\n\n\n<p>Veliki broj prijavljenih kandidata, kao i kvalitet nominovanih, nedvosmisleno je ukazao da je muzejska scena Srbije pokazala neverovatnu spremnost da bude inventivna i kreativna, posebno imaju\u0107i u vidu pandemijske okolnosti tokom prethodne godine. Na ovaj na\u010din pokazano je da je muzej definitivno dobio bitku protiv mnogih zatvorenih vrata!<\/p>\n","protected":false},"excerpt":{"rendered":"<p>Na sve\u010danoj skup\u0161tini Nacionalnog komiteta ICOM Srbija odr\u017eanoj 18. maja u Muzeju savremene umetnosti u Beogradu, dodeljene su godi\u0161nje nagrade za izuzetan doprinos razvoju muzejske delatnosti u Srbiji, tokom krizne 2020. godine. &nbsp; Me\u0111u pet nominovanih, koji su svojom delatno\u0161\u0107u postavili nove standarde muzejske delatnosti, titulu najboljeg muzejskog stru\u010dnjaka godine ponela je dr Tijana Palkovljevi\u0107<\/p>\n","protected":false},"author":1,"featured_media":4719,"comment_status":"closed","ping_status":"closed","sticky":false,"template":"","format":"standard","meta":{"_acf_changed":false,"footnotes":""},"categories":[92],"tags":[],"class_list":["post-4750","post","type-post","status-publish","format-standard","has-post-thumbnail","hentry","category-vesti-gms"],"acf":[],"yoast_head":"<!-- This site is optimized with the Yoast SEO plugin v27.3 - https:\/\/yoast.com\/product\/yoast-seo-wordpress\/ -->\n<title>Upravnica Galerije Matice srpske dobitnik priznanja Muzejski stru\u010dnjak godine | Galerija Matice srpske<\/title>\n<meta name=\"robots\" content=\"index, follow, max-snippet:-1, max-image-preview:large, max-video-preview:-1\" \/>\n<link rel=\"canonical\" href=\"http:\/\/www.galerijamaticesrpske.rs\/lat\/vesti-gms\/upravnica-galerije-matice-srpske-dobitnik-priznanja-muzejski-strucnjak-godine\/\" \/>\n<meta property=\"og:locale\" content=\"en_US\" \/>\n<meta property=\"og:type\" content=\"article\" \/>\n<meta property=\"og:title\" content=\"Upravnica Galerije Matice srpske dobitnik priznanja Muzejski stru\u010dnjak godine | Galerija Matice srpske\" \/>\n<meta property=\"og:description\" content=\"Na sve\u010danoj skup\u0161tini Nacionalnog komiteta ICOM Srbija odr\u017eanoj 18. maja u Muzeju savremene umetnosti u Beogradu, dodeljene su godi\u0161nje nagrade za izuzetan doprinos razvoju muzejske delatnosti u Srbiji, tokom krizne 2020. godine. &nbsp; Me\u0111u pet nominovanih, koji su svojom delatno\u0161\u0107u postavili nove standarde muzejske delatnosti, titulu najboljeg muzejskog stru\u010dnjaka godine ponela je dr Tijana Palkovljevi\u0107\" \/>\n<meta property=\"og:url\" content=\"http:\/\/www.galerijamaticesrpske.rs\/lat\/vesti-gms\/upravnica-galerije-matice-srpske-dobitnik-priznanja-muzejski-strucnjak-godine\/\" \/>\n<meta property=\"og:site_name\" content=\"Galerija Matice srpske\" \/>\n<meta property=\"article:published_time\" content=\"2021-05-20T07:57:56+00:00\" \/>\n<meta property=\"article:modified_time\" content=\"2021-05-20T08:41:20+00:00\" \/>\n<meta property=\"og:image\" content=\"http:\/\/www.galerijamaticesrpske.rs\/wp-content\/uploads\/2021\/05\/foto-unutar-bloga_1080.jpg\" \/>\n\t<meta property=\"og:image:width\" content=\"1080\" \/>\n\t<meta property=\"og:image:height\" content=\"720\" \/>\n\t<meta property=\"og:image:type\" content=\"image\/jpeg\" \/>\n<meta name=\"author\" content=\"Dragana Web\" \/>\n<meta name=\"twitter:card\" content=\"summary_large_image\" \/>\n<meta name=\"twitter:label1\" content=\"Written by\" \/>\n\t<meta name=\"twitter:data1\" content=\"Dragana Web\" \/>\n\t<meta name=\"twitter:label2\" content=\"Est. reading time\" \/>\n\t<meta name=\"twitter:data2\" content=\"2 minutes\" \/>\n<script type=\"application\/ld+json\" class=\"yoast-schema-graph\">{\"@context\":\"https:\\\/\\\/schema.org\",\"@graph\":[{\"@type\":\"Article\",\"@id\":\"http:\\\/\\\/www.galerijamaticesrpske.rs\\\/lat\\\/vesti-gms\\\/upravnica-galerije-matice-srpske-dobitnik-priznanja-muzejski-strucnjak-godine\\\/#article\",\"isPartOf\":{\"@id\":\"http:\\\/\\\/www.galerijamaticesrpske.rs\\\/lat\\\/vesti-gms\\\/upravnica-galerije-matice-srpske-dobitnik-priznanja-muzejski-strucnjak-godine\\\/\"},\"author\":{\"name\":\"Dragana Web\",\"@id\":\"https:\\\/\\\/www.galerijamaticesrpske.rs\\\/#\\\/schema\\\/person\\\/b3a5440eb4e1460995926ada1fe50f30\"},\"headline\":\"Upravnica Galerije Matice srpske dobitnik priznanja Muzejski stru\u010dnjak godine\",\"datePublished\":\"2021-05-20T07:57:56+00:00\",\"dateModified\":\"2021-05-20T08:41:20+00:00\",\"mainEntityOfPage\":{\"@id\":\"http:\\\/\\\/www.galerijamaticesrpske.rs\\\/lat\\\/vesti-gms\\\/upravnica-galerije-matice-srpske-dobitnik-priznanja-muzejski-strucnjak-godine\\\/\"},\"wordCount\":378,\"publisher\":{\"@id\":\"https:\\\/\\\/www.galerijamaticesrpske.rs\\\/#organization\"},\"image\":{\"@id\":\"http:\\\/\\\/www.galerijamaticesrpske.rs\\\/lat\\\/vesti-gms\\\/upravnica-galerije-matice-srpske-dobitnik-priznanja-muzejski-strucnjak-godine\\\/#primaryimage\"},\"thumbnailUrl\":\"https:\\\/\\\/www.galerijamaticesrpske.rs\\\/wp-content\\\/uploads\\\/2021\\\/05\\\/foto-unutar-bloga_1080.jpg\",\"articleSection\":[\"Vesti\"],\"inLanguage\":\"sr-LAT\"},{\"@type\":\"WebPage\",\"@id\":\"http:\\\/\\\/www.galerijamaticesrpske.rs\\\/lat\\\/vesti-gms\\\/upravnica-galerije-matice-srpske-dobitnik-priznanja-muzejski-strucnjak-godine\\\/\",\"url\":\"http:\\\/\\\/www.galerijamaticesrpske.rs\\\/lat\\\/vesti-gms\\\/upravnica-galerije-matice-srpske-dobitnik-priznanja-muzejski-strucnjak-godine\\\/\",\"name\":\"Upravnica Galerije Matice srpske dobitnik priznanja Muzejski stru\u010dnjak godine | Galerija Matice srpske\",\"isPartOf\":{\"@id\":\"https:\\\/\\\/www.galerijamaticesrpske.rs\\\/#website\"},\"primaryImageOfPage\":{\"@id\":\"http:\\\/\\\/www.galerijamaticesrpske.rs\\\/lat\\\/vesti-gms\\\/upravnica-galerije-matice-srpske-dobitnik-priznanja-muzejski-strucnjak-godine\\\/#primaryimage\"},\"image\":{\"@id\":\"http:\\\/\\\/www.galerijamaticesrpske.rs\\\/lat\\\/vesti-gms\\\/upravnica-galerije-matice-srpske-dobitnik-priznanja-muzejski-strucnjak-godine\\\/#primaryimage\"},\"thumbnailUrl\":\"https:\\\/\\\/www.galerijamaticesrpske.rs\\\/wp-content\\\/uploads\\\/2021\\\/05\\\/foto-unutar-bloga_1080.jpg\",\"datePublished\":\"2021-05-20T07:57:56+00:00\",\"dateModified\":\"2021-05-20T08:41:20+00:00\",\"breadcrumb\":{\"@id\":\"http:\\\/\\\/www.galerijamaticesrpske.rs\\\/lat\\\/vesti-gms\\\/upravnica-galerije-matice-srpske-dobitnik-priznanja-muzejski-strucnjak-godine\\\/#breadcrumb\"},\"inLanguage\":\"sr-LAT\",\"potentialAction\":[{\"@type\":\"ReadAction\",\"target\":[\"http:\\\/\\\/www.galerijamaticesrpske.rs\\\/lat\\\/vesti-gms\\\/upravnica-galerije-matice-srpske-dobitnik-priznanja-muzejski-strucnjak-godine\\\/\"]}]},{\"@type\":\"ImageObject\",\"inLanguage\":\"sr-LAT\",\"@id\":\"http:\\\/\\\/www.galerijamaticesrpske.rs\\\/lat\\\/vesti-gms\\\/upravnica-galerije-matice-srpske-dobitnik-priznanja-muzejski-strucnjak-godine\\\/#primaryimage\",\"url\":\"https:\\\/\\\/www.galerijamaticesrpske.rs\\\/wp-content\\\/uploads\\\/2021\\\/05\\\/foto-unutar-bloga_1080.jpg\",\"contentUrl\":\"https:\\\/\\\/www.galerijamaticesrpske.rs\\\/wp-content\\\/uploads\\\/2021\\\/05\\\/foto-unutar-bloga_1080.jpg\",\"width\":1080,\"height\":720,\"caption\":\"\u0423\u043f\u0440\u0430\u0432\u043d\u0438\u0446\u0430 \u0413\u0430\u043b\u0435\u0440\u0438\u0458\u0435 \u041c\u0430\u0442\u0438\u0446\u0435 \u0441\u0440\u043f\u0441\u043a\u0435 \u0434\u043e\u0431\u0438\u0442\u043d\u0438\u043a \u043f\u0440\u0438\u0437\u043d\u0430\u045a\u0430 \u041c\u0443\u0437\u0435\u0458\u0441\u043a\u0438 \u0441\u0442\u0440\u0443\u0447\u045a\u0430\u043a \u0433\u043e\u0434\u0438\u043d\"},{\"@type\":\"BreadcrumbList\",\"@id\":\"http:\\\/\\\/www.galerijamaticesrpske.rs\\\/lat\\\/vesti-gms\\\/upravnica-galerije-matice-srpske-dobitnik-priznanja-muzejski-strucnjak-godine\\\/#breadcrumb\",\"itemListElement\":[{\"@type\":\"ListItem\",\"position\":1,\"name\":\"\u041f\u043e\u0447\u0435\u0442\u043d\u0430\",\"item\":\"http:\\\/\\\/www.galerijamaticesrpske.rs\\\/lat\\\/\"},{\"@type\":\"ListItem\",\"position\":2,\"name\":\"Upravnica Galerije Matice srpske dobitnik priznanja Muzejski stru\u010dnjak godine\"}]},{\"@type\":\"WebSite\",\"@id\":\"https:\\\/\\\/www.galerijamaticesrpske.rs\\\/#website\",\"url\":\"https:\\\/\\\/www.galerijamaticesrpske.rs\\\/\",\"name\":\"Galerija Matice srpske\",\"description\":\"Muzej srpske nacionalne umetnosti u Novom Sadu\",\"publisher\":{\"@id\":\"https:\\\/\\\/www.galerijamaticesrpske.rs\\\/#organization\"},\"potentialAction\":[{\"@type\":\"SearchAction\",\"target\":{\"@type\":\"EntryPoint\",\"urlTemplate\":\"https:\\\/\\\/www.galerijamaticesrpske.rs\\\/?s={search_term_string}\"},\"query-input\":{\"@type\":\"PropertyValueSpecification\",\"valueRequired\":true,\"valueName\":\"search_term_string\"}}],\"inLanguage\":\"sr-LAT\"},{\"@type\":\"Organization\",\"@id\":\"https:\\\/\\\/www.galerijamaticesrpske.rs\\\/#organization\",\"name\":\"Galerija Matice srpske\",\"url\":\"https:\\\/\\\/www.galerijamaticesrpske.rs\\\/\",\"logo\":{\"@type\":\"ImageObject\",\"inLanguage\":\"sr-LAT\",\"@id\":\"https:\\\/\\\/www.galerijamaticesrpske.rs\\\/#\\\/schema\\\/logo\\\/image\\\/\",\"url\":\"https:\\\/\\\/www.galerijamaticesrpske.rs\\\/wp-content\\\/uploads\\\/2021\\\/01\\\/gms-logo-za-sajt.svg\",\"contentUrl\":\"https:\\\/\\\/www.galerijamaticesrpske.rs\\\/wp-content\\\/uploads\\\/2021\\\/01\\\/gms-logo-za-sajt.svg\",\"width\":1,\"height\":1,\"caption\":\"Galerija Matice srpske\"},\"image\":{\"@id\":\"https:\\\/\\\/www.galerijamaticesrpske.rs\\\/#\\\/schema\\\/logo\\\/image\\\/\"}},{\"@type\":\"Person\",\"@id\":\"https:\\\/\\\/www.galerijamaticesrpske.rs\\\/#\\\/schema\\\/person\\\/b3a5440eb4e1460995926ada1fe50f30\",\"name\":\"Dragana Web\",\"image\":{\"@type\":\"ImageObject\",\"inLanguage\":\"sr-LAT\",\"@id\":\"https:\\\/\\\/secure.gravatar.com\\\/avatar\\\/c91dc399e4ee6d8cd440fa180a43b65d0e3f00eb1097af7e60b4e8350b44cbdd?s=96&d=mm&r=g\",\"url\":\"https:\\\/\\\/secure.gravatar.com\\\/avatar\\\/c91dc399e4ee6d8cd440fa180a43b65d0e3f00eb1097af7e60b4e8350b44cbdd?s=96&d=mm&r=g\",\"contentUrl\":\"https:\\\/\\\/secure.gravatar.com\\\/avatar\\\/c91dc399e4ee6d8cd440fa180a43b65d0e3f00eb1097af7e60b4e8350b44cbdd?s=96&d=mm&r=g\",\"caption\":\"Dragana Web\"},\"sameAs\":[\"http:\\\/\\\/www.galerijamaticesrpske.rs\\\/staging\"]}]}<\/script>\n<!-- \/ Yoast SEO plugin. -->","yoast_head_json":{"title":"Upravnica Galerije Matice srpske dobitnik priznanja Muzejski stru\u010dnjak godine | Galerija Matice srpske","robots":{"index":"index","follow":"follow","max-snippet":"max-snippet:-1","max-image-preview":"max-image-preview:large","max-video-preview":"max-video-preview:-1"},"canonical":"http:\/\/www.galerijamaticesrpske.rs\/lat\/vesti-gms\/upravnica-galerije-matice-srpske-dobitnik-priznanja-muzejski-strucnjak-godine\/","og_locale":"en_US","og_type":"article","og_title":"Upravnica Galerije Matice srpske dobitnik priznanja Muzejski stru\u010dnjak godine | Galerija Matice srpske","og_description":"Na sve\u010danoj skup\u0161tini Nacionalnog komiteta ICOM Srbija odr\u017eanoj 18. maja u Muzeju savremene umetnosti u Beogradu, dodeljene su godi\u0161nje nagrade za izuzetan doprinos razvoju muzejske delatnosti u Srbiji, tokom krizne 2020. godine. &nbsp; Me\u0111u pet nominovanih, koji su svojom delatno\u0161\u0107u postavili nove standarde muzejske delatnosti, titulu najboljeg muzejskog stru\u010dnjaka godine ponela je dr Tijana Palkovljevi\u0107","og_url":"http:\/\/www.galerijamaticesrpske.rs\/lat\/vesti-gms\/upravnica-galerije-matice-srpske-dobitnik-priznanja-muzejski-strucnjak-godine\/","og_site_name":"Galerija Matice srpske","article_published_time":"2021-05-20T07:57:56+00:00","article_modified_time":"2021-05-20T08:41:20+00:00","og_image":[{"width":1080,"height":720,"url":"http:\/\/www.galerijamaticesrpske.rs\/wp-content\/uploads\/2021\/05\/foto-unutar-bloga_1080.jpg","type":"image\/jpeg"}],"author":"Dragana Web","twitter_card":"summary_large_image","twitter_misc":{"Written by":"Dragana Web","Est. reading time":"2 minutes"},"schema":{"@context":"https:\/\/schema.org","@graph":[{"@type":"Article","@id":"http:\/\/www.galerijamaticesrpske.rs\/lat\/vesti-gms\/upravnica-galerije-matice-srpske-dobitnik-priznanja-muzejski-strucnjak-godine\/#article","isPartOf":{"@id":"http:\/\/www.galerijamaticesrpske.rs\/lat\/vesti-gms\/upravnica-galerije-matice-srpske-dobitnik-priznanja-muzejski-strucnjak-godine\/"},"author":{"name":"Dragana Web","@id":"https:\/\/www.galerijamaticesrpske.rs\/#\/schema\/person\/b3a5440eb4e1460995926ada1fe50f30"},"headline":"Upravnica Galerije Matice srpske dobitnik priznanja Muzejski stru\u010dnjak godine","datePublished":"2021-05-20T07:57:56+00:00","dateModified":"2021-05-20T08:41:20+00:00","mainEntityOfPage":{"@id":"http:\/\/www.galerijamaticesrpske.rs\/lat\/vesti-gms\/upravnica-galerije-matice-srpske-dobitnik-priznanja-muzejski-strucnjak-godine\/"},"wordCount":378,"publisher":{"@id":"https:\/\/www.galerijamaticesrpske.rs\/#organization"},"image":{"@id":"http:\/\/www.galerijamaticesrpske.rs\/lat\/vesti-gms\/upravnica-galerije-matice-srpske-dobitnik-priznanja-muzejski-strucnjak-godine\/#primaryimage"},"thumbnailUrl":"https:\/\/www.galerijamaticesrpske.rs\/wp-content\/uploads\/2021\/05\/foto-unutar-bloga_1080.jpg","articleSection":["Vesti"],"inLanguage":"sr-LAT"},{"@type":"WebPage","@id":"http:\/\/www.galerijamaticesrpske.rs\/lat\/vesti-gms\/upravnica-galerije-matice-srpske-dobitnik-priznanja-muzejski-strucnjak-godine\/","url":"http:\/\/www.galerijamaticesrpske.rs\/lat\/vesti-gms\/upravnica-galerije-matice-srpske-dobitnik-priznanja-muzejski-strucnjak-godine\/","name":"Upravnica Galerije Matice srpske dobitnik priznanja Muzejski stru\u010dnjak godine | Galerija Matice srpske","isPartOf":{"@id":"https:\/\/www.galerijamaticesrpske.rs\/#website"},"primaryImageOfPage":{"@id":"http:\/\/www.galerijamaticesrpske.rs\/lat\/vesti-gms\/upravnica-galerije-matice-srpske-dobitnik-priznanja-muzejski-strucnjak-godine\/#primaryimage"},"image":{"@id":"http:\/\/www.galerijamaticesrpske.rs\/lat\/vesti-gms\/upravnica-galerije-matice-srpske-dobitnik-priznanja-muzejski-strucnjak-godine\/#primaryimage"},"thumbnailUrl":"https:\/\/www.galerijamaticesrpske.rs\/wp-content\/uploads\/2021\/05\/foto-unutar-bloga_1080.jpg","datePublished":"2021-05-20T07:57:56+00:00","dateModified":"2021-05-20T08:41:20+00:00","breadcrumb":{"@id":"http:\/\/www.galerijamaticesrpske.rs\/lat\/vesti-gms\/upravnica-galerije-matice-srpske-dobitnik-priznanja-muzejski-strucnjak-godine\/#breadcrumb"},"inLanguage":"sr-LAT","potentialAction":[{"@type":"ReadAction","target":["http:\/\/www.galerijamaticesrpske.rs\/lat\/vesti-gms\/upravnica-galerije-matice-srpske-dobitnik-priznanja-muzejski-strucnjak-godine\/"]}]},{"@type":"ImageObject","inLanguage":"sr-LAT","@id":"http:\/\/www.galerijamaticesrpske.rs\/lat\/vesti-gms\/upravnica-galerije-matice-srpske-dobitnik-priznanja-muzejski-strucnjak-godine\/#primaryimage","url":"https:\/\/www.galerijamaticesrpske.rs\/wp-content\/uploads\/2021\/05\/foto-unutar-bloga_1080.jpg","contentUrl":"https:\/\/www.galerijamaticesrpske.rs\/wp-content\/uploads\/2021\/05\/foto-unutar-bloga_1080.jpg","width":1080,"height":720,"caption":"\u0423\u043f\u0440\u0430\u0432\u043d\u0438\u0446\u0430 \u0413\u0430\u043b\u0435\u0440\u0438\u0458\u0435 \u041c\u0430\u0442\u0438\u0446\u0435 \u0441\u0440\u043f\u0441\u043a\u0435 \u0434\u043e\u0431\u0438\u0442\u043d\u0438\u043a \u043f\u0440\u0438\u0437\u043d\u0430\u045a\u0430 \u041c\u0443\u0437\u0435\u0458\u0441\u043a\u0438 \u0441\u0442\u0440\u0443\u0447\u045a\u0430\u043a \u0433\u043e\u0434\u0438\u043d"},{"@type":"BreadcrumbList","@id":"http:\/\/www.galerijamaticesrpske.rs\/lat\/vesti-gms\/upravnica-galerije-matice-srpske-dobitnik-priznanja-muzejski-strucnjak-godine\/#breadcrumb","itemListElement":[{"@type":"ListItem","position":1,"name":"\u041f\u043e\u0447\u0435\u0442\u043d\u0430","item":"http:\/\/www.galerijamaticesrpske.rs\/lat\/"},{"@type":"ListItem","position":2,"name":"Upravnica Galerije Matice srpske dobitnik priznanja Muzejski stru\u010dnjak godine"}]},{"@type":"WebSite","@id":"https:\/\/www.galerijamaticesrpske.rs\/#website","url":"https:\/\/www.galerijamaticesrpske.rs\/","name":"Galerija Matice srpske","description":"Muzej srpske nacionalne umetnosti u Novom Sadu","publisher":{"@id":"https:\/\/www.galerijamaticesrpske.rs\/#organization"},"potentialAction":[{"@type":"SearchAction","target":{"@type":"EntryPoint","urlTemplate":"https:\/\/www.galerijamaticesrpske.rs\/?s={search_term_string}"},"query-input":{"@type":"PropertyValueSpecification","valueRequired":true,"valueName":"search_term_string"}}],"inLanguage":"sr-LAT"},{"@type":"Organization","@id":"https:\/\/www.galerijamaticesrpske.rs\/#organization","name":"Galerija Matice srpske","url":"https:\/\/www.galerijamaticesrpske.rs\/","logo":{"@type":"ImageObject","inLanguage":"sr-LAT","@id":"https:\/\/www.galerijamaticesrpske.rs\/#\/schema\/logo\/image\/","url":"https:\/\/www.galerijamaticesrpske.rs\/wp-content\/uploads\/2021\/01\/gms-logo-za-sajt.svg","contentUrl":"https:\/\/www.galerijamaticesrpske.rs\/wp-content\/uploads\/2021\/01\/gms-logo-za-sajt.svg","width":1,"height":1,"caption":"Galerija Matice srpske"},"image":{"@id":"https:\/\/www.galerijamaticesrpske.rs\/#\/schema\/logo\/image\/"}},{"@type":"Person","@id":"https:\/\/www.galerijamaticesrpske.rs\/#\/schema\/person\/b3a5440eb4e1460995926ada1fe50f30","name":"Dragana Web","image":{"@type":"ImageObject","inLanguage":"sr-LAT","@id":"https:\/\/secure.gravatar.com\/avatar\/c91dc399e4ee6d8cd440fa180a43b65d0e3f00eb1097af7e60b4e8350b44cbdd?s=96&d=mm&r=g","url":"https:\/\/secure.gravatar.com\/avatar\/c91dc399e4ee6d8cd440fa180a43b65d0e3f00eb1097af7e60b4e8350b44cbdd?s=96&d=mm&r=g","contentUrl":"https:\/\/secure.gravatar.com\/avatar\/c91dc399e4ee6d8cd440fa180a43b65d0e3f00eb1097af7e60b4e8350b44cbdd?s=96&d=mm&r=g","caption":"Dragana Web"},"sameAs":["http:\/\/www.galerijamaticesrpske.rs\/staging"]}]}},"_links":{"self":[{"href":"https:\/\/www.galerijamaticesrpske.rs\/lat\/wp-json\/wp\/v2\/posts\/4750","targetHints":{"allow":["GET"]}}],"collection":[{"href":"https:\/\/www.galerijamaticesrpske.rs\/lat\/wp-json\/wp\/v2\/posts"}],"about":[{"href":"https:\/\/www.galerijamaticesrpske.rs\/lat\/wp-json\/wp\/v2\/types\/post"}],"author":[{"embeddable":true,"href":"https:\/\/www.galerijamaticesrpske.rs\/lat\/wp-json\/wp\/v2\/users\/1"}],"replies":[{"embeddable":true,"href":"https:\/\/www.galerijamaticesrpske.rs\/lat\/wp-json\/wp\/v2\/comments?post=4750"}],"version-history":[{"count":1,"href":"https:\/\/www.galerijamaticesrpske.rs\/lat\/wp-json\/wp\/v2\/posts\/4750\/revisions"}],"predecessor-version":[{"id":4751,"href":"https:\/\/www.galerijamaticesrpske.rs\/lat\/wp-json\/wp\/v2\/posts\/4750\/revisions\/4751"}],"wp:featuredmedia":[{"embeddable":true,"href":"https:\/\/www.galerijamaticesrpske.rs\/lat\/wp-json\/wp\/v2\/media\/4719"}],"wp:attachment":[{"href":"https:\/\/www.galerijamaticesrpske.rs\/lat\/wp-json\/wp\/v2\/media?parent=4750"}],"wp:term":[{"taxonomy":"category","embeddable":true,"href":"https:\/\/www.galerijamaticesrpske.rs\/lat\/wp-json\/wp\/v2\/categories?post=4750"},{"taxonomy":"post_tag","embeddable":true,"href":"https:\/\/www.galerijamaticesrpske.rs\/lat\/wp-json\/wp\/v2\/tags?post=4750"}],"curies":[{"name":"wp","href":"https:\/\/api.w.org\/{rel}","templated":true}]}}