{"id":6257,"date":"2022-01-21T14:32:45","date_gmt":"2022-01-21T14:32:45","guid":{"rendered":"https:\/\/www.galerijamaticesrpske.rs\/?p=6257"},"modified":"2022-01-21T14:39:12","modified_gmt":"2022-01-21T14:39:12","slug":"scenografija-zlocina","status":"publish","type":"post","link":"https:\/\/www.galerijamaticesrpske.rs\/lat\/vesti-gms\/scenografija-zlocina\/","title":{"rendered":"Scenografija zlo\u010dina"},"content":{"rendered":"\n<p>Milenko \u0160erban, <em>Racija<\/em>, 1947-1948.<\/p>\n\n\n\n<p>Pi\u0161e: Danilo Vuksanovi\u0107<\/p>\n\n\n\n<p>U brojnim izvorima motivacije povodi za realizacije slika su umnogome uslovljeni naslagama prethodnika i njihovim dometima. Novo umetni\u010dko delo je mogu\u0107e ostvariti u dosluhu sa nasle\u0111em \u010dime dodatno tuma\u010dimo istorijski sled, dopunjuju\u0107i plodove umetnosti iz neponovljivog, sopstvenog ugla posmatranja. Godi\u0161njice i jubileji poma\u017eu da bolje razumemo vreme koje je pro\u0161lo a \u010desto osvrtanje ka pro\u0161losti sli\u010dno je tumaranju mra\u010dnim hodnicima u neispitanom lavirintu koji nas svakim korakom upu\u0107uje na nesagledivo mno\u0161tvo izbora. Ipak, u toj kreativnoj nelagodi u\u010dimo i sazrevamo uvi\u0111aju\u0107i nijanse umetni\u010dkog dela \u2013 slojevitosti sklapanja zami\u0161ljenog.<\/p>\n\n\n\n<p>Naro\u010dito zahtevan posao za umetnike jeste povratak na istorijski doga\u0111aj kome nisu prisustvovali, ili su od drugih o njemu slu\u0161ali kao neposredni savremenici (\u0160erban godine okupacije u Drugom svetskom ratu provodi u Beogradu). Osim godina i osnovnih podataka, su\u0161tine doga\u0111aja i drugog, umetnik je zapravo prepu\u0161ten samom sebi da u subjektivnom fondu prona\u0111e dovoljno sna\u017ean pokreta\u010d, gra\u0111u od koje \u0107e poku\u0161ati da sagradi ubedljivo umetni\u010dko delo. Milenko \u0160erban, usudio je da se obrati jednom takvom doga\u0111aju slikarskim na\u010dinom i stvorio jaku likovnu pripovest, reminiscenciju na tragi\u010dna tri dana, na pogrom poznat pod \u201erazvodnjenim\u201c nazivom <em>Novosadska Racija<\/em>, koji se zbio 1942. godine u Novom Sadu ali i u \u010ditavoj \u0160ajka\u0161koj oblasti. Slika pod istim nazivom \u2013 <em>Racija<\/em>, nastala je 1945\/46. godine (84,5 h 135,6 cm) a manja vremenska distanca kao da je pomogla \u0160erbanu da u\u010dini realnim ono \u0161to danas retko ko mo\u017ee i da zamisli. Na platnu je u koloritu netipi\u010dnom za slikara \u017eivih boja fovisti\u010dke i divlje snage, prikazana slo\u017eena scena, kao zamrznuta u ledenom \u010dasu prikupljanja \u017ertava. Utisak koji nas obuzima dok posmatramo ovu sliku meri se i\u0161\u010ditavanjem nikad utvr\u0111ene liste stradalih na kojoj se, pored Srba, Jevreja i Roma nalaze i sve druge nacionalnosti koje danas \u017eive u vi\u0161enacionalnoj Vojvodini.<\/p>\n\n\n\n<p>Razvu\u010denim pogledom koji \u017eelimo \u0161to pre da zaboravimo, \u0160erban je polo\u017eio ispred sebe sceni\u010dnost slikarske ideje kojoj se predao. Tra\u017eio je upori\u0161ta i razmi\u0161ljao koji su mu elementi potrebni kako bi sliku o stra\u0161nom zlo\u010dinu \u0161to vernije do\u010darao. Setio se snega i leda i smrti na njoj. Likovnost je svedena na osnovne elemente. Jedini aktivni \u010dinioci na slici su nemilosrdnici, do\u0161li ispreka kako bi zauvek ostavili svoj ubila\u010dki trag. Mo\u017eda je zato slika <em>Racija<\/em> horizontalno organizovana, a njen uko\u010deni zakovitlani kompozicioni sklop formiran je u nekoliko planova, u blago uzlaznom slaganju dijagonalnih i jedne horizontalne linije. Poput groba koji plovi.<\/p>\n\n\n\n<p>Prvim planom dominira figura \u017eene, poklekla u stranu pred uzdignutim stubom bedema, pod jezivom zimzelenom senkom drveta koje iza njega izviruje. Leva ruka joj je pala na krilo otvorena prema gore. dok joj je desna ruka skrivena u smaknutoj bundi. Kao da se i dalje oslanja na nju, pognute glave u stranu, sa crvenom razvezenom maramom kao jedinim toplim pigmentom na celoj slici. Istori\u010darka umetnosti Irina Suboti\u0107 u monografiji o Milenku \u0160erbanu pi\u0161e o ovoj slici da je to \u201canga\u017eovana kompozicija herojskog sadr\u017eaja, koja kroz dramati\u010dno osvetljenje i op\u0161te sivilo, led, hladno\u0107u, maglu i tminu, dobija akcente crvenom bojom koji vode poreklo od delakroaovskog tonaliteta sa <em>Pokolja na Hiosu<\/em>, koji je \u0160erban posebno voleo. Istovremeno, bez patetike i suvi\u0161ne naracije u atmosferi zatamnjenog ambijenta pru\u017ea uzbudljivu sliku te\u0161kih, istinitih doga\u0111aja na Dunavskom keju, sa stamenom tvr\u0111avom u daljini, \u017ertvama u mraku i svekolikim ose\u0107ajem strave\u201d.<a href=\"#_ftn1\">[1]<\/a><\/p>\n\n\n\n<p>Sa leve strane kompozicije, kada posmatramo prvi plan slike na donjoj ivici, ta\u010dno na sredini izviruju dva bosa stopala. Odatle prema sredini slike sme\u0111i trag vodi ka telu mu\u0161karca u mrkom odelu. Izme\u0111u stopala i njega postoji izvesna tajnovitost i posmatra\u010du otvara dilemu. Da li noge koje vire pripadaju telu koje je ostavilo trag ili je to trag tela mrtvog mu\u0161karca kojeg vidimo u blago pomerenom delu slike &#8211; gde nam se prvo oko zaustavi? &nbsp;Koji je bio smer, pitamo se, jer su detalji slikaru katkad preko potrebni. Njegova desna ruka je smrtno zgr\u010dena, umro je na svojoj levoj, ispru\u017eenoj. Prljavi tonovi na licu kosturske grimase su pod vertikalom vojnika, za tre\u0107inu ni\u017eim od stuba bedema. To je ukru\u0107eni nemi posmatra\u010d, \u010duvar zlo\u010dina\u010dkog \u010dina &#8211; sakupljanja tela i uklanjanja dokaza u bolesnoj kolekciji prekinutih \u017eivota.<\/p>\n\n\n\n<p>U desni donji ugao slike \u0160erban je smestio jo\u0161 jednu \u017eensku \u017ertvu sa sme\u0111om maramom na glavi. Ona le\u017ei preko svoje desne ruke a lik joj je nazna\u010den sivim tonovima okrenut prema belini snega. Fon donje zone slike prekriven je sivo belom (pokrivenu snegom) povr\u0161inom po kojoj su tragovi hladno plave, svetlo sme\u0111e ili ljubi\u010daste boje. Nema jasnih senki, sve je posledica \u010dina. Slika <em>Racija <\/em>izgleda kao provu\u010dena kroz plavo sivi filter a potezi su u svrsi obele\u017eavanja mutnog i hladnog sivila smrti. Dominacija smrti svedena je na uobi\u010dajeni zadatak, mahinalnu operaciju \u2013 izvr\u0161enje. Stra\u017ear ovoga zlo\u010dina prikazan je kao zdepasti vojnik sa brkovima \u010dija glava je upala u \u0161injel. Ova ni\u017ea, karikaturalna vertikala desni je krak zami\u0161ljenog krsta. Drugi je ugao bedema i \u017eena uz njega, a \u017ertve u sredini, sa tragovima tela koji zlo\u010dinci vuku, simboli\u0161u put u ledenu grobnicu Dunava. Put smrti.<\/p>\n\n\n\n<p>Odakle pomisao da \u0107e ova silna reka primiti ubijene \u017eene, mu\u0161karce, decu i starce i potom nastaviti mirno da te\u010de pod te\u0161kim plo\u010dama leda kao svedocima?<\/p>\n\n\n\n<p>Dok posmatramo brdo nabacanih tela bez reda, u smaknutom piramidalnom punktu ulevo pred kona\u010dni nestanak, vidimo siluete onih koji ih povla\u010de i preme\u0161taju, zlotvora koji u ime ne\u010dastivog igraju samrtni ples. Njihove povijene figure usled tereta su u izmaglici neodre\u0111enih linija. Tako su naslikani nesoji-ubice nakon \u0161to oduzmu \u017eivot. Sa leve strane, u drugom planu iza bedema, uzdi\u017ee se dvoroga drvena skalamerija sa tablom, pred ku\u0107icom, centrom suludog sabirali\u0161ta sa gustim nanosom plavobele boje umesto krova. Poslednju stanicu \u201cla\u0111ara bez skele\u201d, u podno\u017eju zidina Petrovaradinske tvr\u0111ave, pod horizontalom smrtne provalije, koju u u\u017easu mo\u017eemo naslutiti, \u0160erban bele\u017ei hitrim potezima, kao da \u017eeli \u0161to pre da pretr\u010di pored tragi\u010dnog sudili\u0161ta. Posvetiv\u0161i svoj potez mra\u010dnim silama neobja\u0161njive destrukcije, bez obzira da li je video jezive fotografije ovog zlo\u010dina po novosadskim ulicama, slikar Milenko \u0160erban znao je da nije mogao da izabere te\u017ei zadatak. Ne\u0161to ga je nagonilo da na platnu trajno zaustavi se\u0107anje na ono \u0161to imena nema, na bolni \u010das iz istorije grada koji je toliko voleo. Ljubav prema slici nekad polazi iz ugla koji drugi te\u0161ko razumeju. Malo je slika zlo\u010dina u odnosu na to koliko ih je na zemlji bilo. To znaju slikari.<a href=\"#_ftn2\">[2]<\/a><\/p>\n\n\n\n<p>Zato i(h) slikaju.<\/p>\n\n\n\n<hr class=\"wp-block-separator\"\/>\n\n\n\n<p><a href=\"#_ftnref1\">[1]<\/a> Irina Suboti\u0107, <em>Milenko \u0160erban<\/em>, Novi Sad, 1997. 36-37.<\/p>\n\n\n\n<p><a href=\"#_ftnref2\">[2]<\/a> Jedan od najperspektivnijih, Bogdan \u0160uput nestao je u ovom pogromu.<\/p>\n","protected":false},"excerpt":{"rendered":"<p>Milenko \u0160erban, Racija, 1947-1948. Pi\u0161e: Danilo Vuksanovi\u0107 U brojnim izvorima motivacije povodi za realizacije slika su umnogome uslovljeni naslagama prethodnika i njihovim dometima. Novo umetni\u010dko delo je mogu\u0107e ostvariti u dosluhu sa nasle\u0111em \u010dime dodatno tuma\u010dimo istorijski sled, dopunjuju\u0107i plodove umetnosti iz neponovljivog, sopstvenog ugla posmatranja. Godi\u0161njice i jubileji poma\u017eu da bolje razumemo vreme koje<\/p>\n","protected":false},"author":2,"featured_media":6258,"comment_status":"closed","ping_status":"closed","sticky":false,"template":"","format":"standard","meta":{"_acf_changed":false,"footnotes":""},"categories":[92],"tags":[],"class_list":["post-6257","post","type-post","status-publish","format-standard","has-post-thumbnail","hentry","category-vesti-gms"],"acf":[],"yoast_head":"<!-- This site is optimized with the Yoast SEO plugin v27.3 - https:\/\/yoast.com\/product\/yoast-seo-wordpress\/ -->\n<title>Scenografija zlo\u010dina | Galerija Matice srpske<\/title>\n<meta name=\"robots\" content=\"index, follow, max-snippet:-1, max-image-preview:large, max-video-preview:-1\" \/>\n<link rel=\"canonical\" href=\"http:\/\/www.galerijamaticesrpske.rs\/lat\/vesti-gms\/scenografija-zlocina\/\" \/>\n<meta property=\"og:locale\" content=\"en_US\" \/>\n<meta property=\"og:type\" content=\"article\" \/>\n<meta property=\"og:title\" content=\"Scenografija zlo\u010dina | Galerija Matice srpske\" \/>\n<meta property=\"og:description\" content=\"Milenko \u0160erban, Racija, 1947-1948. Pi\u0161e: Danilo Vuksanovi\u0107 U brojnim izvorima motivacije povodi za realizacije slika su umnogome uslovljeni naslagama prethodnika i njihovim dometima. Novo umetni\u010dko delo je mogu\u0107e ostvariti u dosluhu sa nasle\u0111em \u010dime dodatno tuma\u010dimo istorijski sled, dopunjuju\u0107i plodove umetnosti iz neponovljivog, sopstvenog ugla posmatranja. Godi\u0161njice i jubileji poma\u017eu da bolje razumemo vreme koje\" \/>\n<meta property=\"og:url\" content=\"http:\/\/www.galerijamaticesrpske.rs\/lat\/vesti-gms\/scenografija-zlocina\/\" \/>\n<meta property=\"og:site_name\" content=\"Galerija Matice srpske\" \/>\n<meta property=\"article:published_time\" content=\"2022-01-21T14:32:45+00:00\" \/>\n<meta property=\"article:modified_time\" content=\"2022-01-21T14:39:12+00:00\" \/>\n<meta property=\"og:image\" content=\"http:\/\/www.galerijamaticesrpske.rs\/wp-content\/uploads\/2022\/01\/racija-milenko-serban-sredjena-scaled.jpg\" \/>\n\t<meta property=\"og:image:width\" content=\"2560\" \/>\n\t<meta property=\"og:image:height\" content=\"1616\" \/>\n\t<meta property=\"og:image:type\" content=\"image\/jpeg\" \/>\n<meta name=\"author\" content=\"Jelena GMS\" \/>\n<meta name=\"twitter:card\" content=\"summary_large_image\" \/>\n<meta name=\"twitter:label1\" content=\"Written by\" \/>\n\t<meta name=\"twitter:data1\" content=\"Jelena GMS\" \/>\n\t<meta name=\"twitter:label2\" content=\"Est. reading time\" \/>\n\t<meta name=\"twitter:data2\" content=\"6 minutes\" \/>\n<script type=\"application\/ld+json\" class=\"yoast-schema-graph\">{\"@context\":\"https:\\\/\\\/schema.org\",\"@graph\":[{\"@type\":\"Article\",\"@id\":\"http:\\\/\\\/www.galerijamaticesrpske.rs\\\/lat\\\/vesti-gms\\\/scenografija-zlocina\\\/#article\",\"isPartOf\":{\"@id\":\"http:\\\/\\\/www.galerijamaticesrpske.rs\\\/lat\\\/vesti-gms\\\/scenografija-zlocina\\\/\"},\"author\":{\"name\":\"Jelena GMS\",\"@id\":\"http:\\\/\\\/www.galerijamaticesrpske.rs\\\/#\\\/schema\\\/person\\\/cd7cf801d7fcb10a165f8407e502944b\"},\"headline\":\"Scenografija zlo\u010dina\",\"datePublished\":\"2022-01-21T14:32:45+00:00\",\"dateModified\":\"2022-01-21T14:39:12+00:00\",\"mainEntityOfPage\":{\"@id\":\"http:\\\/\\\/www.galerijamaticesrpske.rs\\\/lat\\\/vesti-gms\\\/scenografija-zlocina\\\/\"},\"wordCount\":1188,\"publisher\":{\"@id\":\"http:\\\/\\\/www.galerijamaticesrpske.rs\\\/#organization\"},\"image\":{\"@id\":\"http:\\\/\\\/www.galerijamaticesrpske.rs\\\/lat\\\/vesti-gms\\\/scenografija-zlocina\\\/#primaryimage\"},\"thumbnailUrl\":\"https:\\\/\\\/www.galerijamaticesrpske.rs\\\/wp-content\\\/uploads\\\/2022\\\/01\\\/racija-milenko-serban-sredjena-scaled.jpg\",\"articleSection\":[\"Vesti\"],\"inLanguage\":\"sr-LAT\"},{\"@type\":\"WebPage\",\"@id\":\"http:\\\/\\\/www.galerijamaticesrpske.rs\\\/lat\\\/vesti-gms\\\/scenografija-zlocina\\\/\",\"url\":\"http:\\\/\\\/www.galerijamaticesrpske.rs\\\/lat\\\/vesti-gms\\\/scenografija-zlocina\\\/\",\"name\":\"Scenografija zlo\u010dina | Galerija Matice srpske\",\"isPartOf\":{\"@id\":\"http:\\\/\\\/www.galerijamaticesrpske.rs\\\/#website\"},\"primaryImageOfPage\":{\"@id\":\"http:\\\/\\\/www.galerijamaticesrpske.rs\\\/lat\\\/vesti-gms\\\/scenografija-zlocina\\\/#primaryimage\"},\"image\":{\"@id\":\"http:\\\/\\\/www.galerijamaticesrpske.rs\\\/lat\\\/vesti-gms\\\/scenografija-zlocina\\\/#primaryimage\"},\"thumbnailUrl\":\"https:\\\/\\\/www.galerijamaticesrpske.rs\\\/wp-content\\\/uploads\\\/2022\\\/01\\\/racija-milenko-serban-sredjena-scaled.jpg\",\"datePublished\":\"2022-01-21T14:32:45+00:00\",\"dateModified\":\"2022-01-21T14:39:12+00:00\",\"breadcrumb\":{\"@id\":\"http:\\\/\\\/www.galerijamaticesrpske.rs\\\/lat\\\/vesti-gms\\\/scenografija-zlocina\\\/#breadcrumb\"},\"inLanguage\":\"sr-LAT\",\"potentialAction\":[{\"@type\":\"ReadAction\",\"target\":[\"http:\\\/\\\/www.galerijamaticesrpske.rs\\\/lat\\\/vesti-gms\\\/scenografija-zlocina\\\/\"]}]},{\"@type\":\"ImageObject\",\"inLanguage\":\"sr-LAT\",\"@id\":\"http:\\\/\\\/www.galerijamaticesrpske.rs\\\/lat\\\/vesti-gms\\\/scenografija-zlocina\\\/#primaryimage\",\"url\":\"https:\\\/\\\/www.galerijamaticesrpske.rs\\\/wp-content\\\/uploads\\\/2022\\\/01\\\/racija-milenko-serban-sredjena-scaled.jpg\",\"contentUrl\":\"https:\\\/\\\/www.galerijamaticesrpske.rs\\\/wp-content\\\/uploads\\\/2022\\\/01\\\/racija-milenko-serban-sredjena-scaled.jpg\",\"width\":2560,\"height\":1616},{\"@type\":\"BreadcrumbList\",\"@id\":\"http:\\\/\\\/www.galerijamaticesrpske.rs\\\/lat\\\/vesti-gms\\\/scenografija-zlocina\\\/#breadcrumb\",\"itemListElement\":[{\"@type\":\"ListItem\",\"position\":1,\"name\":\"\u041f\u043e\u0447\u0435\u0442\u043d\u0430\",\"item\":\"http:\\\/\\\/www.galerijamaticesrpske.rs\\\/lat\\\/\"},{\"@type\":\"ListItem\",\"position\":2,\"name\":\"Scenografija zlo\u010dina\"}]},{\"@type\":\"WebSite\",\"@id\":\"http:\\\/\\\/www.galerijamaticesrpske.rs\\\/#website\",\"url\":\"http:\\\/\\\/www.galerijamaticesrpske.rs\\\/\",\"name\":\"Galerija Matice srpske\",\"description\":\"Muzej srpske nacionalne umetnosti u Novom Sadu\",\"publisher\":{\"@id\":\"http:\\\/\\\/www.galerijamaticesrpske.rs\\\/#organization\"},\"potentialAction\":[{\"@type\":\"SearchAction\",\"target\":{\"@type\":\"EntryPoint\",\"urlTemplate\":\"http:\\\/\\\/www.galerijamaticesrpske.rs\\\/?s={search_term_string}\"},\"query-input\":{\"@type\":\"PropertyValueSpecification\",\"valueRequired\":true,\"valueName\":\"search_term_string\"}}],\"inLanguage\":\"sr-LAT\"},{\"@type\":\"Organization\",\"@id\":\"http:\\\/\\\/www.galerijamaticesrpske.rs\\\/#organization\",\"name\":\"Galerija Matice srpske\",\"url\":\"http:\\\/\\\/www.galerijamaticesrpske.rs\\\/\",\"logo\":{\"@type\":\"ImageObject\",\"inLanguage\":\"sr-LAT\",\"@id\":\"http:\\\/\\\/www.galerijamaticesrpske.rs\\\/#\\\/schema\\\/logo\\\/image\\\/\",\"url\":\"https:\\\/\\\/www.galerijamaticesrpske.rs\\\/wp-content\\\/uploads\\\/2021\\\/01\\\/gms-logo-za-sajt.svg\",\"contentUrl\":\"https:\\\/\\\/www.galerijamaticesrpske.rs\\\/wp-content\\\/uploads\\\/2021\\\/01\\\/gms-logo-za-sajt.svg\",\"width\":1,\"height\":1,\"caption\":\"Galerija Matice srpske\"},\"image\":{\"@id\":\"http:\\\/\\\/www.galerijamaticesrpske.rs\\\/#\\\/schema\\\/logo\\\/image\\\/\"}},{\"@type\":\"Person\",\"@id\":\"http:\\\/\\\/www.galerijamaticesrpske.rs\\\/#\\\/schema\\\/person\\\/cd7cf801d7fcb10a165f8407e502944b\",\"name\":\"Jelena GMS\",\"image\":{\"@type\":\"ImageObject\",\"inLanguage\":\"sr-LAT\",\"@id\":\"https:\\\/\\\/secure.gravatar.com\\\/avatar\\\/d97cc9c9ff00ecfcae2d4161f8d50f74465676163393192de390634ca0095b9d?s=96&d=mm&r=g\",\"url\":\"https:\\\/\\\/secure.gravatar.com\\\/avatar\\\/d97cc9c9ff00ecfcae2d4161f8d50f74465676163393192de390634ca0095b9d?s=96&d=mm&r=g\",\"contentUrl\":\"https:\\\/\\\/secure.gravatar.com\\\/avatar\\\/d97cc9c9ff00ecfcae2d4161f8d50f74465676163393192de390634ca0095b9d?s=96&d=mm&r=g\",\"caption\":\"Jelena GMS\"}}]}<\/script>\n<!-- \/ Yoast SEO plugin. -->","yoast_head_json":{"title":"Scenografija zlo\u010dina | Galerija Matice srpske","robots":{"index":"index","follow":"follow","max-snippet":"max-snippet:-1","max-image-preview":"max-image-preview:large","max-video-preview":"max-video-preview:-1"},"canonical":"http:\/\/www.galerijamaticesrpske.rs\/lat\/vesti-gms\/scenografija-zlocina\/","og_locale":"en_US","og_type":"article","og_title":"Scenografija zlo\u010dina | Galerija Matice srpske","og_description":"Milenko \u0160erban, Racija, 1947-1948. Pi\u0161e: Danilo Vuksanovi\u0107 U brojnim izvorima motivacije povodi za realizacije slika su umnogome uslovljeni naslagama prethodnika i njihovim dometima. Novo umetni\u010dko delo je mogu\u0107e ostvariti u dosluhu sa nasle\u0111em \u010dime dodatno tuma\u010dimo istorijski sled, dopunjuju\u0107i plodove umetnosti iz neponovljivog, sopstvenog ugla posmatranja. Godi\u0161njice i jubileji poma\u017eu da bolje razumemo vreme koje","og_url":"http:\/\/www.galerijamaticesrpske.rs\/lat\/vesti-gms\/scenografija-zlocina\/","og_site_name":"Galerija Matice srpske","article_published_time":"2022-01-21T14:32:45+00:00","article_modified_time":"2022-01-21T14:39:12+00:00","og_image":[{"width":2560,"height":1616,"url":"http:\/\/www.galerijamaticesrpske.rs\/wp-content\/uploads\/2022\/01\/racija-milenko-serban-sredjena-scaled.jpg","type":"image\/jpeg"}],"author":"Jelena GMS","twitter_card":"summary_large_image","twitter_misc":{"Written by":"Jelena GMS","Est. reading time":"6 minutes"},"schema":{"@context":"https:\/\/schema.org","@graph":[{"@type":"Article","@id":"http:\/\/www.galerijamaticesrpske.rs\/lat\/vesti-gms\/scenografija-zlocina\/#article","isPartOf":{"@id":"http:\/\/www.galerijamaticesrpske.rs\/lat\/vesti-gms\/scenografija-zlocina\/"},"author":{"name":"Jelena GMS","@id":"http:\/\/www.galerijamaticesrpske.rs\/#\/schema\/person\/cd7cf801d7fcb10a165f8407e502944b"},"headline":"Scenografija zlo\u010dina","datePublished":"2022-01-21T14:32:45+00:00","dateModified":"2022-01-21T14:39:12+00:00","mainEntityOfPage":{"@id":"http:\/\/www.galerijamaticesrpske.rs\/lat\/vesti-gms\/scenografija-zlocina\/"},"wordCount":1188,"publisher":{"@id":"http:\/\/www.galerijamaticesrpske.rs\/#organization"},"image":{"@id":"http:\/\/www.galerijamaticesrpske.rs\/lat\/vesti-gms\/scenografija-zlocina\/#primaryimage"},"thumbnailUrl":"https:\/\/www.galerijamaticesrpske.rs\/wp-content\/uploads\/2022\/01\/racija-milenko-serban-sredjena-scaled.jpg","articleSection":["Vesti"],"inLanguage":"sr-LAT"},{"@type":"WebPage","@id":"http:\/\/www.galerijamaticesrpske.rs\/lat\/vesti-gms\/scenografija-zlocina\/","url":"http:\/\/www.galerijamaticesrpske.rs\/lat\/vesti-gms\/scenografija-zlocina\/","name":"Scenografija zlo\u010dina | Galerija Matice srpske","isPartOf":{"@id":"http:\/\/www.galerijamaticesrpske.rs\/#website"},"primaryImageOfPage":{"@id":"http:\/\/www.galerijamaticesrpske.rs\/lat\/vesti-gms\/scenografija-zlocina\/#primaryimage"},"image":{"@id":"http:\/\/www.galerijamaticesrpske.rs\/lat\/vesti-gms\/scenografija-zlocina\/#primaryimage"},"thumbnailUrl":"https:\/\/www.galerijamaticesrpske.rs\/wp-content\/uploads\/2022\/01\/racija-milenko-serban-sredjena-scaled.jpg","datePublished":"2022-01-21T14:32:45+00:00","dateModified":"2022-01-21T14:39:12+00:00","breadcrumb":{"@id":"http:\/\/www.galerijamaticesrpske.rs\/lat\/vesti-gms\/scenografija-zlocina\/#breadcrumb"},"inLanguage":"sr-LAT","potentialAction":[{"@type":"ReadAction","target":["http:\/\/www.galerijamaticesrpske.rs\/lat\/vesti-gms\/scenografija-zlocina\/"]}]},{"@type":"ImageObject","inLanguage":"sr-LAT","@id":"http:\/\/www.galerijamaticesrpske.rs\/lat\/vesti-gms\/scenografija-zlocina\/#primaryimage","url":"https:\/\/www.galerijamaticesrpske.rs\/wp-content\/uploads\/2022\/01\/racija-milenko-serban-sredjena-scaled.jpg","contentUrl":"https:\/\/www.galerijamaticesrpske.rs\/wp-content\/uploads\/2022\/01\/racija-milenko-serban-sredjena-scaled.jpg","width":2560,"height":1616},{"@type":"BreadcrumbList","@id":"http:\/\/www.galerijamaticesrpske.rs\/lat\/vesti-gms\/scenografija-zlocina\/#breadcrumb","itemListElement":[{"@type":"ListItem","position":1,"name":"\u041f\u043e\u0447\u0435\u0442\u043d\u0430","item":"http:\/\/www.galerijamaticesrpske.rs\/lat\/"},{"@type":"ListItem","position":2,"name":"Scenografija zlo\u010dina"}]},{"@type":"WebSite","@id":"http:\/\/www.galerijamaticesrpske.rs\/#website","url":"http:\/\/www.galerijamaticesrpske.rs\/","name":"Galerija Matice srpske","description":"Muzej srpske nacionalne umetnosti u Novom Sadu","publisher":{"@id":"http:\/\/www.galerijamaticesrpske.rs\/#organization"},"potentialAction":[{"@type":"SearchAction","target":{"@type":"EntryPoint","urlTemplate":"http:\/\/www.galerijamaticesrpske.rs\/?s={search_term_string}"},"query-input":{"@type":"PropertyValueSpecification","valueRequired":true,"valueName":"search_term_string"}}],"inLanguage":"sr-LAT"},{"@type":"Organization","@id":"http:\/\/www.galerijamaticesrpske.rs\/#organization","name":"Galerija Matice srpske","url":"http:\/\/www.galerijamaticesrpske.rs\/","logo":{"@type":"ImageObject","inLanguage":"sr-LAT","@id":"http:\/\/www.galerijamaticesrpske.rs\/#\/schema\/logo\/image\/","url":"https:\/\/www.galerijamaticesrpske.rs\/wp-content\/uploads\/2021\/01\/gms-logo-za-sajt.svg","contentUrl":"https:\/\/www.galerijamaticesrpske.rs\/wp-content\/uploads\/2021\/01\/gms-logo-za-sajt.svg","width":1,"height":1,"caption":"Galerija Matice srpske"},"image":{"@id":"http:\/\/www.galerijamaticesrpske.rs\/#\/schema\/logo\/image\/"}},{"@type":"Person","@id":"http:\/\/www.galerijamaticesrpske.rs\/#\/schema\/person\/cd7cf801d7fcb10a165f8407e502944b","name":"Jelena GMS","image":{"@type":"ImageObject","inLanguage":"sr-LAT","@id":"https:\/\/secure.gravatar.com\/avatar\/d97cc9c9ff00ecfcae2d4161f8d50f74465676163393192de390634ca0095b9d?s=96&d=mm&r=g","url":"https:\/\/secure.gravatar.com\/avatar\/d97cc9c9ff00ecfcae2d4161f8d50f74465676163393192de390634ca0095b9d?s=96&d=mm&r=g","contentUrl":"https:\/\/secure.gravatar.com\/avatar\/d97cc9c9ff00ecfcae2d4161f8d50f74465676163393192de390634ca0095b9d?s=96&d=mm&r=g","caption":"Jelena GMS"}}]}},"_links":{"self":[{"href":"https:\/\/www.galerijamaticesrpske.rs\/lat\/wp-json\/wp\/v2\/posts\/6257","targetHints":{"allow":["GET"]}}],"collection":[{"href":"https:\/\/www.galerijamaticesrpske.rs\/lat\/wp-json\/wp\/v2\/posts"}],"about":[{"href":"https:\/\/www.galerijamaticesrpske.rs\/lat\/wp-json\/wp\/v2\/types\/post"}],"author":[{"embeddable":true,"href":"https:\/\/www.galerijamaticesrpske.rs\/lat\/wp-json\/wp\/v2\/users\/2"}],"replies":[{"embeddable":true,"href":"https:\/\/www.galerijamaticesrpske.rs\/lat\/wp-json\/wp\/v2\/comments?post=6257"}],"version-history":[{"count":3,"href":"https:\/\/www.galerijamaticesrpske.rs\/lat\/wp-json\/wp\/v2\/posts\/6257\/revisions"}],"predecessor-version":[{"id":6280,"href":"https:\/\/www.galerijamaticesrpske.rs\/lat\/wp-json\/wp\/v2\/posts\/6257\/revisions\/6280"}],"wp:featuredmedia":[{"embeddable":true,"href":"https:\/\/www.galerijamaticesrpske.rs\/lat\/wp-json\/wp\/v2\/media\/6258"}],"wp:attachment":[{"href":"https:\/\/www.galerijamaticesrpske.rs\/lat\/wp-json\/wp\/v2\/media?parent=6257"}],"wp:term":[{"taxonomy":"category","embeddable":true,"href":"https:\/\/www.galerijamaticesrpske.rs\/lat\/wp-json\/wp\/v2\/categories?post=6257"},{"taxonomy":"post_tag","embeddable":true,"href":"https:\/\/www.galerijamaticesrpske.rs\/lat\/wp-json\/wp\/v2\/tags?post=6257"}],"curies":[{"name":"wp","href":"https:\/\/api.w.org\/{rel}","templated":true}]}}